{"id":21392,"date":"2023-10-31T11:05:17","date_gmt":"2023-10-31T11:05:17","guid":{"rendered":"https:\/\/www.salvatorianas.org.br\/blog\/?p=21392"},"modified":"2023-10-31T12:16:58","modified_gmt":"2023-10-31T12:16:58","slug":"comunicado-de-falecimento-44","status":"publish","type":"post","link":"https:\/\/www.salvatorianas.org.br\/blog\/comunicado-de-falecimento-44\/","title":{"rendered":"COMUNICADO DE FALECIMENTO"},"content":{"rendered":"\n<p><strong>\u201c<em>Existem muitas moradas na casa de meu Pai. Se n\u00e3o fosse assim, eu lhes teria dito, porque vou preparar um lugar para voc\u00eas. E quando eu for e lhes tiver preparado um lugar, voltarei e levarei voc\u00eas comigo, para que onde eu estiver, estejam voc\u00eas tamb\u00e9m\u201d. (Jo\u00e3o 14, 2-3)<\/em><\/strong><\/p>\n\n\n\n<p><strong>Ir. L\u00facia Szelung<\/strong> com 86 anos de idade e 61 anos como Irm\u00e3 Salvatoriana recebe o \u00faltimo chamado de Deus para o encontro definitivo com Ele<em>.<\/em><\/p>\n\n\n\n<p>Comunicamos o seu falecimento ocorrido hoje, dia 31 de outubro de 2023, em Passo Fundo\/RS.<\/p>\n\n\n\n<p>N\u00f3s, Im\u00e3s Salvatorianas e familiares compartilhamos esse momento de f\u00e9, de entrega e louvor a Deus Salvador pela vida dessa nossa querida irm\u00e3.<\/p>\n\n\n\n<p>&nbsp;Seu vel\u00f3rio acontecer\u00e1 na Capela da Vila Planaltina em Passo Fundo\/RS e o seu sepultamento, hoje, &nbsp;\u00e0s 16 horas no Cemit\u00e9rio Memorial da Paz, em Passo Fundo\/RS.<\/p>\n\n\n\n<p>Nossa f\u00e9 est\u00e1 fundamentada, alicer\u00e7ada na ressurrei\u00e7\u00e3o porque Deus nos criou \u00e0 sua imagem para algo al\u00e9m do que n\u00f3s podemos experimentar aqui e agora. Descanse em paz, <strong>Ir. L\u00facia<\/strong>. Obrigada por sua vida doada na miss\u00e3o salvatoriana.<\/p>\n","protected":false},"excerpt":{"rendered":"<p>\u201cExistem muitas moradas na casa de meu Pai. Se n\u00e3o fosse assim, eu lhes teria dito, porque vou preparar um lugar para voc\u00eas. E quando eu for e lhes tiver preparado um lugar,&#8230;<\/p>\n","protected":false},"author":2,"featured_media":21394,"comment_status":"open","ping_status":"open","sticky":false,"template":"","format":"standard","meta":[],"categories":[1],"tags":[],"_links":{"self":[{"href":"https:\/\/www.salvatorianas.org.br\/blog\/wp-json\/wp\/v2\/posts\/21392"}],"collection":[{"href":"https:\/\/www.salvatorianas.org.br\/blog\/wp-json\/wp\/v2\/posts"}],"about":[{"href":"https:\/\/www.salvatorianas.org.br\/blog\/wp-json\/wp\/v2\/types\/post"}],"author":[{"embeddable":true,"href":"https:\/\/www.salvatorianas.org.br\/blog\/wp-json\/wp\/v2\/users\/2"}],"replies":[{"embeddable":true,"href":"https:\/\/www.salvatorianas.org.br\/blog\/wp-json\/wp\/v2\/comments?post=21392"}],"version-history":[{"count":1,"href":"https:\/\/www.salvatorianas.org.br\/blog\/wp-json\/wp\/v2\/posts\/21392\/revisions"}],"predecessor-version":[{"id":21393,"href":"https:\/\/www.salvatorianas.org.br\/blog\/wp-json\/wp\/v2\/posts\/21392\/revisions\/21393"}],"wp:featuredmedia":[{"embeddable":true,"href":"https:\/\/www.salvatorianas.org.br\/blog\/wp-json\/wp\/v2\/media\/21394"}],"wp:attachment":[{"href":"https:\/\/www.salvatorianas.org.br\/blog\/wp-json\/wp\/v2\/media?parent=21392"}],"wp:term":[{"taxonomy":"category","embeddable":true,"href":"https:\/\/www.salvatorianas.org.br\/blog\/wp-json\/wp\/v2\/categories?post=21392"},{"taxonomy":"post_tag","embeddable":true,"href":"https:\/\/www.salvatorianas.org.br\/blog\/wp-json\/wp\/v2\/tags?post=21392"}],"curies":[{"name":"wp","href":"https:\/\/api.w.org\/{rel}","templated":true}]}}