{"id":21388,"date":"2023-10-31T01:47:00","date_gmt":"2023-10-31T01:47:00","guid":{"rendered":"https:\/\/www.salvatorianas.org.br\/blog\/?p=21388"},"modified":"2023-10-30T19:54:16","modified_gmt":"2023-10-30T19:54:16","slug":"30a-semana-do-tempo-comum-ano-impar-i-2","status":"publish","type":"post","link":"https:\/\/www.salvatorianas.org.br\/blog\/30a-semana-do-tempo-comum-ano-impar-i-2\/","title":{"rendered":"30\u00aa Semana do Tempo Comum, Ano \u00cdmpar (I)"},"content":{"rendered":"\n<p>Exulte o cora\u00e7\u00e3o dos que buscam a Deus. Sim, buscai o Senhor e sua for\u00e7a, procurai sem cessar a sua face (Sl 104,3s).<\/p>\n\n\n\n<p><em>Os crist\u00e3os s\u00e3o convidados a aguardar com perseveran\u00e7a a plena transforma\u00e7\u00e3o do seu ser. O sofrimento do mundo assume, ent\u00e3o, um significado positivo: aparece como as dores que antecedem o parto. Renovemos nossa esperan\u00e7a na \u201cgl\u00f3ria futura\u201d, que advir\u00e1 com a consuma\u00e7\u00e3o do Reino de Deus.<\/em><\/p>\n\n\n\n<p>Primeira Leitura:&nbsp;<strong>Romanos 8,18-25<\/strong><\/p>\n\n\n\n<p>Leitura da carta de S\u00e3o Paulo aos Romanos \u2013 Irm\u00e3os,&nbsp;<sup>18<\/sup>eu entendo que os sofrimentos do tempo presente nem merecem ser comparados com a gl\u00f3ria que deve ser revelada em n\u00f3s.&nbsp;<sup>19<\/sup>De fato, toda a cria\u00e7\u00e3o est\u00e1 esperando ansiosamente o momento de se revelarem os filhos de Deus.&nbsp;<sup>20<\/sup>Pois a cria\u00e7\u00e3o ficou sujeita \u00e0 vaidade, n\u00e3o por sua livre vontade, mas por sua depend\u00eancia daquele que a sujeitou;&nbsp;<sup>21<\/sup>tamb\u00e9m ela espera ser libertada da escravid\u00e3o da corrup\u00e7\u00e3o e, assim, participar da liberdade e da gl\u00f3ria dos filhos de Deus.&nbsp;<sup>22<\/sup>Com efeito, sabemos que toda a cria\u00e7\u00e3o, at\u00e9 o tempo presente, est\u00e1 gemendo como que em dores de parto.&nbsp;<sup>23<\/sup>E n\u00e3o somente ela, mas n\u00f3s tamb\u00e9m, que temos os primeiros frutos do Esp\u00edrito, estamos interiormente gemendo, aguardando a ado\u00e7\u00e3o filial e a liberta\u00e7\u00e3o para o nosso corpo.&nbsp;<sup>24<\/sup>Pois j\u00e1 fomos salvos, mas na esperan\u00e7a. Ora, o objeto da esperan\u00e7a n\u00e3o \u00e9 aquilo que a gente est\u00e1 vendo; como pode algu\u00e9m esperar o que j\u00e1 v\u00ea?&nbsp;<sup>25<\/sup>Mas se esperamos o que n\u00e3o vemos, \u00e9 porque o estamos aguardando mediante a perseveran\u00e7a. \u2013 Palavra do Senhor.<\/p>\n\n\n\n<p>Salmo Responsorial:&nbsp;<strong>125(126)<\/strong><\/p>\n\n\n\n<p><em><strong>Maravilhas fez conosco o Senhor!<\/strong><\/em><\/p>\n\n\n\n<p>1. Quando o Senhor reconduziu nossos cativos,&nbsp;\/&nbsp;parec\u00edamos sonhar;&nbsp;\/&nbsp;encheu-se de sorriso nossa boca,&nbsp;\/&nbsp;nossos l\u00e1bios, de can\u00e7\u00f5es.&nbsp;\u2013 R.<\/p>\n\n\n\n<p>2. Entre os gentios se dizia: \u201cMaravilhas&nbsp;\/&nbsp;fez com eles o Senhor!\u201d&nbsp;\/&nbsp;Sim, maravilhas fez conosco o Senhor,&nbsp;\/&nbsp;exultemos de alegria!&nbsp;\u2013 R.<\/p>\n\n\n\n<p>3. Mudai a nossa sorte, \u00f3 Senhor,&nbsp;\/&nbsp;como torrentes no deserto.&nbsp;\/&nbsp;Os que lan\u00e7am as sementes entre l\u00e1grimas&nbsp;\/&nbsp;ceifar\u00e3o com alegria.&nbsp;\u2013 R.<\/p>\n\n\n\n<p>4. Chorando de tristeza, sair\u00e3o,&nbsp;\/&nbsp;espalhando suas sementes;&nbsp;\/&nbsp;cantando de alegria, voltar\u00e3o,&nbsp;\/&nbsp;carregando os seus feixes!&nbsp;\u2013 R.<\/p>\n\n\n\n<p>Evangelho:&nbsp;<strong>Lucas 13,18-21<\/strong><\/p>\n\n\n\n<p><strong><em>Aleluia, aleluia, aleluia.<\/em><\/strong><\/p>\n\n\n\n<p><strong>Gra\u00e7as te dou, \u00f3 Pai,&nbsp;\/&nbsp;Senhor do c\u00e9u e da terra,&nbsp;\/&nbsp;pois revelaste os mist\u00e9rios do teu Reino aos pequeninos,&nbsp;\/&nbsp;escondendo-os aos doutores! (Mt 11,25)&nbsp;\u2013 R.<\/strong><\/p>\n\n\n\n<p>Proclama\u00e7\u00e3o do Evangelho de Jesus Cristo segundo Lucas \u2013 Naquele tempo,&nbsp;<sup>18<\/sup>Jesus dizia: \u201cA que \u00e9 semelhante o Reino de Deus e com que poderei compar\u00e1-lo?&nbsp;<sup>19<\/sup>Ele \u00e9 como a semente de mostarda, que um homem pega e atira no seu jardim. A semente cresce, torna-se uma grande \u00e1rvore, e as aves do c\u00e9u fazem ninhos nos seus ramos\u201d.&nbsp;<sup>20<\/sup>Jesus disse ainda: \u201cCom que poderei ainda comparar o Reino de Deus?&nbsp;<sup>21<\/sup>Ele \u00e9 como o fermento que uma mulher pega e mistura com tr\u00eas por\u00e7\u00f5es de farinha, at\u00e9 que tudo fique fermentado\u201d. \u2013 Palavra da salva\u00e7\u00e3o.<\/p>\n\n\n\n<p>Reflex\u00e3o:<\/p>\n\n\n\n<p><em>O Reino de Deus n\u00e3o se imp\u00f5e na base da for\u00e7a, da efic\u00e1cia, do n\u00famero, mas como semente e fermento. \u00c9 uma realidade discreta; \u00e9 o sopro do Esp\u00edrito que vai penetrando e transformando tudo a partir de dentro. A religi\u00e3o do Reino de Deus tem como protagonistas o homem e a mulher, isto \u00e9, o povo que, movido pelo Esp\u00edrito de Deus, diz palavras e realiza a\u00e7\u00f5es concretas e libertadoras. Portanto, a Igreja deve ser percebida, n\u00e3o pelos belos edif\u00edcios nem pelo barulho e presen\u00e7a massiva nos meios de comunica\u00e7\u00e3o, mas pela a\u00e7\u00e3o suave e persistente do Esp\u00edrito Santo, a\u00e7\u00e3o capaz de fermentar toda a comunidade e eva-la a assumir os servi\u00e7os relativos \u00e0s necessidades de todos, sobretudo dos marginalizados. Esta \u00e9 a comunidade viva que Deus espera. Este \u00e9 o Reino vivo e atuante de Deus.<\/em><\/p>\n","protected":false},"excerpt":{"rendered":"<p>Exulte o cora\u00e7\u00e3o dos que buscam a Deus. Sim, buscai o Senhor e sua for\u00e7a, procurai sem cessar a sua face (Sl 104,3s). Os crist\u00e3os s\u00e3o convidados a aguardar com perseveran\u00e7a a plena&#8230;<\/p>\n","protected":false},"author":2,"featured_media":21389,"comment_status":"open","ping_status":"open","sticky":false,"template":"","format":"standard","meta":[],"categories":[7],"tags":[],"_links":{"self":[{"href":"https:\/\/www.salvatorianas.org.br\/blog\/wp-json\/wp\/v2\/posts\/21388"}],"collection":[{"href":"https:\/\/www.salvatorianas.org.br\/blog\/wp-json\/wp\/v2\/posts"}],"about":[{"href":"https:\/\/www.salvatorianas.org.br\/blog\/wp-json\/wp\/v2\/types\/post"}],"author":[{"embeddable":true,"href":"https:\/\/www.salvatorianas.org.br\/blog\/wp-json\/wp\/v2\/users\/2"}],"replies":[{"embeddable":true,"href":"https:\/\/www.salvatorianas.org.br\/blog\/wp-json\/wp\/v2\/comments?post=21388"}],"version-history":[{"count":1,"href":"https:\/\/www.salvatorianas.org.br\/blog\/wp-json\/wp\/v2\/posts\/21388\/revisions"}],"predecessor-version":[{"id":21390,"href":"https:\/\/www.salvatorianas.org.br\/blog\/wp-json\/wp\/v2\/posts\/21388\/revisions\/21390"}],"wp:featuredmedia":[{"embeddable":true,"href":"https:\/\/www.salvatorianas.org.br\/blog\/wp-json\/wp\/v2\/media\/21389"}],"wp:attachment":[{"href":"https:\/\/www.salvatorianas.org.br\/blog\/wp-json\/wp\/v2\/media?parent=21388"}],"wp:term":[{"taxonomy":"category","embeddable":true,"href":"https:\/\/www.salvatorianas.org.br\/blog\/wp-json\/wp\/v2\/categories?post=21388"},{"taxonomy":"post_tag","embeddable":true,"href":"https:\/\/www.salvatorianas.org.br\/blog\/wp-json\/wp\/v2\/tags?post=21388"}],"curies":[{"name":"wp","href":"https:\/\/api.w.org\/{rel}","templated":true}]}}