{"id":21382,"date":"2023-10-29T01:20:00","date_gmt":"2023-10-29T01:20:00","guid":{"rendered":"https:\/\/www.salvatorianas.org.br\/blog\/?p=21382"},"modified":"2023-10-27T19:21:21","modified_gmt":"2023-10-27T19:21:21","slug":"30o-domingo-do-tempo-comum-ano-a","status":"publish","type":"post","link":"https:\/\/www.salvatorianas.org.br\/blog\/30o-domingo-do-tempo-comum-ano-a\/","title":{"rendered":"30\u00ba Domingo do Tempo Comum, Ano A"},"content":{"rendered":"\n<p>Exulte o cora\u00e7\u00e3o dos que buscam a Deus. Sim, buscai o Senhor e sua for\u00e7a, procurai sem cessar a sua face (Sl 104,3s).<\/p>\n\n\n\n<p><em>O amor a Deus e ao pr\u00f3ximo \u00e9 o centro da vida crist\u00e3. O Senhor, nossa for\u00e7a e salva\u00e7\u00e3o, nos une em torno da Eucaristia, express\u00e3o do seu amor misericordioso para com todos. Dispostos a viver sinodalmente a miss\u00e3o como identidade permanente de nossa comunidade de f\u00e9, com \u201cos cora\u00e7\u00f5es ardentes e os p\u00e9s a caminho\u201d, celebremos em comunh\u00e3o com os jovens neste dia nacional da juventude.<\/em><\/p>\n\n\n\n<p>Primeira Leitura:&nbsp;<strong>\u00caxodo 22,20-26<\/strong><\/p>\n\n\n\n<p>Leitura do livro do \u00caxodo \u2013 Assim diz o Senhor:&nbsp;<sup>20<\/sup>N\u00e3o oprimas nem maltrates o estrangeiro, pois v\u00f3s fostes estrangeiros na terra do Egito.&nbsp;<sup>21<\/sup>N\u00e3o fa\u00e7ais mal algum \u00e0 vi\u00fava nem ao \u00f3rf\u00e3o.&nbsp;<sup>22<\/sup>Se os maltratardes, gritar\u00e3o por mim e eu ouvirei o seu clamor.&nbsp;<sup>23<\/sup>Minha c\u00f3lera, ent\u00e3o, se inflamar\u00e1 e eu vos matarei \u00e0 espada; vossas mulheres ficar\u00e3o vi\u00favas, e \u00f3rf\u00e3os os vossos filhos.&nbsp;<sup>24<\/sup>Se emprestares dinheiro a algu\u00e9m do meu povo, a um pobre que vive ao teu lado, n\u00e3o sejas um usur\u00e1rio, dele cobrando juros.&nbsp;<sup>25<\/sup>Se tomares como penhor o manto do teu pr\u00f3ximo, dever\u00e1s devolv\u00ea-lo antes do p\u00f4r do sol.&nbsp;<sup>26<\/sup>Pois \u00e9 a \u00fanica veste que tem para o seu corpo, e coberta que ele tem para dormir. Se clamar por mim, eu o ouvirei, porque sou misericordioso. \u2013 Palavra do Senhor.<\/p>\n\n\n\n<p>Salmo Responsorial:&nbsp;<strong>17(18)<\/strong><\/p>\n\n\n\n<p><em><strong>Eu vos amo, \u00f3 Senhor, sois minha for\u00e7a e salva\u00e7\u00e3o.<\/strong><\/em><\/p>\n\n\n\n<p>1. Eu vos amo, \u00f3 Senhor! Sois minha for\u00e7a,&nbsp;\/&nbsp;minha rocha, meu ref\u00fagio e salvador!&nbsp;\/&nbsp;\u00d3 meu Deus, sois o rochedo que me abriga,&nbsp;\/&nbsp;minha for\u00e7a e poderosa salva\u00e7\u00e3o.&nbsp;\u2013 R.<\/p>\n\n\n\n<p>2. \u00d3 meu Deus, sois o rochedo que me abriga,&nbsp;\/&nbsp;sois meu escudo e prote\u00e7\u00e3o: em v\u00f3s espero!&nbsp;\/&nbsp;Invocarei o meu Senhor: a ele a gl\u00f3ria!&nbsp;\/&nbsp;E dos meus perseguidores serei salvo!&nbsp;\u2013 R.<\/p>\n\n\n\n<p>3. Viva o Senhor! Bendito seja o meu rochedo!&nbsp;\/&nbsp;E louvado seja Deus, meu salvador!&nbsp;\/&nbsp;Concedeis ao vosso rei grandes vit\u00f3rias&nbsp;\/&nbsp;e mostrais miseric\u00f3rdia ao vosso ungido.&nbsp;\u2013 R.<\/p>\n\n\n\n<p>Segunda Leitura:&nbsp;<strong>1 Tessalonicenses 1,5-10<\/strong><\/p>\n\n\n\n<p>Leitura da primeira carta de S\u00e3o Paulo aos Tessalonicenses \u2013 Irm\u00e3os,&nbsp;<sup>5<\/sup>sabeis de que maneira procedemos entre v\u00f3s, para o vosso bem.&nbsp;<sup>6<\/sup>E v\u00f3s vos tornastes imitadores nossos e do Senhor, acolhendo a Palavra com a alegria do Esp\u00edrito Santo, apesar de tantas tribula\u00e7\u00f5es.&nbsp;<sup>7<\/sup>Assim vos tornastes modelo para todos os fi\u00e9is da Maced\u00f4nia e da Acaia.&nbsp;<sup>8<\/sup>Com efeito, a partir de v\u00f3s, a Palavra do Senhor n\u00e3o se divulgou apenas na Maced\u00f4nia e na Acaia, mas a vossa f\u00e9 em Deus propagou-se por toda parte. Assim, n\u00f3s j\u00e1 nem precisamos de falar,&nbsp;<sup>9<\/sup>pois as pessoas mesmas contam como v\u00f3s nos acolhestes e como vos convertestes, abandonando os falsos deuses para servir ao Deus vivo e verdadeiro,&nbsp;<sup>10<\/sup>esperando dos c\u00e9us o seu Filho, a quem ele ressuscitou dentre os mortos: Jesus, que nos livra do castigo que est\u00e1 por vir. \u2013 Palavra do Senhor.<\/p>\n\n\n\n<p>Evangelho:&nbsp;<strong>Mateus 22,34-40<\/strong><\/p>\n\n\n\n<p><strong><em>Aleluia, aleluia, aleluia.<\/em><\/strong><\/p>\n\n\n\n<p><strong>Se algu\u00e9m me ama, guardar\u00e1 a minha palavra,&nbsp;\/&nbsp;e meu Pai o amar\u00e1, e a ele n\u00f3s viremos (Jo 14,23).&nbsp;\u2013 R.<\/strong><\/p>\n\n\n\n<p>Proclama\u00e7\u00e3o do Evangelho de Jesus Cristo segundo Mateus \u2013 Naquele tempo,&nbsp;<sup>34<\/sup>os fariseus ouviram dizer que Jesus tinha feito calar os saduceus. Ent\u00e3o eles se reuniram em grupo&nbsp;<sup>35<\/sup>e um deles perguntou a Jesus, para experiment\u00e1-lo:&nbsp;<sup>36<\/sup>\u201cMestre, qual \u00e9 o maior mandamento da Lei?\u201d&nbsp;<sup>37<\/sup>Jesus respondeu: \u201c\u2018Amar\u00e1s o Senhor teu Deus de todo o teu cora\u00e7\u00e3o, de toda a tua alma e de todo o teu entendimento!\u2019&nbsp;<sup>38<\/sup>Esse \u00e9 o maior e o primeiro mandamento.&nbsp;<sup>39<\/sup>O segundo \u00e9 semelhante a esse: \u2018Amar\u00e1s ao teu pr\u00f3ximo como a ti mesmo\u2019.&nbsp;<sup>40<\/sup>Toda a Lei e os Profetas dependem desses dois mandamentos\u201d. \u2013 Palavra da salva\u00e7\u00e3o.<\/p>\n\n\n\n<p>Reflex\u00e3o:<\/p>\n\n\n\n<p><em>Jesus unifica e p\u00f5e no mesmo n\u00edvel os dois mandamentos: amar a Deus e amar ao pr\u00f3ximo. A unidade do preceito \u00e9 insepar\u00e1vel. Em outras ocasi\u00f5es, Jesus ensina que o amor a Deus passa pelo amor ao pr\u00f3ximo: \u201cQuem acolhe voc\u00eas, est\u00e1 acolhendo a mim. E quem me acolhe, est\u00e1 acolhendo aquele que me enviou\u201d (Mt 10,40). E na cena do ju\u00edzo final, Jesus reafirmar\u00e1 que o amor a Deus \u00e9 demonstrado por atos pr\u00e1ticos: alimentar os pobres, vestir os nus, acolher os sem-teto (cf. Mt 25,31ss). O amor a Deus n\u00e3o exclui o amor ao ser humano. E servir o ser humano \u00e9 servir a Deus. Jesus nos ensina o modo de amar a Deus e ao pr\u00f3ximo. Em tudo realizou a vontade do Pai, e \u201ctendo amado os seus que estavam no mundo, amou-os at\u00e9 o fim\u201d (Jo 13,1), isto \u00e9, at\u00e9 as \u00faltimas consequ\u00eancias.<\/em><\/p>\n","protected":false},"excerpt":{"rendered":"<p>Exulte o cora\u00e7\u00e3o dos que buscam a Deus. Sim, buscai o Senhor e sua for\u00e7a, procurai sem cessar a sua face (Sl 104,3s). O amor a Deus e ao pr\u00f3ximo \u00e9 o centro&#8230;<\/p>\n","protected":false},"author":2,"featured_media":21383,"comment_status":"open","ping_status":"open","sticky":false,"template":"","format":"standard","meta":[],"categories":[7],"tags":[],"_links":{"self":[{"href":"https:\/\/www.salvatorianas.org.br\/blog\/wp-json\/wp\/v2\/posts\/21382"}],"collection":[{"href":"https:\/\/www.salvatorianas.org.br\/blog\/wp-json\/wp\/v2\/posts"}],"about":[{"href":"https:\/\/www.salvatorianas.org.br\/blog\/wp-json\/wp\/v2\/types\/post"}],"author":[{"embeddable":true,"href":"https:\/\/www.salvatorianas.org.br\/blog\/wp-json\/wp\/v2\/users\/2"}],"replies":[{"embeddable":true,"href":"https:\/\/www.salvatorianas.org.br\/blog\/wp-json\/wp\/v2\/comments?post=21382"}],"version-history":[{"count":1,"href":"https:\/\/www.salvatorianas.org.br\/blog\/wp-json\/wp\/v2\/posts\/21382\/revisions"}],"predecessor-version":[{"id":21384,"href":"https:\/\/www.salvatorianas.org.br\/blog\/wp-json\/wp\/v2\/posts\/21382\/revisions\/21384"}],"wp:featuredmedia":[{"embeddable":true,"href":"https:\/\/www.salvatorianas.org.br\/blog\/wp-json\/wp\/v2\/media\/21383"}],"wp:attachment":[{"href":"https:\/\/www.salvatorianas.org.br\/blog\/wp-json\/wp\/v2\/media?parent=21382"}],"wp:term":[{"taxonomy":"category","embeddable":true,"href":"https:\/\/www.salvatorianas.org.br\/blog\/wp-json\/wp\/v2\/categories?post=21382"},{"taxonomy":"post_tag","embeddable":true,"href":"https:\/\/www.salvatorianas.org.br\/blog\/wp-json\/wp\/v2\/tags?post=21382"}],"curies":[{"name":"wp","href":"https:\/\/api.w.org\/{rel}","templated":true}]}}