{"id":21379,"date":"2023-10-28T01:19:00","date_gmt":"2023-10-28T01:19:00","guid":{"rendered":"https:\/\/www.salvatorianas.org.br\/blog\/?p=21379"},"modified":"2023-10-27T19:20:36","modified_gmt":"2023-10-27T19:20:36","slug":"santos-simao-e-judas-apostolos-festa-ano-a","status":"publish","type":"post","link":"https:\/\/www.salvatorianas.org.br\/blog\/santos-simao-e-judas-apostolos-festa-ano-a\/","title":{"rendered":"Santos Sim\u00e3o e Judas, Ap\u00f3stolos, Festa, Ano A"},"content":{"rendered":"\n<p>No seu amor inabal\u00e1vel, o Senhor escolheu como ap\u00f3stolos Sim\u00e3o e Judas e lhes deu uma gl\u00f3ria eterna.<\/p>\n\n\n\n<p><em>Sim\u00e3o, o \u201cCananeu\u201d ou \u201cZelota\u201d, e Judas Tadeu foram chamados diretamente por Jesus. Seus nomes encontram-se em todas as listas dos ap\u00f3stolos. Judas tornou-se popular e \u00e9 cultuado como o padroeiro das causas desesperadas. O exemplo desses fi\u00e9is seguidores de Cristo nos estimule a manter a unidade na Igreja e nas fam\u00edlias.<\/em><\/p>\n\n\n\n<p>Primeira Leitura:&nbsp;<strong>Ef\u00e9sios 2,19-22<\/strong><\/p>\n\n\n\n<p>Leitura da carta de S\u00e3o Paulo aos Ef\u00e9sios \u2013 Irm\u00e3os,&nbsp;<sup>19<\/sup>j\u00e1 n\u00e3o sois mais estrangeiros nem migrantes, mas concidad\u00e3os dos santos. Sois da fam\u00edlia de Deus.&nbsp;<sup>20<\/sup>V\u00f3s fostes integrados no edif\u00edcio que tem como fundamento os ap\u00f3stolos e os profetas, e o pr\u00f3prio Jesus Cristo como pedra principal.&nbsp;<sup>21<\/sup>\u00c9 nele que toda a constru\u00e7\u00e3o se ajusta e se eleva para formar um templo santo no Senhor.&nbsp;<sup>22<\/sup>E v\u00f3s tamb\u00e9m sois integrados nessa constru\u00e7\u00e3o, para vos tornardes morada de Deus pelo Esp\u00edrito. \u2013 Palavra do Senhor.<\/p>\n\n\n\n<p>Salmo Responsorial:&nbsp;<strong>18(19A)<\/strong><\/p>\n\n\n\n<p><em><strong>Seu som ressoa e se espalha em toda a terra.<\/strong><\/em><\/p>\n\n\n\n<p>1. Os c\u00e9us proclamam a gl\u00f3ria do Senhor,&nbsp;\/&nbsp;e o firmamento, a obra de suas m\u00e3os;&nbsp;\/&nbsp;o dia ao dia transmite essa mensagem,&nbsp;\/&nbsp;a noite \u00e0 noite publica essa not\u00edcia.&nbsp;\u2013 R.<\/p>\n\n\n\n<p>2. N\u00e3o s\u00e3o discursos nem frases ou palavras,&nbsp;\/&nbsp;nem s\u00e3o vozes que possam ser ouvidas;&nbsp;\/&nbsp;seu som ressoa e se espalha em toda a terra,&nbsp;\/&nbsp;chega aos confins do universo a sua voz.&nbsp;\u2013 R.<\/p>\n\n\n\n<p>Evangelho:&nbsp;<strong>Lucas 6,12-19<\/strong><\/p>\n\n\n\n<p><strong><em>Aleluia<\/em><em>, aleluia, aleluia.<\/em><\/strong><\/p>\n\n\n\n<p><strong>A v\u00f3s, \u00f3 Deus, louvamos, a v\u00f3s, Senhor, cantamos;&nbsp;\/&nbsp;vos louva, \u00f3 Senhor, o coro dos ap\u00f3stolos!&nbsp;\u2013 R.<\/strong><\/p>\n\n\n\n<p>Proclama\u00e7\u00e3o do Evangelho de Jesus Cristo segundo Lucas \u2013&nbsp;<sup>12<\/sup>Naqueles dias, Jesus foi \u00e0 montanha para rezar. E passou a noite toda em ora\u00e7\u00e3o a Deus.&nbsp;<sup>13<\/sup>Ao amanhecer, chamou seus disc\u00edpulos e escolheu doze dentre eles, aos quais deu o nome de ap\u00f3stolos:&nbsp;<sup>14<\/sup>Sim\u00e3o, a quem imp\u00f4s o nome de Pedro, e seu irm\u00e3o Andr\u00e9; Tiago e Jo\u00e3o; Filipe e Bartolomeu;&nbsp;<sup>15<\/sup>Mateus e Tom\u00e9; Tiago, filho de Alfeu, e Sim\u00e3o, chamado Zelota;&nbsp;<sup>16<\/sup>Judas, filho de Tiago, e Judas Iscariotes, aquele que se tornou traidor.&nbsp;<sup>17<\/sup>Jesus desceu da montanha com eles e parou num lugar plano. Ali estavam muitos dos seus disc\u00edpulos e grande multid\u00e3o de gente de toda a Judeia e de Jerusal\u00e9m, do litoral de Tiro e Sid\u00f4nia.&nbsp;<sup>18<\/sup>Vieram para ouvir Jesus e serem curados de suas doen\u00e7as. E aqueles que estavam atormentados por esp\u00edritos maus tamb\u00e9m foram curados.&nbsp;<sup>19<\/sup>A multid\u00e3o toda procurava tocar em Jesus, porque uma for\u00e7a sa\u00eda dele e curava a todos. \u2013 Palavra da salva\u00e7\u00e3o.<\/p>\n\n\n\n<p>Reflex\u00e3o:<\/p>\n\n\n\n<p><em>Sim\u00e3o, um dos doze ap\u00f3stolos, teria pertencido ao grupo dos zelotas. Estes constitu\u00edam uma seita judaica que representava o extremo fanatismo nacional. Suas t\u00e1ticas eram semelhantes \u00e0s dos modernos terroristas pol\u00edticos; muitas vezes faziam incurs\u00f5es e matavam, atacando estrangeiros e judeus suspeitos de colaborar com os forasteiros. Se, de fato, Sim\u00e3o pertenceu a esse grupo considerado subversivo pelos judeus, \u00e9 admir\u00e1vel o fato de Jesus buscar, tamb\u00e9m a\u00ed nesse meio, um seguidor e futuro mission\u00e1rio do Evangelho. Judas Tadeu aparece no elenco dos doze ap\u00f3stolos, e s\u00f3 se conhece uma interven\u00e7\u00e3o dele no Evangelho (cf. Jo 14,22). \u00c9 tido como o autor da carta de Judas (apenas um cap\u00edtulo com trinta e tr\u00eas vers\u00edculos). Boa parte dos autores modernos, por\u00e9m, pensa tratar-se de outra pessoa.<\/em><\/p>\n","protected":false},"excerpt":{"rendered":"<p>No seu amor inabal\u00e1vel, o Senhor escolheu como ap\u00f3stolos Sim\u00e3o e Judas e lhes deu uma gl\u00f3ria eterna. Sim\u00e3o, o \u201cCananeu\u201d ou \u201cZelota\u201d, e Judas Tadeu foram chamados diretamente por Jesus. Seus nomes&#8230;<\/p>\n","protected":false},"author":2,"featured_media":21380,"comment_status":"open","ping_status":"open","sticky":false,"template":"","format":"standard","meta":[],"categories":[7],"tags":[],"_links":{"self":[{"href":"https:\/\/www.salvatorianas.org.br\/blog\/wp-json\/wp\/v2\/posts\/21379"}],"collection":[{"href":"https:\/\/www.salvatorianas.org.br\/blog\/wp-json\/wp\/v2\/posts"}],"about":[{"href":"https:\/\/www.salvatorianas.org.br\/blog\/wp-json\/wp\/v2\/types\/post"}],"author":[{"embeddable":true,"href":"https:\/\/www.salvatorianas.org.br\/blog\/wp-json\/wp\/v2\/users\/2"}],"replies":[{"embeddable":true,"href":"https:\/\/www.salvatorianas.org.br\/blog\/wp-json\/wp\/v2\/comments?post=21379"}],"version-history":[{"count":1,"href":"https:\/\/www.salvatorianas.org.br\/blog\/wp-json\/wp\/v2\/posts\/21379\/revisions"}],"predecessor-version":[{"id":21381,"href":"https:\/\/www.salvatorianas.org.br\/blog\/wp-json\/wp\/v2\/posts\/21379\/revisions\/21381"}],"wp:featuredmedia":[{"embeddable":true,"href":"https:\/\/www.salvatorianas.org.br\/blog\/wp-json\/wp\/v2\/media\/21380"}],"wp:attachment":[{"href":"https:\/\/www.salvatorianas.org.br\/blog\/wp-json\/wp\/v2\/media?parent=21379"}],"wp:term":[{"taxonomy":"category","embeddable":true,"href":"https:\/\/www.salvatorianas.org.br\/blog\/wp-json\/wp\/v2\/categories?post=21379"},{"taxonomy":"post_tag","embeddable":true,"href":"https:\/\/www.salvatorianas.org.br\/blog\/wp-json\/wp\/v2\/tags?post=21379"}],"curies":[{"name":"wp","href":"https:\/\/api.w.org\/{rel}","templated":true}]}}