{"id":21375,"date":"2023-10-27T19:19:28","date_gmt":"2023-10-27T19:19:28","guid":{"rendered":"https:\/\/www.salvatorianas.org.br\/blog\/?p=21375"},"modified":"2023-10-27T19:19:29","modified_gmt":"2023-10-27T19:19:29","slug":"29a-semana-do-tempo-comum-ano-impar-i-4","status":"publish","type":"post","link":"https:\/\/www.salvatorianas.org.br\/blog\/29a-semana-do-tempo-comum-ano-impar-i-4\/","title":{"rendered":"29\u00aa Semana do Tempo Comum, Ano \u00cdmpar (I)"},"content":{"rendered":"\n<p>Clamo por v\u00f3s, meu Deus, porque me atendestes; inclinai vosso ouvido e escutai-me. Guardai-me como a pupila dos olhos, \u00e0 sombra das vossas asas abrigai-me (Sl 16,6.8).<\/p>\n\n\n\n<p><em>Em Jesus Cristo, Deus nos libertou da escravid\u00e3o do pecado e nos fez novas criaturas. Deixemo-nos conduzir pelo Esp\u00edrito do Senhor, que habita em n\u00f3s e nos d\u00e1 o senso de justi\u00e7a e o discernimento necess\u00e1rios para fazer sempre sua vontade em meio \u00e0s situa\u00e7\u00f5es da vida.<\/em><\/p>\n\n\n\n<p>Primeira Leitura:&nbsp;<strong>Romanos 7,18-25<\/strong><\/p>\n\n\n\n<p>Leitura da carta de S\u00e3o Paulo aos Romanos \u2013 Irm\u00e3os,&nbsp;<sup>18<\/sup>estou ciente que o bem n\u00e3o habita em mim, isto \u00e9, na minha carne. Pois eu tenho capacidade de querer o bem, mas n\u00e3o de realiz\u00e1-lo.&nbsp;<sup>19<\/sup>Com efeito, n\u00e3o fa\u00e7o o bem que quero, mas fa\u00e7o o mal que n\u00e3o quero.&nbsp;<sup>20<\/sup>Ora, se fa\u00e7o aquilo que n\u00e3o quero, ent\u00e3o j\u00e1 n\u00e3o sou eu que estou agindo, mas o pecado que habita em mim.&nbsp;<sup>21<\/sup>Portanto, descubro em mim esta lei: quando quero fazer o bem, \u00e9 o mal que se me apresenta.&nbsp;<sup>22<\/sup>Como homem interior, ponho toda a minha satisfa\u00e7\u00e3o na lei de Deus;&nbsp;<sup>23<\/sup>mas sinto em meus membros outra lei, que luta contra a lei da minha raz\u00e3o e me aprisiona na lei do pecado, essa lei que est\u00e1 em meus membros.&nbsp;<sup>24<\/sup>Infeliz que eu sou! Quem me libertar\u00e1 deste corpo de morte?&nbsp;<sup>25<\/sup>Gra\u00e7as sejam dadas a Deus, por Jesus Cristo, nosso Senhor. \u2013 Palavra do Senhor.<\/p>\n\n\n\n<p>Salmo Responsorial:&nbsp;<strong>118(119)<\/strong><\/p>\n\n\n\n<p><em><strong>Ensinai-me a fazer vossa vontade!<\/strong><\/em><\/p>\n\n\n\n<p>1. Dai-me bom senso, retid\u00e3o, sabedoria,&nbsp;\/&nbsp;pois tenho f\u00e9 nos vossos santos mandamentos!&nbsp;\u2013 R.<\/p>\n\n\n\n<p>2. Porque sois bom e realizais somente o bem,&nbsp;\/&nbsp;ensinai-me a fazer vossa vontade!&nbsp;\u2013 R.<\/p>\n\n\n\n<p>3. Vosso amor seja um consolo para mim,&nbsp;\/&nbsp;conforme a vosso servo prometestes.&nbsp;\u2013 R.<\/p>\n\n\n\n<p>4. Venha a mim o vosso amor e viverei,&nbsp;\/&nbsp;porque tenho em vossa lei o meu prazer!&nbsp;\u2013 R.<\/p>\n\n\n\n<p>4. Eu jamais esquecerei vossos preceitos,&nbsp;\/&nbsp;por meio deles conservais a minha vida.&nbsp;\u2013 R.<\/p>\n\n\n\n<p>5. Vinde salvar-me, \u00f3 Senhor, eu vos perten\u00e7o!&nbsp;\/&nbsp;Porque sempre procurei vossa vontade.&nbsp;\u2013 R.<\/p>\n\n\n\n<p>Evangelho:&nbsp;<strong>Lucas 12,54-59<\/strong><\/p>\n\n\n\n<p><strong><em>Aleluia, aleluia, aleluia.<\/em><\/strong><\/p>\n\n\n\n<p><strong>Gra\u00e7as te dou, \u00f3 Pai, Senhor do c\u00e9u e da terra,&nbsp;\/&nbsp;pois revelaste os mist\u00e9rios do teu Reino aos pequeninos,&nbsp;\/&nbsp;escondendo-os aos doutores! (Mt 11,25)&nbsp;\u2013 R.<\/strong><\/p>\n\n\n\n<p>Proclama\u00e7\u00e3o do Evangelho de Jesus Cristo segundo Lucas \u2013 Naquele tempo,&nbsp;<sup>54<\/sup>Jesus dizia \u00e0s multid\u00f5es: \u201cQuando vedes uma nuvem vinda do ocidente, logo dizeis que vem chuva. E assim acontece.&nbsp;<sup>55<\/sup>Quando sentis soprar o vento do sul, logo dizeis que vai fazer calor. E assim acontece.&nbsp;<sup>56<\/sup>Hip\u00f3critas! V\u00f3s sabeis interpretar o aspecto da terra e do c\u00e9u. Como \u00e9 que n\u00e3o sabeis interpretar o tempo presente?&nbsp;<sup>57<\/sup>Por que n\u00e3o julgais por v\u00f3s mesmos o que \u00e9 justo?&nbsp;<sup>58<\/sup>Quando, pois, tu vais com o teu advers\u00e1rio apresentar-te diante do magistrado, procura resolver o caso com ele enquanto estais a caminho. Sen\u00e3o ele te levar\u00e1 ao juiz, o juiz te entregar\u00e1 ao guarda e o guarda te jogar\u00e1 na cadeia.&nbsp;<sup>59<\/sup>Eu te digo, da\u00ed tu n\u00e3o sair\u00e1s, enquanto n\u00e3o pagares o \u00faltimo centavo\u201d. \u2013 Palavra da salva\u00e7\u00e3o.<\/p>\n\n\n\n<p>Reflex\u00e3o:<\/p>\n\n\n\n<p><em>Todas as pessoas, sobretudo as autoridades, deveriam reconhecer os sinais da chegada do Reino de Deus por meio das palavras e atos de Jesus. Mais que fazer uma revolu\u00e7\u00e3o pol\u00edtica, econ\u00f4mica e social, Jesus denunciou todos os contravalores criados pela ideologia do poder, da riqueza e do prest\u00edgio, colocando em seu lugar os valores da fraternidade e da partilha, que geram liberdade e vida para todos. Somente o projeto de Jesus pode libertar o povo da escravid\u00e3o e da morte. No final, Jesus adverte: \u00e9 importante valorizar o momento presente. \u00c9 tempo de poss\u00edvel reconcilia\u00e7\u00e3o com Deus e com o pr\u00f3ximo. Quando chegar a hora do julgamento, ser\u00e1 tarde demais. Os contempor\u00e2neos de Jesus n\u00e3o discerniram os sinais da presen\u00e7a de Jesus e do seu Reino.<\/em><\/p>\n\n\n\n<p>Clamo por v\u00f3s, meu Deus, porque me atendestes; inclinai vosso ouvido e escutai-me. Guardai-me como a pupila dos olhos, \u00e0 sombra das vossas asas abrigai-me (Sl 16,6.8).<\/p>\n\n\n\n<p><em>Em Jesus Cristo, Deus nos libertou da escravid\u00e3o do pecado e nos fez novas criaturas. Deixemo-nos conduzir pelo Esp\u00edrito do Senhor, que habita em n\u00f3s e nos d\u00e1 o senso de justi\u00e7a e o discernimento necess\u00e1rios para fazer sempre sua vontade em meio \u00e0s situa\u00e7\u00f5es da vida.<\/em><\/p>\n\n\n\n<p>Primeira Leitura:&nbsp;<strong>Romanos 7,18-25<\/strong><\/p>\n\n\n\n<p>Leitura da carta de S\u00e3o Paulo aos Romanos \u2013 Irm\u00e3os,&nbsp;<sup>18<\/sup>estou ciente que o bem n\u00e3o habita em mim, isto \u00e9, na minha carne. Pois eu tenho capacidade de querer o bem, mas n\u00e3o de realiz\u00e1-lo.&nbsp;<sup>19<\/sup>Com efeito, n\u00e3o fa\u00e7o o bem que quero, mas fa\u00e7o o mal que n\u00e3o quero.&nbsp;<sup>20<\/sup>Ora, se fa\u00e7o aquilo que n\u00e3o quero, ent\u00e3o j\u00e1 n\u00e3o sou eu que estou agindo, mas o pecado que habita em mim.&nbsp;<sup>21<\/sup>Portanto, descubro em mim esta lei: quando quero fazer o bem, \u00e9 o mal que se me apresenta.&nbsp;<sup>22<\/sup>Como homem interior, ponho toda a minha satisfa\u00e7\u00e3o na lei de Deus;&nbsp;<sup>23<\/sup>mas sinto em meus membros outra lei, que luta contra a lei da minha raz\u00e3o e me aprisiona na lei do pecado, essa lei que est\u00e1 em meus membros.&nbsp;<sup>24<\/sup>Infeliz que eu sou! Quem me libertar\u00e1 deste corpo de morte?&nbsp;<sup>25<\/sup>Gra\u00e7as sejam dadas a Deus, por Jesus Cristo, nosso Senhor. \u2013 Palavra do Senhor.<\/p>\n\n\n\n<p>Salmo Responsorial:&nbsp;<strong>118(119)<\/strong><\/p>\n\n\n\n<p><em><strong>Ensinai-me a fazer vossa vontade!<\/strong><\/em><\/p>\n\n\n\n<p>1. Dai-me bom senso, retid\u00e3o, sabedoria,&nbsp;\/&nbsp;pois tenho f\u00e9 nos vossos santos mandamentos!&nbsp;\u2013 R.<\/p>\n\n\n\n<p>2. Porque sois bom e realizais somente o bem,&nbsp;\/&nbsp;ensinai-me a fazer vossa vontade!&nbsp;\u2013 R.<\/p>\n\n\n\n<p>3. Vosso amor seja um consolo para mim,&nbsp;\/&nbsp;conforme a vosso servo prometestes.&nbsp;\u2013 R.<\/p>\n\n\n\n<p>4. Venha a mim o vosso amor e viverei,&nbsp;\/&nbsp;porque tenho em vossa lei o meu prazer!&nbsp;\u2013 R.<\/p>\n\n\n\n<p>4. Eu jamais esquecerei vossos preceitos,&nbsp;\/&nbsp;por meio deles conservais a minha vida.&nbsp;\u2013 R.<\/p>\n\n\n\n<p>5. Vinde salvar-me, \u00f3 Senhor, eu vos perten\u00e7o!&nbsp;\/&nbsp;Porque sempre procurei vossa vontade.&nbsp;\u2013 R.<\/p>\n\n\n\n<p>Evangelho:&nbsp;<strong>Lucas 12,54-59<\/strong><\/p>\n\n\n\n<p><strong><em>Aleluia, aleluia, aleluia.<\/em><\/strong><\/p>\n\n\n\n<p><strong>Gra\u00e7as te dou, \u00f3 Pai, Senhor do c\u00e9u e da terra,&nbsp;\/&nbsp;pois revelaste os mist\u00e9rios do teu Reino aos pequeninos,&nbsp;\/&nbsp;escondendo-os aos doutores! (Mt 11,25)&nbsp;\u2013 R.<\/strong><\/p>\n\n\n\n<p>Proclama\u00e7\u00e3o do Evangelho de Jesus Cristo segundo Lucas \u2013 Naquele tempo,&nbsp;<sup>54<\/sup>Jesus dizia \u00e0s multid\u00f5es: \u201cQuando vedes uma nuvem vinda do ocidente, logo dizeis que vem chuva. E assim acontece.&nbsp;<sup>55<\/sup>Quando sentis soprar o vento do sul, logo dizeis que vai fazer calor. E assim acontece.&nbsp;<sup>56<\/sup>Hip\u00f3critas! V\u00f3s sabeis interpretar o aspecto da terra e do c\u00e9u. Como \u00e9 que n\u00e3o sabeis interpretar o tempo presente?&nbsp;<sup>57<\/sup>Por que n\u00e3o julgais por v\u00f3s mesmos o que \u00e9 justo?&nbsp;<sup>58<\/sup>Quando, pois, tu vais com o teu advers\u00e1rio apresentar-te diante do magistrado, procura resolver o caso com ele enquanto estais a caminho. Sen\u00e3o ele te levar\u00e1 ao juiz, o juiz te entregar\u00e1 ao guarda e o guarda te jogar\u00e1 na cadeia.&nbsp;<sup>59<\/sup>Eu te digo, da\u00ed tu n\u00e3o sair\u00e1s, enquanto n\u00e3o pagares o \u00faltimo centavo\u201d. \u2013 Palavra da salva\u00e7\u00e3o.<\/p>\n\n\n\n<p>Reflex\u00e3o:<\/p>\n\n\n\n<p><em>Todas as pessoas, sobretudo as autoridades, deveriam reconhecer os sinais da chegada do Reino de Deus por meio das palavras e atos de Jesus. Mais que fazer uma revolu\u00e7\u00e3o pol\u00edtica, econ\u00f4mica e social, Jesus denunciou todos os contravalores criados pela ideologia do poder, da riqueza e do prest\u00edgio, colocando em seu lugar os valores da fraternidade e da partilha, que geram liberdade e vida para todos. Somente o projeto de Jesus pode libertar o povo da escravid\u00e3o e da morte. No final, Jesus adverte: \u00e9 importante valorizar o momento presente. \u00c9 tempo de poss\u00edvel reconcilia\u00e7\u00e3o com Deus e com o pr\u00f3ximo. Quando chegar a hora do julgamento, ser\u00e1 tarde demais. Os contempor\u00e2neos de Jesus n\u00e3o discerniram os sinais da presen\u00e7a de Jesus e do seu Reino.<\/em><\/p>\n","protected":false},"excerpt":{"rendered":"<p>Clamo por v\u00f3s, meu Deus, porque me atendestes; inclinai vosso ouvido e escutai-me. Guardai-me como a pupila dos olhos, \u00e0 sombra das vossas asas abrigai-me (Sl 16,6.8). Em Jesus Cristo, Deus nos libertou&#8230;<\/p>\n","protected":false},"author":2,"featured_media":21376,"comment_status":"open","ping_status":"open","sticky":false,"template":"","format":"standard","meta":[],"categories":[7],"tags":[],"_links":{"self":[{"href":"https:\/\/www.salvatorianas.org.br\/blog\/wp-json\/wp\/v2\/posts\/21375"}],"collection":[{"href":"https:\/\/www.salvatorianas.org.br\/blog\/wp-json\/wp\/v2\/posts"}],"about":[{"href":"https:\/\/www.salvatorianas.org.br\/blog\/wp-json\/wp\/v2\/types\/post"}],"author":[{"embeddable":true,"href":"https:\/\/www.salvatorianas.org.br\/blog\/wp-json\/wp\/v2\/users\/2"}],"replies":[{"embeddable":true,"href":"https:\/\/www.salvatorianas.org.br\/blog\/wp-json\/wp\/v2\/comments?post=21375"}],"version-history":[{"count":1,"href":"https:\/\/www.salvatorianas.org.br\/blog\/wp-json\/wp\/v2\/posts\/21375\/revisions"}],"predecessor-version":[{"id":21377,"href":"https:\/\/www.salvatorianas.org.br\/blog\/wp-json\/wp\/v2\/posts\/21375\/revisions\/21377"}],"wp:featuredmedia":[{"embeddable":true,"href":"https:\/\/www.salvatorianas.org.br\/blog\/wp-json\/wp\/v2\/media\/21376"}],"wp:attachment":[{"href":"https:\/\/www.salvatorianas.org.br\/blog\/wp-json\/wp\/v2\/media?parent=21375"}],"wp:term":[{"taxonomy":"category","embeddable":true,"href":"https:\/\/www.salvatorianas.org.br\/blog\/wp-json\/wp\/v2\/categories?post=21375"},{"taxonomy":"post_tag","embeddable":true,"href":"https:\/\/www.salvatorianas.org.br\/blog\/wp-json\/wp\/v2\/tags?post=21375"}],"curies":[{"name":"wp","href":"https:\/\/api.w.org\/{rel}","templated":true}]}}