{"id":21361,"date":"2023-10-26T01:46:00","date_gmt":"2023-10-26T01:46:00","guid":{"rendered":"https:\/\/www.salvatorianas.org.br\/blog\/?p=21361"},"modified":"2023-10-25T19:47:23","modified_gmt":"2023-10-25T19:47:23","slug":"29a-semana-do-tempo-comum-ano-impar-i-3","status":"publish","type":"post","link":"https:\/\/www.salvatorianas.org.br\/blog\/29a-semana-do-tempo-comum-ano-impar-i-3\/","title":{"rendered":"29\u00aa Semana do Tempo Comum, Ano \u00cdmpar (I)"},"content":{"rendered":"\n<p>Clamo por v\u00f3s, meu Deus, porque me atendestes; inclinai vosso ouvido e escutai-me. Guardai-me como a pupila dos olhos, \u00e0 sombra das vossas asas abrigai-me (Sl 16,6.8).<\/p>\n\n\n\n<p><em>Libertos da escravid\u00e3o do mal pelo batismo, somos capazes de fazer obras de santidade e conquistar a vida eterna. Contudo, a salva\u00e7\u00e3o que Deus nos oferece n\u00e3o \u00e9 um dom a receber passivamente. Somos chamados a colaborar com o Senhor, sejam quais forem as dificuldades.<\/em><\/p>\n\n\n\n<p>Primeira Leitura:&nbsp;<strong>Romanos 6,19-23<\/strong><\/p>\n\n\n\n<p>Leitura da carta de S\u00e3o Paulo aos Romanos \u2013 Irm\u00e3os,&nbsp;<sup>19<\/sup>uso uma linguagem humana por causa da vossa limita\u00e7\u00e3o. Outrora, oferecestes vossos membros como escravos para servirem \u00e0 impureza e \u00e0 sempre crescente desordem moral. Pois bem, agora, colocai vossos membros a servi\u00e7o da justi\u00e7a, em vista da vossa santifica\u00e7\u00e3o.&nbsp;<sup>20<\/sup>Quando \u00e9reis escravos do pecado, est\u00e1veis livres em rela\u00e7\u00e3o \u00e0 justi\u00e7a.&nbsp;<sup>21<\/sup>Que fruto colh\u00edeis, ent\u00e3o, de a\u00e7\u00f5es das quais hoje vos envergonhais? Pois o fim daquelas a\u00e7\u00f5es era a morte.&nbsp;<sup>22<\/sup>Agora, por\u00e9m, libertados do pecado e como escravos de Deus, frutificais para a santidade at\u00e9 a vida eterna, que \u00e9 a meta final.&nbsp;<sup>23<\/sup>Com efeito, a paga do pecado \u00e9 a morte, mas o dom de Deus \u00e9 a vida eterna em Jesus Cristo, nosso Senhor. \u2013 Palavra do Senhor.<\/p>\n\n\n\n<p>Salmo Responsorial:&nbsp;<strong>1<\/strong><\/p>\n\n\n\n<p><em><strong>\u00c9 feliz quem a Deus se confia!<\/strong><\/em><\/p>\n\n\n\n<p>1. Feliz \u00e9 todo aquele que n\u00e3o anda&nbsp;\/&nbsp;conforme os conselhos dos perversos;&nbsp;\/&nbsp;que n\u00e3o entra no caminho dos malvados&nbsp;\/&nbsp;nem junto aos zombadores vai sentar-se;&nbsp;\/&nbsp;mas encontra seu prazer na lei de Deus&nbsp;\/&nbsp;e a medita, dia e noite, sem cessar.&nbsp;\u2013 R.<\/p>\n\n\n\n<p>2. Eis que ele \u00e9 semelhante a uma \u00e1rvore&nbsp;\/&nbsp;que \u00e0 beira da torrente est\u00e1 plantada;&nbsp;\/&nbsp;ela sempre d\u00e1 seus frutos a seu tempo&nbsp;\u2020&nbsp;e jamais as suas folhas v\u00e3o murchar.&nbsp;\/&nbsp;Eis que tudo o que ele faz vai prosperar.&nbsp;\u2013 R.<\/p>\n\n\n\n<p>3. Mas bem outra \u00e9 a sorte dos perversos.&nbsp;\u2020&nbsp;Ao contr\u00e1rio, s\u00e3o iguais \u00e0 palha seca&nbsp;\/&nbsp;espalhada e dispersada pelo vento.&nbsp;\/&nbsp;Pois Deus vigia o caminho dos eleitos,&nbsp;\/&nbsp;mas a estrada dos malvados leva \u00e0 morte.&nbsp;\u2013 R.<\/p>\n\n\n\n<p>Evangelho:&nbsp;<strong>Lucas 12,49-53<\/strong><\/p>\n\n\n\n<p><strong><em>Aleluia, aleluia, aleluia.<\/em><\/strong><\/p>\n\n\n\n<p><strong>Eu tudo considero como perda e como lixo&nbsp;\/&nbsp;a fim de ganhar Cristo e ser achado nele! (Fl 3,8s)&nbsp;\u2013 R.<\/strong><\/p>\n\n\n\n<p>Proclama\u00e7\u00e3o do Evangelho de Jesus Cristo segundo Lucas \u2013 Naquele tempo, disse Jesus aos seus disc\u00edpulos:&nbsp;<sup>49<\/sup>\u201cEu vim para lan\u00e7ar fogo sobre a terra e como gostaria que j\u00e1 estivesse aceso!&nbsp;<sup>50<\/sup>Devo receber um batismo e como estou ansioso at\u00e9 que isso se cumpra!&nbsp;<sup>51<\/sup>V\u00f3s pensais que eu vim trazer a paz sobre a terra? Pelo contr\u00e1rio, eu vos digo, vim trazer divis\u00e3o.&nbsp;<sup>52<\/sup>Pois daqui em diante, numa fam\u00edlia de cinco pessoas, tr\u00eas ficar\u00e3o divididas contra duas e duas contra tr\u00eas;&nbsp;<sup>53<\/sup>ficar\u00e3o divididos o pai contra o filho e o filho contra o pai, a m\u00e3e contra a filha e a filha contra a m\u00e3e, a sogra contra a nora e a nora contra a sogra\u201d. \u2013 Palavra da salva\u00e7\u00e3o.<\/p>\n\n\n\n<p>Reflex\u00e3o:<\/p>\n\n\n\n<p><em>O fogo que Jesus traz n\u00e3o \u00e9 fogo destruidor, mas o fogo do Esp\u00edrito Santo. Lembramos que, no Pentecostes, o Esp\u00edrito pousou em forma de l\u00ednguas de fogo sobre as pessoas presentes na sala (cf. At 2,3). O batismo de que fala Jesus \u00e9 sua morte e glorifica\u00e7\u00e3o, pleno cumprimento de sua obra de salva\u00e7\u00e3o. O fogo do Esp\u00edrito infundir\u00e1 vida e dinamismo nos seguidores de Jesus, que v\u00e3o continuar o que ele come\u00e7ou. E o projeto de Jesus, selado com seu sangue na cruz, vem abalar os fundamentos da sociedade injusta. Jesus rompe com a falsa paz da ordem estabelecida. E quem aceita a novidade do Reino de Deus, assume a pr\u00e1tica do amor, t\u00e3o revolucion\u00e1ria que acaba provocando divis\u00f5es at\u00e9 mesmo entre familiares. J\u00e1 o velho Sime\u00e3o anunciava: \u201cEste menino ser\u00e1\u2026 um sinal de contradi\u00e7\u00e3o\u201d (Lc 2,34).<\/em><\/p>\n","protected":false},"excerpt":{"rendered":"<p>Clamo por v\u00f3s, meu Deus, porque me atendestes; inclinai vosso ouvido e escutai-me. Guardai-me como a pupila dos olhos, \u00e0 sombra das vossas asas abrigai-me (Sl 16,6.8). Libertos da escravid\u00e3o do mal pelo&#8230;<\/p>\n","protected":false},"author":2,"featured_media":21362,"comment_status":"open","ping_status":"open","sticky":false,"template":"","format":"standard","meta":[],"categories":[7],"tags":[],"_links":{"self":[{"href":"https:\/\/www.salvatorianas.org.br\/blog\/wp-json\/wp\/v2\/posts\/21361"}],"collection":[{"href":"https:\/\/www.salvatorianas.org.br\/blog\/wp-json\/wp\/v2\/posts"}],"about":[{"href":"https:\/\/www.salvatorianas.org.br\/blog\/wp-json\/wp\/v2\/types\/post"}],"author":[{"embeddable":true,"href":"https:\/\/www.salvatorianas.org.br\/blog\/wp-json\/wp\/v2\/users\/2"}],"replies":[{"embeddable":true,"href":"https:\/\/www.salvatorianas.org.br\/blog\/wp-json\/wp\/v2\/comments?post=21361"}],"version-history":[{"count":1,"href":"https:\/\/www.salvatorianas.org.br\/blog\/wp-json\/wp\/v2\/posts\/21361\/revisions"}],"predecessor-version":[{"id":21363,"href":"https:\/\/www.salvatorianas.org.br\/blog\/wp-json\/wp\/v2\/posts\/21361\/revisions\/21363"}],"wp:featuredmedia":[{"embeddable":true,"href":"https:\/\/www.salvatorianas.org.br\/blog\/wp-json\/wp\/v2\/media\/21362"}],"wp:attachment":[{"href":"https:\/\/www.salvatorianas.org.br\/blog\/wp-json\/wp\/v2\/media?parent=21361"}],"wp:term":[{"taxonomy":"category","embeddable":true,"href":"https:\/\/www.salvatorianas.org.br\/blog\/wp-json\/wp\/v2\/categories?post=21361"},{"taxonomy":"post_tag","embeddable":true,"href":"https:\/\/www.salvatorianas.org.br\/blog\/wp-json\/wp\/v2\/tags?post=21361"}],"curies":[{"name":"wp","href":"https:\/\/api.w.org\/{rel}","templated":true}]}}