{"id":21346,"date":"2023-10-24T13:17:17","date_gmt":"2023-10-24T13:17:17","guid":{"rendered":"https:\/\/www.salvatorianas.org.br\/blog\/?p=21346"},"modified":"2023-10-24T17:54:31","modified_gmt":"2023-10-24T17:54:31","slug":"7-dia-de-falecimento-da-ir-ines-deon","status":"publish","type":"post","link":"https:\/\/www.salvatorianas.org.br\/blog\/7-dia-de-falecimento-da-ir-ines-deon\/","title":{"rendered":"7\u00b0 dia de falecimento da Ir. In\u00eas Deon"},"content":{"rendered":"\n<p class=\"has-text-align-left\">Celebramos hoje, 23 de outubro, o 7\u00ba dia de falecimento da Irm\u00e3 In\u00eas Deon. Fa\u00e7amos mem\u00f3ria da sua bela hist\u00f3ria de vida e miss\u00e3o atrav\u00e9s de sua biografia, em forma de gratid\u00e3o e prece.<\/p>\n\n\n\n<p class=\"has-text-align-left\">Biografia\u00a0Ir. In\u00eas Deon<br><strong>&#8220;O Senhor \u00e9 meu Pastor, nada me faltar\u00e1&#8221;. (Sl 22)<\/strong><\/p>\n\n\n\n<p class=\"has-text-align-left\">Ir. In\u00eas Deon nasceu no dia 19 de maio de 1935 em S\u00e3o Luiz munic\u00edpio de Casca\/RS. Era a primeira dos nove filhos de Francisco Deon e Judith Trentin. Tinha 2 irm\u00e3os homens e 6 mulheres. Recebeu o sacramento do Batismo dia 07 de junho de 1935 em Casca\/RS, a Crisma 15 de outubro de 1938 em Passo Fundo\/RS e a Primeira Eucaristia em 28 de outubro de 1945 em Sede 35\/RS.<\/p>\n\n\n\n<p class=\"has-text-align-left\">A semente da voca\u00e7\u00e3o \u00e0 Vida Religiosa Consagrada Salvatoriana foi cultivada em seu cora\u00e7\u00e3o e fortalecida pelos valores vividos em fam\u00edlia e na comunidade crist\u00e3. Sentindo o chamado de Deus para a Vida Religiosa buscou cultiva-lo com f\u00e9 e atitude de ora\u00e7\u00e3o. Manteve-se sempre atenta nos passos de Jesus, meditando sua Palavra e colocando em pr\u00e1ticas na miss\u00e3o.<\/p>\n\n\n\n<p class=\"has-text-align-left\">Ingressou na Congrega\u00e7\u00e3o das Irm\u00e3s do Divino Salvador no dia 17 de maio de 1951 em David Canabarro\/RS, onde ap\u00f3s a forma\u00e7\u00e3o professou os primeiros votos no dia 02 de fevereiro de 1954 e os votos perp\u00e9tuos no dia 02 de fevereiro de 1960.<\/p>\n\n\n\n<p class=\"has-text-align-left\">Desenvolveu atividades apost\u00f3licas como catequista na pastoral paroquial com a pastoral da<br>crian\u00e7a e familiar, sa\u00fade comunit\u00e1ria, visitas aos doentes \u00e0 domic\u00edlio e em atividades da c\u00e1ritas diocesana. Colaborou tamb\u00e9m em iniciativas comunit\u00e1rias de acompanhamento e recupera\u00e7\u00e3o de pessoas com depend\u00eancia qu\u00edmica, forma\u00e7\u00e3o e cursos de artesanato junto \u00e0s mulheres. Atuou tamb\u00e9m na coordena\u00e7\u00e3o dos servi\u00e7os gerais nos col\u00e9gios Imaculada  Concei\u00e7\u00e3o em Videira\/SC, Mater Salvatoris em Tangar\u00e1\/SC e no Patronato Santo Ant\u00f4nio em S\u00e3o Jos\u00e9 dos Pinhais\/PR. Residiu nas comunidades: Imaculada Concei\u00e7\u00e3o em Videira\/SC,  em Pinheiro Preto\/SC, Santo Ant\u00f4nio em S\u00e3o Jos\u00e9 dos Pinhais\/PR, Sede Provincial em Lages\/SC, Divina Provid\u00eancia em Caibi\/SC,  em Gentio do Ouro\/BA, Oliveira dos Brejinhos\/BA, M\u00e3e de Deus em S\u00e3o Louren\u00e7o do Oeste\/SC, S\u00e3o Miguel em S\u00e3o Miguel do Oeste\/SC, Jesus Libertador em Passo Fundo\/RS, \u00c1gua Viva em Cir\u00edaco\/RS, Bom Pastor e Maria Teresa em Videira\/SC e comunidade Santa Isabel em Passo Fundo\/RS.<\/p>\n\n\n\n<p class=\"has-text-align-left\">No seu jubileu de 50 anos de vida consagrada, Ir. In\u00eas descreveu:<em> \u201cMinha caminhada foi de muitos desafios, mas a confian\u00e7a em Deus permitiu super\u00e1-los. Tive ajuda de coirm\u00e3s, pessoas amigas e acima de tudo tive sempre Deus como guia e Pastor. A ora\u00e7\u00e3o e a f\u00e9 me deram sustenta\u00e7\u00e3o, coragem e animo na caminhada. Meus apostolados foram fontes de alegria, porque contemplava no rosto das pessoas o pr\u00f3prio Deus\u201d.<\/em><\/p>\n\n\n\n<p class=\"has-text-align-left\">Dotada de muitos dons art\u00edsticos, assim ela tamb\u00e9m teceu o dom da sua vida na miss\u00e3o Salvatoriana. Sempre foi muito grata a Deus pelo chamado de ser Salvatoriana. Devota de Maria sempre dirigia suas s\u00faplicas para que, por interm\u00e9dio de Maria, a gra\u00e7a de Deus pudesse torn\u00e1-la cada vez mais disc\u00edpula do Salvador. Tamb\u00e9m nutria uma grande confian\u00e7a nos Bem-aventurados Francisco Jordan e Maria dos Ap\u00f3stolos.<\/p>\n\n\n\n<p class=\"has-text-align-left\">Ir. In\u00eas deixa como mensagem \u00e0 Fam\u00edlia Salvatoriana: <em>&#8220;A Vida Religiosa \u00e9 uma  fonte de amor e dedica\u00e7\u00e3o a Deus e aos irm\u00e3os, de modo especial, os mais pobres. Para isso, precisa viver em espirito de confian\u00e7a, f\u00e9, escuta a vontade de Deus, alimentar sempre a esperan\u00e7a e viver aberta ao novo. \u00c9 necess\u00e1rio sempre renovar, acreditando na for\u00e7a de Deus que caminha conosco todos os dias. \u00c9 preciso entrega e esp\u00edrito de doa\u00e7\u00e3o&#8221;.<\/em><\/p>\n\n\n\n<p class=\"has-text-align-left\">Obrigada Ir. In\u00eas<br>&#8211; pelo cultivo na vida de ora\u00e7\u00e3o;<br>&#8211; pelo amor com que cuidava das pessoas, em especial aos pobres;<br>&#8211; pela  presen\u00e7a mission\u00e1ria na hist\u00f3ria salvatoriana;<br>&#8211; pela tua criatividade em viver o apostolado assumido.<\/p>\n\n\n\n<p class=\"has-text-align-left\">Deus a chamou para a eternidade no dia 18 de outubro de 2023, com 88 anos de idade e 69 anos de Vida Religiosa. Foi sepultada no cemit\u00e9rio Memorial Vera Cruz em Passo Fundo\/RS no dia 19 de outubro de 2023.<br>A grande Luz que a conduziu a este mundo a reconduz para viver a plenitude da vida, junto a Deus, que \u00e9 a fonte de salva\u00e7\u00e3o. Deus a recompense acolhendo-a junto de si, na luz eterna.  Ir. In\u00eas descanse em paz.<\/p>\n","protected":false},"excerpt":{"rendered":"<p>Celebramos hoje, 23 de outubro, o 7\u00ba dia de falecimento da Irm\u00e3 In\u00eas Deon. Fa\u00e7amos mem\u00f3ria da sua bela hist\u00f3ria de vida e miss\u00e3o atrav\u00e9s de sua biografia, em forma de gratid\u00e3o e&#8230;<\/p>\n","protected":false},"author":2,"featured_media":21358,"comment_status":"open","ping_status":"open","sticky":false,"template":"","format":"standard","meta":[],"categories":[1],"tags":[],"_links":{"self":[{"href":"https:\/\/www.salvatorianas.org.br\/blog\/wp-json\/wp\/v2\/posts\/21346"}],"collection":[{"href":"https:\/\/www.salvatorianas.org.br\/blog\/wp-json\/wp\/v2\/posts"}],"about":[{"href":"https:\/\/www.salvatorianas.org.br\/blog\/wp-json\/wp\/v2\/types\/post"}],"author":[{"embeddable":true,"href":"https:\/\/www.salvatorianas.org.br\/blog\/wp-json\/wp\/v2\/users\/2"}],"replies":[{"embeddable":true,"href":"https:\/\/www.salvatorianas.org.br\/blog\/wp-json\/wp\/v2\/comments?post=21346"}],"version-history":[{"count":6,"href":"https:\/\/www.salvatorianas.org.br\/blog\/wp-json\/wp\/v2\/posts\/21346\/revisions"}],"predecessor-version":[{"id":21360,"href":"https:\/\/www.salvatorianas.org.br\/blog\/wp-json\/wp\/v2\/posts\/21346\/revisions\/21360"}],"wp:featuredmedia":[{"embeddable":true,"href":"https:\/\/www.salvatorianas.org.br\/blog\/wp-json\/wp\/v2\/media\/21358"}],"wp:attachment":[{"href":"https:\/\/www.salvatorianas.org.br\/blog\/wp-json\/wp\/v2\/media?parent=21346"}],"wp:term":[{"taxonomy":"category","embeddable":true,"href":"https:\/\/www.salvatorianas.org.br\/blog\/wp-json\/wp\/v2\/categories?post=21346"},{"taxonomy":"post_tag","embeddable":true,"href":"https:\/\/www.salvatorianas.org.br\/blog\/wp-json\/wp\/v2\/tags?post=21346"}],"curies":[{"name":"wp","href":"https:\/\/api.w.org\/{rel}","templated":true}]}}