{"id":21339,"date":"2023-10-24T01:25:00","date_gmt":"2023-10-24T01:25:00","guid":{"rendered":"https:\/\/www.salvatorianas.org.br\/blog\/?p=21339"},"modified":"2023-10-20T19:26:10","modified_gmt":"2023-10-20T19:26:10","slug":"29a-semana-do-tempo-comum-ano-impar-i-2","status":"publish","type":"post","link":"https:\/\/www.salvatorianas.org.br\/blog\/29a-semana-do-tempo-comum-ano-impar-i-2\/","title":{"rendered":"29\u00aa Semana do Tempo Comum, Ano \u00cdmpar (I)"},"content":{"rendered":"\n<p>Clamo por v\u00f3s, meu Deus, porque me atendestes; inclinai vosso ouvido e escutai-me. Guardai-me como a pupila dos olhos, \u00e0 sombra das vossas asas abrigai-me (Sl 16,6.8).<\/p>\n\n\n\n<p><em>Por sua obedi\u00eancia \u00e0 vontade do Pai e em solidariedade com a humanidade pecadora, Jesus quis justificar-nos e salvar-nos. Expressemos nossa gratid\u00e3o ao Senhor, que vem em socorro de nossas fraquezas e nos quer encontrar de portas sempre abertas \u00e0 sua gra\u00e7a.<\/em><\/p>\n\n\n\n<p>Primeira Leitura:&nbsp;<strong>Romanos 5,12.15.17-21<\/strong><\/p>\n\n\n\n<p>Leitura da carta de S\u00e3o Paulo aos Romanos \u2013 Irm\u00e3os,&nbsp;<sup>12<\/sup>o pecado entrou no mundo por um s\u00f3 homem. Atrav\u00e9s do pecado, entrou a morte. E a morte passou para todos os homens, porque todos pecaram.&nbsp;<sup>15<\/sup>A transgress\u00e3o de um s\u00f3 levou a multid\u00e3o humana \u00e0 morte, mas foi de modo bem mais superior que a gra\u00e7a de Deus, ou seja, o dom gratuito concedido atrav\u00e9s de um s\u00f3 homem, Jesus Cristo, se derramou em abund\u00e2ncia sobre todos.&nbsp;<sup>17<\/sup>Por um s\u00f3 homem, pela falta de um s\u00f3 homem, a morte come\u00e7ou a reinar. Muito mais reinar\u00e3o na vida, pela media\u00e7\u00e3o de um s\u00f3, Jesus Cristo, os que recebem o dom gratuito e superabundante da justi\u00e7a.<sup>&nbsp;18<\/sup>Como a falta de um s\u00f3 acarretou condena\u00e7\u00e3o para todos os homens, assim o ato de justi\u00e7a de um s\u00f3 trouxe, para todos os homens, a justifica\u00e7\u00e3o que d\u00e1 a vida.<sup>&nbsp;19<\/sup>Com efeito, como, pela desobedi\u00eancia de um s\u00f3 homem, a humanidade toda foi estabelecida numa situa\u00e7\u00e3o de pecado, assim tamb\u00e9m, pela obedi\u00eancia de um s\u00f3, toda a humanidade passar\u00e1 para uma situa\u00e7\u00e3o de justi\u00e7a.&nbsp;<sup>20<\/sup>Por\u00e9m, onde se multiplicou o pecado, a\u00ed superabundou a gra\u00e7a.&nbsp;<sup>21<\/sup>Enfim, como o pecado tem reinado pela morte, que a gra\u00e7a reine pela justi\u00e7a, para a vida eterna, por Jesus Cristo, Senhor nosso. \u2013 Palavra do Senhor.<\/p>\n\n\n\n<p>Salmo Responsorial:&nbsp;<strong>39(40)<\/strong><\/p>\n\n\n\n<p><em><strong>Eis que venho fazer, com prazer,&nbsp;\/&nbsp;a vossa vontade, Senhor!<\/strong><\/em><\/p>\n\n\n\n<p>1. Sacrif\u00edcio e obla\u00e7\u00e3o n\u00e3o quisestes,&nbsp;\/&nbsp;mas abristes, Senhor, meus ouvidos;&nbsp;\/&nbsp;n\u00e3o pedistes ofertas nem v\u00edtimas,&nbsp;\u2020&nbsp;holocaustos por nossos pecados,&nbsp;\/&nbsp;e ent\u00e3o eu vos disse: \u201cEis que venho!\u201d&nbsp;\u2013 R.<\/p>\n\n\n\n<p>2. Sobre mim est\u00e1 escrito no livro:&nbsp;\u2020&nbsp;\u201cCom prazer fa\u00e7o a vossa vontade,&nbsp;\/&nbsp;guardo em meu cora\u00e7\u00e3o vossa lei!\u201d&nbsp;\u2013 R.<\/p>\n\n\n\n<p>3. Boas-novas de vossa justi\u00e7a&nbsp;\u2020&nbsp;anunciei numa grande assembleia;&nbsp;\/&nbsp;v\u00f3s sabeis: n\u00e3o fechei os meus l\u00e1bios!&nbsp;\u2013 R.<\/p>\n\n\n\n<p>4. Mas se alegre e em v\u00f3s rejubile&nbsp;\/&nbsp;todo ser que vos busca, Senhor!&nbsp;\/&nbsp;Digam sempre: \u201c\u00c9 grande o Senhor!\u201d&nbsp;\/&nbsp;os que buscam em v\u00f3s seu aux\u00edlio.&nbsp;\u2013 R.<\/p>\n\n\n\n<p>Evangelho:&nbsp;<strong>Lucas 12,35-38<\/strong><\/p>\n\n\n\n<p><strong><em>Aleluia, aleluia, aleluia.<\/em><\/strong><\/p>\n\n\n\n<p><strong>Vigiai e orai para ficardes de p\u00e9&nbsp;\/&nbsp;ante o Filho do Homem! (Lc 21,36)&nbsp;\u2013 R.<\/strong><\/p>\n\n\n\n<p>Proclama\u00e7\u00e3o do Evangelho de Jesus Cristo segundo Lucas \u2013 Naquele tempo, disse Jesus aos seus disc\u00edpulos:&nbsp;<sup>35<\/sup>\u201cQue vossos rins estejam cingidos e as l\u00e2mpadas acesas.&nbsp;<sup>36<\/sup>Sede como homens que est\u00e3o esperando seu senhor voltar de uma festa de casamento para lhe abrirem imediatamente a porta, logo que ele chegar e bater.&nbsp;<sup>37<\/sup>Felizes os empregados que o senhor encontrar acordados quando chegar. Em verdade eu vos digo, ele mesmo vai cingir-se, faz\u00ea-los sentar-se \u00e0 mesa e, passando, os servir\u00e1.<sup>&nbsp;38<\/sup>E caso ele chegue \u00e0 meia-noite ou \u00e0s tr\u00eas da madrugada, felizes ser\u00e3o se assim os encontrar!\u201d \u2013 Palavra da salva\u00e7\u00e3o.<\/p>\n\n\n\n<p>Reflex\u00e3o:<\/p>\n\n\n\n<p><em>Rins cingidos e l\u00e2mpadas acesas indicam prontid\u00e3o e vigil\u00e2ncia ativa. Mergulhada no corre-corre do dia a dia, na administra\u00e7\u00e3o dos bens terrenos, as pessoas deixam escapar a ocasi\u00e3o de viver os valores do Reino. Este \u00e9 o perigo que ronda todos os que vivem cercados de constantes propostas e sedu\u00e7\u00f5es da sociedade de consumo. O crist\u00e3o vive no mundo sem ser do mundo, como afirmava Jesus a respeito de seus disc\u00edpulos (Jo 17,11.16). A comunidade deve estar em cont\u00ednua vigil\u00e2ncia, fiel \u00e0 palavra e \u00e0 a\u00e7\u00e3o de Jesus. Que o mundo n\u00e3o nos distraia de nossos compromissos crist\u00e3os. Assim, quando o Senhor nos visitar com sua gra\u00e7a ou na hora de nossa morte, nos encontre de prontid\u00e3o a servi\u00e7o da justi\u00e7a e da fraternidade. Jesus mesmo nos honrar\u00e1 com seus favores.<\/em><\/p>\n","protected":false},"excerpt":{"rendered":"<p>Clamo por v\u00f3s, meu Deus, porque me atendestes; inclinai vosso ouvido e escutai-me. Guardai-me como a pupila dos olhos, \u00e0 sombra das vossas asas abrigai-me (Sl 16,6.8). Por sua obedi\u00eancia \u00e0 vontade do&#8230;<\/p>\n","protected":false},"author":2,"featured_media":21340,"comment_status":"open","ping_status":"open","sticky":false,"template":"","format":"standard","meta":[],"categories":[7],"tags":[],"_links":{"self":[{"href":"https:\/\/www.salvatorianas.org.br\/blog\/wp-json\/wp\/v2\/posts\/21339"}],"collection":[{"href":"https:\/\/www.salvatorianas.org.br\/blog\/wp-json\/wp\/v2\/posts"}],"about":[{"href":"https:\/\/www.salvatorianas.org.br\/blog\/wp-json\/wp\/v2\/types\/post"}],"author":[{"embeddable":true,"href":"https:\/\/www.salvatorianas.org.br\/blog\/wp-json\/wp\/v2\/users\/2"}],"replies":[{"embeddable":true,"href":"https:\/\/www.salvatorianas.org.br\/blog\/wp-json\/wp\/v2\/comments?post=21339"}],"version-history":[{"count":1,"href":"https:\/\/www.salvatorianas.org.br\/blog\/wp-json\/wp\/v2\/posts\/21339\/revisions"}],"predecessor-version":[{"id":21341,"href":"https:\/\/www.salvatorianas.org.br\/blog\/wp-json\/wp\/v2\/posts\/21339\/revisions\/21341"}],"wp:featuredmedia":[{"embeddable":true,"href":"https:\/\/www.salvatorianas.org.br\/blog\/wp-json\/wp\/v2\/media\/21340"}],"wp:attachment":[{"href":"https:\/\/www.salvatorianas.org.br\/blog\/wp-json\/wp\/v2\/media?parent=21339"}],"wp:term":[{"taxonomy":"category","embeddable":true,"href":"https:\/\/www.salvatorianas.org.br\/blog\/wp-json\/wp\/v2\/categories?post=21339"},{"taxonomy":"post_tag","embeddable":true,"href":"https:\/\/www.salvatorianas.org.br\/blog\/wp-json\/wp\/v2\/tags?post=21339"}],"curies":[{"name":"wp","href":"https:\/\/api.w.org\/{rel}","templated":true}]}}