{"id":21336,"date":"2023-10-23T01:24:00","date_gmt":"2023-10-23T01:24:00","guid":{"rendered":"https:\/\/www.salvatorianas.org.br\/blog\/?p=21336"},"modified":"2023-10-20T19:25:27","modified_gmt":"2023-10-20T19:25:27","slug":"29a-semana-do-tempo-comum-ano-impar-i","status":"publish","type":"post","link":"https:\/\/www.salvatorianas.org.br\/blog\/29a-semana-do-tempo-comum-ano-impar-i\/","title":{"rendered":"29\u00aa Semana do Tempo Comum, Ano \u00cdmpar (I)"},"content":{"rendered":"\n<p>Clamo por v\u00f3s, meu Deus, porque me atendestes; inclinai vosso ouvido e escutai-me. Guardai-me como a pupila dos olhos, \u00e0 sombra das vossas asas abrigai-me (Sl 16,6.8).<\/p>\n\n\n\n<p><em>Por sua f\u00e9 inabal\u00e1vel nas promessas divinas, Abra\u00e3o foi considerado justo. Sua f\u00e9 o impeliu a superar toda incerteza e a tomar decis\u00f5es na base \u00fanica da confian\u00e7a em Deus. Somos chamados a prosseguir nossa caminhada, crendo \u201cnaquele que ressuscitou dos mortos Jesus\u201d, o verdadeiro tesouro da nossa vida.<\/em><\/p>\n\n\n\n<p>Primeira Leitura:&nbsp;<strong>Romanos 4,20-25<\/strong><\/p>\n\n\n\n<p>Leitura da carta de S\u00e3o Paulo aos Romanos \u2013 Irm\u00e3os,&nbsp;<sup>20<\/sup>diante da promessa divina, Abra\u00e3o n\u00e3o duvidou por falta de f\u00e9, mas revigorou-se na f\u00e9 e deu gl\u00f3ria a Deus,&nbsp;<sup>21<\/sup>convencido de que Deus tem poder para cumprir o que prometeu.&nbsp;<sup>22<\/sup>Esta sua atitude de f\u00e9 lhe foi creditada como justi\u00e7a.&nbsp;<sup>23<\/sup>Afirmando que a f\u00e9 lhe foi creditada como justi\u00e7a, a Escritura visa n\u00e3o s\u00f3 \u00e0 pessoa de Abra\u00e3o, mas tamb\u00e9m a n\u00f3s, pois a f\u00e9 ser\u00e1 creditada tamb\u00e9m para n\u00f3s que cremos naquele que ressuscitou dos mortos Jesus, nosso Senhor.&nbsp;<sup>25<\/sup>Ele, Jesus, foi entregue por causa de nossos pecados e foi ressuscitado para nossa justifica\u00e7\u00e3o. \u2013 Palavra do Senhor.<\/p>\n\n\n\n<p>Salmo Responsorial:&nbsp;<strong>Lc 1<\/strong><\/p>\n\n\n\n<p><em><strong>Bendito seja o Senhor Deus de Israel,&nbsp;\/&nbsp;porque a seu povo visitou e libertou!<\/strong><\/em><\/p>\n\n\n\n<p>1. Fez surgir um poderoso salvador&nbsp;\/&nbsp;na casa de Davi, seu servidor,&nbsp;\/&nbsp;como falara pela boca de seus santos,&nbsp;\/&nbsp;os profetas desde os tempos mais antigos.&nbsp;\u2013 R.<\/p>\n\n\n\n<p>2. Para salvar-nos do poder dos inimigos&nbsp;\/&nbsp;e da m\u00e3o de todos quantos nos odeiam.&nbsp;\/&nbsp;Assim mostrou miseric\u00f3rdia a nossos pais,&nbsp;\/&nbsp;recordando a sua santa alian\u00e7a.&nbsp;\u2013 R.<\/p>\n\n\n\n<p>3. E o juramento a Abra\u00e3o, o nosso pai,&nbsp;\/&nbsp;de conceder-nos que, libertos do inimigo,&nbsp;\/&nbsp;a ele n\u00f3s sirvamos sem temor, \u2020 em santidade e em justi\u00e7a diante dele,&nbsp;\/&nbsp;enquanto perdurarem nossos dias.&nbsp;\u2013 R.<\/p>\n\n\n\n<p>Evangelho:&nbsp;<strong>Lucas 12,13-21<\/strong><\/p>\n\n\n\n<p><strong><em>Aleluia, aleluia, aleluia.<\/em><\/strong><\/p>\n\n\n\n<p><strong>Felizes os humildes de esp\u00edrito,&nbsp;\/&nbsp;porque deles \u00e9 o Reino dos C\u00e9us (Mt 5,3).&nbsp;\u2013 R.<\/strong><\/p>\n\n\n\n<p>Proclama\u00e7\u00e3o do Evangelho de Jesus Cristo segundo Lucas \u2013 Naquele tempo,&nbsp;<sup>13<\/sup>algu\u00e9m, do meio da multid\u00e3o, disse a Jesus: \u201cMestre, dize ao meu irm\u00e3o que reparta a heran\u00e7a comigo\u201d.&nbsp;<sup>14<\/sup>Jesus respondeu: \u201cHomem, quem me encarregou de julgar ou de dividir vossos bens?\u201d&nbsp;<sup>15<\/sup>E disse-lhes: \u201cAten\u00e7\u00e3o! Tomai cuidado contra todo tipo de gan\u00e2ncia, porque, mesmo que algu\u00e9m tenha muitas coisas, a vida de um homem n\u00e3o consiste na abund\u00e2ncia de bens\u201d.<sup>&nbsp;16<\/sup>E contou-lhes uma par\u00e1bola: \u201cA terra de um homem rico deu uma grande colheita.&nbsp;<sup>17<\/sup>Ele pensava consigo mesmo: \u2018O que vou fazer? N\u00e3o tenho onde guardar minha colheita\u2019.&nbsp;<sup>18<\/sup>Ent\u00e3o resolveu: \u2018J\u00e1 sei o que fazer! Vou derrubar meus celeiros e construir maiores; neles vou guardar todo o meu trigo, junto com os meus bens.&nbsp;<sup>19<\/sup>Ent\u00e3o poderei dizer a mim mesmo: Meu caro, tu tens uma boa reserva para muitos anos. Descansa, come, bebe, aproveita!\u2019&nbsp;<sup>20<\/sup>Mas Deus lhe disse: \u2018Louco! Ainda nesta noite, pedir\u00e3o de volta a tua vida. E para quem ficar\u00e1 o que tu acumulaste?\u2019&nbsp;<sup>21<\/sup>Assim acontece com quem ajunta tesouros para si mesmo, mas n\u00e3o \u00e9 rico diante de Deus\u201d. \u2013&nbsp; Palavra da salva\u00e7\u00e3o.<\/p>\n\n\n\n<p>Reflex\u00e3o:<\/p>\n\n\n\n<p><em>S\u00e3o proverbiais as brigas por causa de reparti\u00e7\u00e3o de heran\u00e7a. Jesus bem conhecia essa realidade que, pelo jeito, corre os s\u00e9culos. A pergunta de um herdeiro oferece a ocasi\u00e3o para Jesus nos ensinar sobre a necessidade de vivermos desapegados dos bens terrenos: \u201cEvitem todo tipo de gan\u00e2ncia\u201d. Por mais rico que seja algu\u00e9m, \u201csua vida n\u00e3o \u00e9 garantida pelos seus bens\u201d. N\u00e3o raro, vemos, pela m\u00eddia, que muitos rica\u00e7os se desdobram gastando fortunas para curar-se de um c\u00e2ncer. Toda a quantia investida no tratamento n\u00e3o \u00e9 capaz de derrotar a doen\u00e7a. Dinheiro chama dinheiro, riqueza produz riqueza, armaz\u00e9m lotado de mercadoria exige mais armaz\u00e9ns lotados. Para que tudo isso? Importante, diz Jesus, \u00e9 ser rico para Deus. Cabe-nos perguntar: como estou administrando o dom da vida que Deus me deu?<\/em><\/p>\n","protected":false},"excerpt":{"rendered":"<p>Clamo por v\u00f3s, meu Deus, porque me atendestes; inclinai vosso ouvido e escutai-me. Guardai-me como a pupila dos olhos, \u00e0 sombra das vossas asas abrigai-me (Sl 16,6.8). Por sua f\u00e9 inabal\u00e1vel nas promessas&#8230;<\/p>\n","protected":false},"author":2,"featured_media":21337,"comment_status":"open","ping_status":"open","sticky":false,"template":"","format":"standard","meta":[],"categories":[7],"tags":[],"_links":{"self":[{"href":"https:\/\/www.salvatorianas.org.br\/blog\/wp-json\/wp\/v2\/posts\/21336"}],"collection":[{"href":"https:\/\/www.salvatorianas.org.br\/blog\/wp-json\/wp\/v2\/posts"}],"about":[{"href":"https:\/\/www.salvatorianas.org.br\/blog\/wp-json\/wp\/v2\/types\/post"}],"author":[{"embeddable":true,"href":"https:\/\/www.salvatorianas.org.br\/blog\/wp-json\/wp\/v2\/users\/2"}],"replies":[{"embeddable":true,"href":"https:\/\/www.salvatorianas.org.br\/blog\/wp-json\/wp\/v2\/comments?post=21336"}],"version-history":[{"count":1,"href":"https:\/\/www.salvatorianas.org.br\/blog\/wp-json\/wp\/v2\/posts\/21336\/revisions"}],"predecessor-version":[{"id":21338,"href":"https:\/\/www.salvatorianas.org.br\/blog\/wp-json\/wp\/v2\/posts\/21336\/revisions\/21338"}],"wp:featuredmedia":[{"embeddable":true,"href":"https:\/\/www.salvatorianas.org.br\/blog\/wp-json\/wp\/v2\/media\/21337"}],"wp:attachment":[{"href":"https:\/\/www.salvatorianas.org.br\/blog\/wp-json\/wp\/v2\/media?parent=21336"}],"wp:term":[{"taxonomy":"category","embeddable":true,"href":"https:\/\/www.salvatorianas.org.br\/blog\/wp-json\/wp\/v2\/categories?post=21336"},{"taxonomy":"post_tag","embeddable":true,"href":"https:\/\/www.salvatorianas.org.br\/blog\/wp-json\/wp\/v2\/tags?post=21336"}],"curies":[{"name":"wp","href":"https:\/\/api.w.org\/{rel}","templated":true}]}}