{"id":21333,"date":"2023-10-22T01:23:00","date_gmt":"2023-10-22T01:23:00","guid":{"rendered":"https:\/\/www.salvatorianas.org.br\/blog\/?p=21333"},"modified":"2023-10-20T19:24:18","modified_gmt":"2023-10-20T19:24:18","slug":"29o-domingo-do-tempo-comum-ano-a","status":"publish","type":"post","link":"https:\/\/www.salvatorianas.org.br\/blog\/29o-domingo-do-tempo-comum-ano-a\/","title":{"rendered":"29\u00ba Domingo do Tempo Comum, Ano A"},"content":{"rendered":"\n<p>Clamo por v\u00f3s, meu Deus, porque me atendestes; inclinai vosso ouvido e escutai-me. Guardai-me como a pupila dos olhos, \u00e0 sombra das vossas asas abrigai-me (Sl 16,6.8).<\/p>\n\n\n\n<p><em>Nesta celebra\u00e7\u00e3o, demos gl\u00f3ria ao Senhor, que tem em suas m\u00e3os a hist\u00f3ria e nos concede seu Esp\u00edrito para vencermos as for\u00e7as contr\u00e1rias ao seu Reino. A Deus pertence a vida das pessoas, e n\u00e3o aos poderes do mundo. Este dia das miss\u00f5es \u2013 com o lema: \u201cCora\u00e7\u00f5es ardentes, p\u00e9s a caminho\u201d \u2013 recorda que todos somos mission\u00e1rios a servi\u00e7o da vida do povo.<\/em><\/p>\n\n\n\n<p>Primeira Leitura:&nbsp;<strong>Isa\u00edas 45,1.4-6<\/strong><\/p>\n\n\n\n<p>Leitura do livro do profeta Isa\u00edas \u2013&nbsp;<sup>1<\/sup>Isto diz o Senhor sobre Ciro, seu ungido: \u201cTomei-o pela m\u00e3o para submeter os povos ao seu dom\u00ednio, dobrar o orgulho dos reis, abrir todas as portas \u00e0 sua marcha e para n\u00e3o deixar trancar os port\u00f5es.&nbsp;<sup>4<\/sup>Por causa de meu servo Jac\u00f3 e de meu eleito Israel, chamei-te pelo nome; reservei-te, e n\u00e3o me reconheceste.&nbsp;<sup>5<\/sup>Eu sou o Senhor, n\u00e3o existe outro: fora de mim n\u00e3o h\u00e1 deus. Armei-te guerreiro, sem me reconheceres,&nbsp;<sup>6<\/sup>para que todos saibam, do oriente ao ocidente, que fora de mim outro n\u00e3o existe. Eu sou o Senhor, n\u00e3o h\u00e1 outro\u201d. \u2013 Palavra do Senhor.<\/p>\n\n\n\n<p>Salmo Responsorial:&nbsp;<strong>95(96)<\/strong><\/p>\n\n\n\n<p><em><strong>\u00d3 fam\u00edlia das na\u00e7\u00f5es, dai ao Senhor poder e gl\u00f3ria!<\/strong><\/em><\/p>\n\n\n\n<p>1. Cantai ao Senhor Deus um canto novo,&nbsp;\/&nbsp;cantai ao Senhor Deus, \u00f3 terra inteira!&nbsp;\/&nbsp;Manifestai a sua gl\u00f3ria entre as na\u00e7\u00f5es&nbsp;\/&nbsp;e, entre os povos do universo, seus prod\u00edgios!&nbsp;\u2013 R.<\/p>\n\n\n\n<p>2. Pois Deus \u00e9 grande e muito digno de louvor,&nbsp;\/&nbsp;\u00e9 mais terr\u00edvel e maior que os outros deuses,&nbsp;\/&nbsp;porque um nada s\u00e3o os deuses dos pag\u00e3os.&nbsp;\/&nbsp;Foi o Senhor e nosso Deus quem fez os c\u00e9us.&nbsp;\u2013 R.<\/p>\n\n\n\n<p><br>3. \u00d3 fam\u00edlia das na\u00e7\u00f5es, dai ao Senhor,&nbsp;\/&nbsp;\u00f3 na\u00e7\u00f5es, dai ao Senhor poder e gl\u00f3ria,&nbsp;\/&nbsp;dai-lhe a gl\u00f3ria que \u00e9 devida ao seu nome!&nbsp;\/&nbsp;Oferecei um sacrif\u00edcio nos seus \u00e1trios.&nbsp;\u2013 R.<\/p>\n\n\n\n<p>4. Adorai-o no esplendor da santidade,&nbsp;\/&nbsp;terra inteira, estremecei diante dele!&nbsp;\/&nbsp;Publicai entre as na\u00e7\u00f5es: \u201cReina o Senhor!\u201d,&nbsp;\/&nbsp;pois os povos ele julga com justi\u00e7a.&nbsp;\u2013 R.<\/p>\n\n\n\n<p>Segunda Leitura:&nbsp;<strong>1 Tessalonicenses 1,1-5<\/strong><\/p>\n\n\n\n<p>Leitura da primeira carta de S\u00e3o Paulo aos Tessalonicenses \u2013&nbsp;<sup>1<\/sup>Paulo, Silvano e Tim\u00f3teo \u00e0 igreja dos tessalonicenses, reunida em Deus Pai e no Senhor Jesus Cristo: a v\u00f3s, gra\u00e7a e paz!&nbsp;<sup>2<\/sup>Damos gra\u00e7as a Deus por todos v\u00f3s, lembrando-vos sempre em nossas ora\u00e7\u00f5es.&nbsp;<sup>3<\/sup>Diante de Deus, nosso Pai, recordamos sem cessar a atua\u00e7\u00e3o da vossa f\u00e9, o esfor\u00e7o da vossa caridade e a firmeza da vossa esperan\u00e7a em nosso Senhor Jesus Cristo.&nbsp;<sup>4<\/sup>Sabemos, irm\u00e3os amados por Deus, que sois do n\u00famero dos escolhidos.&nbsp;<sup>5<\/sup>Porque o nosso Evangelho n\u00e3o chegou at\u00e9 v\u00f3s somente por meio de palavras, mas tamb\u00e9m mediante a for\u00e7a que \u00e9 o Esp\u00edrito Santo; e isso com toda a abund\u00e2ncia. \u2013 Palavra do Senhor.<\/p>\n\n\n\n<p>Evangelho:&nbsp;<strong>Mateus 22,15-21<\/strong><\/p>\n\n\n\n<p><strong><em>Aleluia, aleluia, aleluia.<\/em><\/strong><\/p>\n\n\n\n<p><strong>Como astros no mundo, v\u00f3s resplande\u00e7ais,&nbsp;\/&nbsp;mensagem de vida ao mundo anunciando;&nbsp;\/&nbsp;da vida a Palavra, com f\u00e9, proclameis,&nbsp;\/&nbsp;quais astros luzentes no mundo brilheis (Fl 2,15s).&nbsp;\u2013 R.<\/strong><\/p>\n\n\n\n<p>Proclama\u00e7\u00e3o do Evangelho de Jesus Cristo segundo Mateus \u2013 Naquele tempo,&nbsp;<sup>15<\/sup>os fariseus fizeram um plano para apanhar Jesus em alguma palavra.&nbsp;<sup>16<\/sup>Ent\u00e3o mandaram os seus disc\u00edpulos, junto com alguns do partido de Herodes, para dizerem a Jesus: \u201cMestre, sabemos que \u00e9s verdadeiro e que, de fato, ensinas o caminho de Deus. N\u00e3o te deixas influenciar pela opini\u00e3o dos outros, pois n\u00e3o julgas um homem pelas apar\u00eancias.&nbsp;<sup>17<\/sup>Dize-nos, pois, o que pensas: \u00e9 l\u00edcito ou n\u00e3o pagar imposto a C\u00e9sar?\u201d&nbsp;<sup>18<\/sup>Jesus percebeu a maldade deles e disse: \u201cHip\u00f3critas! Por que me preparais uma armadilha?&nbsp;<sup>19<\/sup>Mostrai-me a moeda do imposto!\u201d Levaram-lhe ent\u00e3o a moeda.&nbsp;<sup>20<\/sup>E Jesus disse: \u201cDe quem \u00e9 a figura e a inscri\u00e7\u00e3o desta moeda?\u201d&nbsp;<sup>21<\/sup>Eles responderam: \u201cDe C\u00e9sar\u201d. Jesus ent\u00e3o lhes disse: \u201cDai, pois, a C\u00e9sar o que \u00e9 de C\u00e9sar e a Deus o que \u00e9 de Deus\u201d. \u2013 Palavra da salva\u00e7\u00e3o.<\/p>\n\n\n\n<p>Reflex\u00e3o:<\/p>\n\n\n\n<p><em>Fariseus e herodianos se unem com inten\u00e7\u00e3o bem definida: \u201capanhar Jesus em alguma palavra\u201d. Os fariseus eram contr\u00e1rios ao dom\u00ednio de Roma; os herodianos, a favor. As palavras iniciais que eles dirigem a Jesus correspondem \u00e0 verdade (\u201cSabemos que tu \u00e9s verdadeiro\u201d), mas nos l\u00e1bios deles revelam falsidade e ironia. De fato, se quisessem ser disc\u00edpulos de Jesus, n\u00e3o lhe armariam ciladas! Pagar imposto ao imperador era aceit\u00e1-lo como divindade. Como poderia um judeu, adorador do Deus \u00fanico, pagar esse imposto? Jesus introduz uma novidade: o poder absoluto de Deus. Ao imperador romano paga-se o tributo (\u201cDevolvam a C\u00e9sar\u2026\u201d), j\u00e1 que o povo est\u00e1 sob seu dom\u00ednio, mas n\u00e3o se pode sacrificar o povo com pesados tributos, porque o povo pertence ao Deus todo-poderoso (\u201cDevolvam\u2026 a Deus o que \u00e9 de Deus\u201d).<\/em><\/p>\n","protected":false},"excerpt":{"rendered":"<p>Clamo por v\u00f3s, meu Deus, porque me atendestes; inclinai vosso ouvido e escutai-me. Guardai-me como a pupila dos olhos, \u00e0 sombra das vossas asas abrigai-me (Sl 16,6.8). Nesta celebra\u00e7\u00e3o, demos gl\u00f3ria ao Senhor,&#8230;<\/p>\n","protected":false},"author":2,"featured_media":21334,"comment_status":"open","ping_status":"open","sticky":false,"template":"","format":"standard","meta":[],"categories":[7],"tags":[],"_links":{"self":[{"href":"https:\/\/www.salvatorianas.org.br\/blog\/wp-json\/wp\/v2\/posts\/21333"}],"collection":[{"href":"https:\/\/www.salvatorianas.org.br\/blog\/wp-json\/wp\/v2\/posts"}],"about":[{"href":"https:\/\/www.salvatorianas.org.br\/blog\/wp-json\/wp\/v2\/types\/post"}],"author":[{"embeddable":true,"href":"https:\/\/www.salvatorianas.org.br\/blog\/wp-json\/wp\/v2\/users\/2"}],"replies":[{"embeddable":true,"href":"https:\/\/www.salvatorianas.org.br\/blog\/wp-json\/wp\/v2\/comments?post=21333"}],"version-history":[{"count":1,"href":"https:\/\/www.salvatorianas.org.br\/blog\/wp-json\/wp\/v2\/posts\/21333\/revisions"}],"predecessor-version":[{"id":21335,"href":"https:\/\/www.salvatorianas.org.br\/blog\/wp-json\/wp\/v2\/posts\/21333\/revisions\/21335"}],"wp:featuredmedia":[{"embeddable":true,"href":"https:\/\/www.salvatorianas.org.br\/blog\/wp-json\/wp\/v2\/media\/21334"}],"wp:attachment":[{"href":"https:\/\/www.salvatorianas.org.br\/blog\/wp-json\/wp\/v2\/media?parent=21333"}],"wp:term":[{"taxonomy":"category","embeddable":true,"href":"https:\/\/www.salvatorianas.org.br\/blog\/wp-json\/wp\/v2\/categories?post=21333"},{"taxonomy":"post_tag","embeddable":true,"href":"https:\/\/www.salvatorianas.org.br\/blog\/wp-json\/wp\/v2\/tags?post=21333"}],"curies":[{"name":"wp","href":"https:\/\/api.w.org\/{rel}","templated":true}]}}