{"id":21309,"date":"2023-10-18T18:39:40","date_gmt":"2023-10-18T18:39:40","guid":{"rendered":"https:\/\/www.salvatorianas.org.br\/blog\/?p=21309"},"modified":"2023-10-24T17:41:04","modified_gmt":"2023-10-24T17:41:04","slug":"comunicado-de-falecimento-43","status":"publish","type":"post","link":"https:\/\/www.salvatorianas.org.br\/blog\/comunicado-de-falecimento-43\/","title":{"rendered":"Comunicado de falecimento"},"content":{"rendered":"\n<figure class=\"wp-block-gallery has-nested-images columns-default is-cropped wp-block-gallery-1 is-layout-flex\"><\/figure>\n\n\n\n<p>\u201cExistem muitas moradas na casa de meu Pai. Se n\u00e3o fosse assim, eu lhes teria dito, porque vou preparar um lugar para voc\u00eas. E quando eu for e lhes tiver preparado um lugar, voltarei e levarei voc\u00eas comigo, para que onde eu estiver, estejam voc\u00eas tamb\u00e9m\u201d. (Jo\u00e3o 14, 2-3)<\/p>\n\n\n\n<p>Ir. In\u00eas Deon com 88 anos de idade e 69 anos como Irm\u00e3 Salvatoriana recebe o \u00faltimo chamado de Deus para o encontro definitivo com Ele. Comunicamos o seu falecimento ocorrido hoje, dia 18 de Outubro de 2023, em Passo Fundo\/RS.<br>N\u00f3s, Irm\u00e3s Salvatorianas e familiares, compartilhamos esse momento de f\u00e9, de entrega e louvor a Deus Salvador pela vida dessa nossa querida irm\u00e3.<br>Seu vel\u00f3rio acontecer\u00e1 na Capela Mortu\u00e1ria Municipal da Planaltina, em Passo Fundo\/RS. A celebra\u00e7\u00e3o de corpo presente ser\u00e1 dia 19\/10\/2023, \u00e0s 10 horas e, a seguir, seu sepultamento no Cemit\u00e9rio Memorial Vera Cruz, em Passo Fundo\/RS.<br>Nossa f\u00e9 est\u00e1 fundamentada, alicer\u00e7ada na ressurrei\u00e7\u00e3o porque Deus nos criou \u00e0 sua imagem para algo al\u00e9m do que n\u00f3s podemos experimentar aqui e agora. Descanse em paz, Ir. In\u00eas Deon. Obrigada por sua vida doada na miss\u00e3o&nbsp;salvatoriana.<\/p>\n","protected":false},"excerpt":{"rendered":"<p>\u201cExistem muitas moradas na casa de meu Pai. Se n\u00e3o fosse assim, eu lhes teria dito, porque vou preparar um lugar para voc\u00eas. E quando eu for e lhes tiver preparado um lugar,&#8230;<\/p>\n","protected":false},"author":2,"featured_media":21320,"comment_status":"open","ping_status":"open","sticky":false,"template":"","format":"standard","meta":[],"categories":[1],"tags":[],"_links":{"self":[{"href":"https:\/\/www.salvatorianas.org.br\/blog\/wp-json\/wp\/v2\/posts\/21309"}],"collection":[{"href":"https:\/\/www.salvatorianas.org.br\/blog\/wp-json\/wp\/v2\/posts"}],"about":[{"href":"https:\/\/www.salvatorianas.org.br\/blog\/wp-json\/wp\/v2\/types\/post"}],"author":[{"embeddable":true,"href":"https:\/\/www.salvatorianas.org.br\/blog\/wp-json\/wp\/v2\/users\/2"}],"replies":[{"embeddable":true,"href":"https:\/\/www.salvatorianas.org.br\/blog\/wp-json\/wp\/v2\/comments?post=21309"}],"version-history":[{"count":5,"href":"https:\/\/www.salvatorianas.org.br\/blog\/wp-json\/wp\/v2\/posts\/21309\/revisions"}],"predecessor-version":[{"id":21357,"href":"https:\/\/www.salvatorianas.org.br\/blog\/wp-json\/wp\/v2\/posts\/21309\/revisions\/21357"}],"wp:featuredmedia":[{"embeddable":true,"href":"https:\/\/www.salvatorianas.org.br\/blog\/wp-json\/wp\/v2\/media\/21320"}],"wp:attachment":[{"href":"https:\/\/www.salvatorianas.org.br\/blog\/wp-json\/wp\/v2\/media?parent=21309"}],"wp:term":[{"taxonomy":"category","embeddable":true,"href":"https:\/\/www.salvatorianas.org.br\/blog\/wp-json\/wp\/v2\/categories?post=21309"},{"taxonomy":"post_tag","embeddable":true,"href":"https:\/\/www.salvatorianas.org.br\/blog\/wp-json\/wp\/v2\/tags?post=21309"}],"curies":[{"name":"wp","href":"https:\/\/api.w.org\/{rel}","templated":true}]}}