{"id":21295,"date":"2023-10-18T01:27:00","date_gmt":"2023-10-18T01:27:00","guid":{"rendered":"https:\/\/www.salvatorianas.org.br\/blog\/?p=21295"},"modified":"2023-10-16T19:28:27","modified_gmt":"2023-10-16T19:28:27","slug":"sao-lucas-evangelista-festa-ano-a","status":"publish","type":"post","link":"https:\/\/www.salvatorianas.org.br\/blog\/sao-lucas-evangelista-festa-ano-a\/","title":{"rendered":"S\u00e3o Lucas, Evangelista, Festa, Ano A"},"content":{"rendered":"\n<p>Como s\u00e3o belos sobre os montes os passos daquele que anuncia a paz, trazendo a boa-nova e proclamando a salva\u00e7\u00e3o! (Is 52,7)<\/p>\n\n\n\n<p><em>Lucas nasceu em Antioquia no s\u00e9culo 1\u00ba. Autor do terceiro Evangelho e dos Atos dos Ap\u00f3stolos, salienta, em seus escritos, a miseric\u00f3rdia do Senhor e a presen\u00e7a eficaz do Esp\u00edrito Santo. Por ele conhecemos fatos ligados a Maria e \u00e0 inf\u00e2ncia de Jesus. Foi companheiro de Paulo nas suas viagens. Celebrando sua festa, proponhamo-nos ser zelosos anunciadores da Boa-nova e rezemos pelos m\u00e9dicos e m\u00e9dicas, dos quais ele \u00e9 patrono.<\/em><\/p>\n\n\n\n<p>Primeira Leitura:&nbsp;<strong>2 Tim\u00f3teo 4,10-17<\/strong><\/p>\n\n\n\n<p>Leitura da segunda carta de S\u00e3o Paulo a Tim\u00f3teo \u2013 Car\u00edssimo,&nbsp;<sup>10<\/sup>Demas me abandonou por amor deste mundo e foi para Tessal\u00f4nica. Crescente foi para a Gal\u00e1cia, Tito para a Dalm\u00e1cia.&nbsp;<sup>11<\/sup>S\u00f3 Lucas est\u00e1 comigo. Toma contigo Marcos e traze-o, porque me \u00e9 \u00fatil para o minist\u00e9rio.&nbsp;<sup>12<\/sup>Mandei T\u00edquico a \u00c9feso.&nbsp;<sup>13<\/sup>Quando vieres, traze contigo a capa que deixei em Tr\u00f4ade, em casa de Carpo, e os livros, principalmente os pergaminhos.&nbsp;<sup>14<\/sup>Alexandre, o ferreiro, tem-me causado muito dano; o Senhor lhe pagar\u00e1 segundo as suas obras!&nbsp;<sup>15<\/sup>Evita-o tamb\u00e9m tu, pois ele fez forte oposi\u00e7\u00e3o \u00e0s nossas palavras.&nbsp;<sup>16<\/sup>Na minha primeira defesa, ningu\u00e9m me assistiu; todos me abandonaram. Oxal\u00e1 que n\u00e3o lhes seja levado em conta.&nbsp;<sup>17<\/sup>Mas o Senhor esteve a meu lado e me deu for\u00e7as, ele fez com que a mensagem fosse anunciada por mim integralmente e ouvida por todas as na\u00e7\u00f5es. \u2013 Palavra do Senhor.<\/p>\n\n\n\n<p>Salmo Responsorial:&nbsp;<strong>144(145)<\/strong><\/p>\n\n\n\n<p><em><strong>\u00d3 Senhor, vossos amigos anunciem vosso Reino glorioso!<\/strong><\/em><\/p>\n\n\n\n<p>1. Que vossas obras, \u00f3 Senhor, vos glorifiquem&nbsp;\/&nbsp;e os vossos santos, com louvores, vos bendigam!&nbsp;\/&nbsp;Narrem a gl\u00f3ria e o esplendor do vosso reino&nbsp;\/&nbsp;e saibam proclamar vosso poder!&nbsp;\u2013 R.<\/p>\n\n\n\n<p>2. Para espalhar vossos prod\u00edgios entre os homens&nbsp;\/&nbsp;e o fulgor de vosso reino esplendoroso.&nbsp;\/&nbsp;O vosso reino \u00e9 um reino para sempre,&nbsp;\/&nbsp;vosso poder, de gera\u00e7\u00e3o em gera\u00e7\u00e3o.&nbsp;\u2013 R.<\/p>\n\n\n\n<p>3. \u00c9 justo o Senhor em seus caminhos,&nbsp;\/&nbsp;\u00e9 santo em toda obra que ele faz.&nbsp;\/&nbsp;Ele est\u00e1 perto da pessoa que o invoca,&nbsp;\/&nbsp;de todo aquele que o invoca lealmente.&nbsp;\u2013 R.<\/p>\n\n\n\n<p>Evangelho:&nbsp;<strong>Lucas 10,1-9<\/strong><\/p>\n\n\n\n<p><strong><em>Aleluia<\/em><em>, aleluia, aleluia.<\/em><\/strong><\/p>\n\n\n\n<p><strong>Eu vos designei para que vades e deis frutos,&nbsp;\/&nbsp;e o vosso fruto permane\u00e7a, assim disse o Senhor (Jo 15,16).&nbsp;\u2013 R.<\/strong><\/p>\n\n\n\n<p>Proclama\u00e7\u00e3o do Evangelho de Jesus Cristo segundo Lucas \u2013 Naquele tempo,&nbsp;<sup>1<\/sup>o Senhor escolheu outros setenta e dois disc\u00edpulos e os enviou dois a dois, na sua frente, a toda cidade e lugar aonde ele pr\u00f3prio devia ir.&nbsp;<sup>2<\/sup>E dizia-lhes: \u201cA messe \u00e9 grande, mas os trabalhadores s\u00e3o poucos. Por isso, pedi ao dono da messe que mande trabalhadores para a colheita.&nbsp;<sup>3<\/sup>Eis que vos envio como cordeiros para o meio de lobos.&nbsp;<sup>4<\/sup>N\u00e3o leveis bolsa, nem sacola, nem sand\u00e1lias e n\u00e3o cumprimenteis ningu\u00e9m pelo caminho!&nbsp;<sup>5<\/sup>Em qualquer casa em que entrardes, dizei primeiro: \u2018A paz esteja nesta casa!\u2019&nbsp;<sup>6<\/sup>Se ali morar um amigo da paz, a vossa paz repousar\u00e1 sobre ele; se n\u00e3o, ela voltar\u00e1 para v\u00f3s.&nbsp;<sup>7<\/sup>Permanecei naquela mesma casa, comei e bebei do que tiverem, porque o trabalhador merece o seu sal\u00e1rio. N\u00e3o passeis de casa em casa.&nbsp;<sup>8<\/sup>Quando entrardes numa cidade e fordes bem recebidos, comei do que vos servirem,&nbsp;<sup>9<\/sup>curai os doentes que nela houver e dizei ao povo: \u2018O Reino de Deus est\u00e1 pr\u00f3ximo de v\u00f3s&#8217;\u201d. \u2013 Palavra da salva\u00e7\u00e3o.<\/p>\n\n\n\n<p>Reflex\u00e3o:<\/p>\n\n\n\n<p><em>Uma tradi\u00e7\u00e3o do II s\u00e9culo nos apresenta Lucas, um s\u00edrio proveniente de Antioquia, como o autor do terceiro Evangelho e dos Atos dos Ap\u00f3stolos. Alguns textos b\u00edblicos do Novo Testamento citam seu nome: carta a Fil\u00eamon (v. 24), segunda carta a Tim\u00f3teo (4,11); carta aos Colossenses (4,14), cujo autor o sa\u00fada como \u201cLucas, o m\u00e9dico amado\u201d. Pelos estudos comparativos com a linguagem e o estilo dos outros m\u00e9dicos gregos da \u00e9poca, pode-se afirmar que, nas duas obras de Lucas, transparece claramente certa familiaridade com o linguajar m\u00e9dico. Lucas era homem culto e conhecia muito bem a l\u00edngua grega. S\u00e3o Jer\u00f4nimo manifesta admira\u00e7\u00e3o pelo escritor, \u201co mais dotado em l\u00edngua grega entre os evangelistas\u201d. Seus dotes foram colocados a servi\u00e7o da reda\u00e7\u00e3o e da difus\u00e3o do Evangelho.<\/em><\/p>\n","protected":false},"excerpt":{"rendered":"<p>Como s\u00e3o belos sobre os montes os passos daquele que anuncia a paz, trazendo a boa-nova e proclamando a salva\u00e7\u00e3o! (Is 52,7) Lucas nasceu em Antioquia no s\u00e9culo 1\u00ba. Autor do terceiro Evangelho&#8230;<\/p>\n","protected":false},"author":2,"featured_media":21296,"comment_status":"open","ping_status":"open","sticky":false,"template":"","format":"standard","meta":[],"categories":[7],"tags":[],"_links":{"self":[{"href":"https:\/\/www.salvatorianas.org.br\/blog\/wp-json\/wp\/v2\/posts\/21295"}],"collection":[{"href":"https:\/\/www.salvatorianas.org.br\/blog\/wp-json\/wp\/v2\/posts"}],"about":[{"href":"https:\/\/www.salvatorianas.org.br\/blog\/wp-json\/wp\/v2\/types\/post"}],"author":[{"embeddable":true,"href":"https:\/\/www.salvatorianas.org.br\/blog\/wp-json\/wp\/v2\/users\/2"}],"replies":[{"embeddable":true,"href":"https:\/\/www.salvatorianas.org.br\/blog\/wp-json\/wp\/v2\/comments?post=21295"}],"version-history":[{"count":1,"href":"https:\/\/www.salvatorianas.org.br\/blog\/wp-json\/wp\/v2\/posts\/21295\/revisions"}],"predecessor-version":[{"id":21297,"href":"https:\/\/www.salvatorianas.org.br\/blog\/wp-json\/wp\/v2\/posts\/21295\/revisions\/21297"}],"wp:featuredmedia":[{"embeddable":true,"href":"https:\/\/www.salvatorianas.org.br\/blog\/wp-json\/wp\/v2\/media\/21296"}],"wp:attachment":[{"href":"https:\/\/www.salvatorianas.org.br\/blog\/wp-json\/wp\/v2\/media?parent=21295"}],"wp:term":[{"taxonomy":"category","embeddable":true,"href":"https:\/\/www.salvatorianas.org.br\/blog\/wp-json\/wp\/v2\/categories?post=21295"},{"taxonomy":"post_tag","embeddable":true,"href":"https:\/\/www.salvatorianas.org.br\/blog\/wp-json\/wp\/v2\/tags?post=21295"}],"curies":[{"name":"wp","href":"https:\/\/api.w.org\/{rel}","templated":true}]}}