{"id":21288,"date":"2023-10-16T01:43:00","date_gmt":"2023-10-16T01:43:00","guid":{"rendered":"https:\/\/www.salvatorianas.org.br\/blog\/?p=21288"},"modified":"2023-10-13T19:43:45","modified_gmt":"2023-10-13T19:43:45","slug":"28a-semana-do-tempo-comum-ano-impar-i","status":"publish","type":"post","link":"https:\/\/www.salvatorianas.org.br\/blog\/28a-semana-do-tempo-comum-ano-impar-i\/","title":{"rendered":"28\u00aa Semana do Tempo Comum, Ano \u00cdmpar (I)"},"content":{"rendered":"\n<p>Senhor, se levardes em conta as nossas faltas, quem poder\u00e1 subsistir? Mas em v\u00f3s encontra-se o perd\u00e3o, Deus de Israel (Sl 129,3s).<\/p>\n\n\n\n<p><em>Todos os povos \u201cs\u00e3o chamados a ser disc\u00edpulos de Jesus Cristo\u201d. Pelo batismo, somos inseridos na comunidade crist\u00e3. A liturgia nos convida a ser crist\u00e3os de fato, pondo de lado toda resist\u00eancia \u00e0 ades\u00e3o a Cristo e assumindo o firme prop\u00f3sito de anunci\u00e1-lo por toda parte.<\/em><\/p>\n\n\n\n<p>Primeira Leitura:&nbsp;<strong>Romanos 1,1-7<\/strong><\/p>\n\n\n\n<p>In\u00edcio da carta de S\u00e3o Paulo aos Romanos \u2013&nbsp;<sup>1<\/sup>Paulo, servo de Jesus Cristo, ap\u00f3stolo por voca\u00e7\u00e3o, escolhido para o Evangelho de Deus,&nbsp;<sup>2<\/sup>que pelos profetas havia prometido, nas Escrituras,&nbsp;<sup>3<\/sup>e que diz respeito a seu Filho, descendente de Davi segundo a carne, autenticado como Filho de Deus com poder, pelo Esp\u00edrito de santidade que o ressuscitou dos mortos, Jesus Cristo, nosso Senhor.&nbsp;<sup>4<\/sup>\u00c9 por ele que recebemos a gra\u00e7a da voca\u00e7\u00e3o para o apostolado, a fim de podermos trazer \u00e0 obedi\u00eancia da f\u00e9 todos os povos pag\u00e3os, para a gl\u00f3ria de seu nome.&nbsp;<sup>6<\/sup>Entre esses povos estais tamb\u00e9m v\u00f3s, chamados a ser disc\u00edpulos de Jesus Cristo.&nbsp;<sup>7<\/sup>A v\u00f3s todos que morais em Roma, amados de Deus e santos por voca\u00e7\u00e3o, gra\u00e7a e paz da parte de Deus, nosso Pai, e de nosso Senhor, Jesus Cristo. \u2013 Palavra do Senhor.<\/p>\n\n\n\n<p>Salmo Responsorial:&nbsp;<strong>97(98)<\/strong><\/p>\n\n\n\n<p><em><strong>O Senhor fez conhecer a salva\u00e7\u00e3o.<\/strong><\/em><\/p>\n\n\n\n<p>1. Cantai ao Senhor Deus um canto novo,&nbsp;\/&nbsp;porque ele fez prod\u00edgios!&nbsp;\/&nbsp;Sua m\u00e3o e o seu bra\u00e7o forte e santo&nbsp;\/&nbsp;alcan\u00e7aram-lhe a vit\u00f3ria.&nbsp;\u2013 R.<\/p>\n\n\n\n<p>2. O Senhor fez conhecer a salva\u00e7\u00e3o&nbsp;\/&nbsp;e, \u00e0s na\u00e7\u00f5es, sua justi\u00e7a;&nbsp;\/&nbsp;recordou o seu amor sempre fiel&nbsp;\/&nbsp;pela casa de Israel.&nbsp;\u2013 R.<\/p>\n\n\n\n<p>3. Os confins do universo contemplaram&nbsp;\/&nbsp;a salva\u00e7\u00e3o do nosso Deus.&nbsp;\/&nbsp;Aclamai o Senhor Deus, \u00f3 terra inteira,&nbsp;\/&nbsp;alegrai-vos e exultai!&nbsp;\u2013 R.<\/p>\n\n\n\n<p>Evangelho:&nbsp;<strong>Lucas 11,29-32<\/strong><\/p>\n\n\n\n<p><strong><em>Aleluia, aleluia, aleluia.<\/em>&nbsp;&nbsp;&nbsp;<\/strong><\/p>\n\n\n\n<p><strong>Oxal\u00e1 ouv\u00edsseis hoje a sua voz:&nbsp;\/&nbsp;N\u00e3o fecheis os cora\u00e7\u00f5es como em Meriba! (Sl 94,8)&nbsp;\u2013 R.<\/strong><\/p>\n\n\n\n<p>Proclama\u00e7\u00e3o do Evangelho de Jesus Cristo segundo Lucas \u2013 Naquele tempo,&nbsp;<sup>29<\/sup>quando as multid\u00f5es se reuniram em grande quantidade, Jesus come\u00e7ou a dizer: \u201cEsta gera\u00e7\u00e3o \u00e9 uma gera\u00e7\u00e3o m\u00e1. Ela busca um sinal, mas nenhum sinal lhe ser\u00e1 dado, a n\u00e3o ser o sinal de Jonas.&nbsp;<sup>30<\/sup>Com efeito, assim como Jonas foi um sinal para os ninivitas, assim tamb\u00e9m ser\u00e1 o Filho do Homem para esta gera\u00e7\u00e3o.&nbsp;<sup>31<\/sup>No dia do julgamento, a rainha do Sul se levantar\u00e1 juntamente com os homens desta gera\u00e7\u00e3o e os condenar\u00e1. Porque ela veio de uma terra distante para ouvir a sabedoria de Salom\u00e3o. E aqui est\u00e1 quem \u00e9 maior do que Salom\u00e3o.&nbsp;<sup>32<\/sup>No dia do julgamento, os ninivitas se levantar\u00e3o juntamente com esta gera\u00e7\u00e3o e a condenar\u00e3o. Porque eles se converteram quando ouviram a prega\u00e7\u00e3o de Jonas. E aqui est\u00e1 quem \u00e9 maior do que Jonas\u201d. \u2013 Palavra da salva\u00e7\u00e3o.<\/p>\n\n\n\n<p>Reflex\u00e3o:<\/p>\n\n\n\n<p><em>Jesus sente que suas palavras e obras n\u00e3o encontram acolhimento no cora\u00e7\u00e3o de seus conterr\u00e2neos, sobretudo dos dirigentes do povo. De vez em quando, ele \u00e9 desafiado a exibir algum prod\u00edgio espetacular, capaz de convenc\u00ea-los de que ele \u00e9 verdadeiramente o Filho de Deus. No entanto, basta-lhes o eloquente sinal de Jonas. Jesus classifica esta gera\u00e7\u00e3o como malvada, isto \u00e9, aferrada a uma institui\u00e7\u00e3o que n\u00e3o abre m\u00e3o de privil\u00e9gios, que n\u00e3o aceita a proposta de uma sociedade assentada na pr\u00e1tica da justi\u00e7a e da fraternidade. \u00c9 uma gera\u00e7\u00e3o t\u00e3o avessa \u00e0 presen\u00e7a e mensagem de Jesus, que no dia do Julgamento ser\u00e1 condenada. N\u00e3o por Jesus, mas pelos que se converteram com a prega\u00e7\u00e3o de Salom\u00e3o e de Jonas. Aqui est\u00e1 algu\u00e9m (Jesus) que \u00e9 maior do que Salom\u00e3o e Jonas.<\/em><\/p>\n","protected":false},"excerpt":{"rendered":"<p>Senhor, se levardes em conta as nossas faltas, quem poder\u00e1 subsistir? Mas em v\u00f3s encontra-se o perd\u00e3o, Deus de Israel (Sl 129,3s). Todos os povos \u201cs\u00e3o chamados a ser disc\u00edpulos de Jesus Cristo\u201d&#8230;.<\/p>\n","protected":false},"author":2,"featured_media":21289,"comment_status":"open","ping_status":"open","sticky":false,"template":"","format":"standard","meta":[],"categories":[7],"tags":[],"_links":{"self":[{"href":"https:\/\/www.salvatorianas.org.br\/blog\/wp-json\/wp\/v2\/posts\/21288"}],"collection":[{"href":"https:\/\/www.salvatorianas.org.br\/blog\/wp-json\/wp\/v2\/posts"}],"about":[{"href":"https:\/\/www.salvatorianas.org.br\/blog\/wp-json\/wp\/v2\/types\/post"}],"author":[{"embeddable":true,"href":"https:\/\/www.salvatorianas.org.br\/blog\/wp-json\/wp\/v2\/users\/2"}],"replies":[{"embeddable":true,"href":"https:\/\/www.salvatorianas.org.br\/blog\/wp-json\/wp\/v2\/comments?post=21288"}],"version-history":[{"count":1,"href":"https:\/\/www.salvatorianas.org.br\/blog\/wp-json\/wp\/v2\/posts\/21288\/revisions"}],"predecessor-version":[{"id":21290,"href":"https:\/\/www.salvatorianas.org.br\/blog\/wp-json\/wp\/v2\/posts\/21288\/revisions\/21290"}],"wp:featuredmedia":[{"embeddable":true,"href":"https:\/\/www.salvatorianas.org.br\/blog\/wp-json\/wp\/v2\/media\/21289"}],"wp:attachment":[{"href":"https:\/\/www.salvatorianas.org.br\/blog\/wp-json\/wp\/v2\/media?parent=21288"}],"wp:term":[{"taxonomy":"category","embeddable":true,"href":"https:\/\/www.salvatorianas.org.br\/blog\/wp-json\/wp\/v2\/categories?post=21288"},{"taxonomy":"post_tag","embeddable":true,"href":"https:\/\/www.salvatorianas.org.br\/blog\/wp-json\/wp\/v2\/tags?post=21288"}],"curies":[{"name":"wp","href":"https:\/\/api.w.org\/{rel}","templated":true}]}}