{"id":21285,"date":"2023-10-15T01:42:00","date_gmt":"2023-10-15T01:42:00","guid":{"rendered":"https:\/\/www.salvatorianas.org.br\/blog\/?p=21285"},"modified":"2023-10-13T19:42:49","modified_gmt":"2023-10-13T19:42:49","slug":"28o-domingo-do-tempo-comum-ano-a","status":"publish","type":"post","link":"https:\/\/www.salvatorianas.org.br\/blog\/28o-domingo-do-tempo-comum-ano-a\/","title":{"rendered":"28\u00ba Domingo do Tempo Comum, Ano A"},"content":{"rendered":"\n<p>Senhor, se levardes em conta as nossas faltas, quem poder\u00e1 subsistir? Mas em v\u00f3s encontra-se o perd\u00e3o, Deus de Israel (Sl 129,3s).<\/p>\n\n\n\n<p><em>O Senhor, que p\u00f5e um fim \u00e0 desonra do seu povo, prepara-nos o banquete em sua casa, para celebrarmos sua salva\u00e7\u00e3o. A Igreja em sa\u00edda, fazendo da sinodalidade seu modo de ser, compartilha as dificuldades da humanidade e anuncia a alegria e a esperan\u00e7a do Evangelho pelos caminhos e encruzilhadas, convidando a todos. Vestidos com o traje de festa, tomemos parte na comunidade-esposa de Cristo.<\/em><\/p>\n\n\n\n<p>Primeira Leitura:&nbsp;<strong>Isa\u00edas 25,6-10<\/strong><\/p>\n\n\n\n<p>Leitura do livro do profeta Isa\u00edas \u2013&nbsp;<sup>6<\/sup>O Senhor dos ex\u00e9rcitos dar\u00e1 neste monte, para todos os povos, um banquete de ricas iguarias, regado com vinho puro, servido de pratos deliciosos e dos mais finos vinhos.&nbsp;<sup>7<\/sup>Ele remover\u00e1, neste monte, a ponta da cadeia que ligava todos os povos, a teia em que tinha envolvido todas as na\u00e7\u00f5es.&nbsp;<sup>8<\/sup>O Senhor Deus eliminar\u00e1 para sempre a morte, e enxugar\u00e1 as l\u00e1grimas de todas as faces, e acabar\u00e1 com a desonra do seu povo em toda a terra; o Senhor o disse.&nbsp;<sup>9<\/sup>Naquele dia se dir\u00e1: \u201cEste \u00e9 o nosso Deus, esperamos nele, at\u00e9 que nos salvou; este \u00e9 o Senhor, nele temos confiado: vamos alegrar-nos e exultar por nos ter salvo\u201d.&nbsp;<sup>10<\/sup>E a m\u00e3o do Senhor repousar\u00e1 sobre este monte. \u2013 Palavra do Senhor.<\/p>\n\n\n\n<p>Salmo Responsorial:&nbsp;<strong>22(23)<\/strong><\/p>\n\n\n\n<p><em><strong>Na casa do Senhor habitarei eternamente.<\/strong><\/em><\/p>\n\n\n\n<p>1. O Senhor \u00e9 o pastor que me conduz;&nbsp;\/&nbsp;n\u00e3o me falta coisa alguma.&nbsp;\/&nbsp;Pelos prados e campinas verdejantes&nbsp;\/&nbsp;ele me leva a descansar.&nbsp;\/&nbsp;Para as \u00e1guas repousantes me encaminha&nbsp;\/&nbsp;e restaura as minhas for\u00e7as.&nbsp;\u2013 R.<\/p>\n\n\n\n<p>2. Ele me guia no caminho mais seguro,&nbsp;\/&nbsp;pela honra do seu nome.&nbsp;\/&nbsp;Mesmo que eu passe pelo vale tenebroso,&nbsp;\/&nbsp;nenhum mal eu temerei;&nbsp;\/&nbsp;estais comigo com bast\u00e3o e com cajado:&nbsp;\/&nbsp;eles me d\u00e3o a seguran\u00e7a!&nbsp;\u2013 R.<\/p>\n\n\n\n<p>3. Preparais \u00e0 minha frente uma mesa,&nbsp;\/&nbsp;bem \u00e0 vista do inimigo,&nbsp;\/&nbsp;e com \u00f3leo v\u00f3s ungis minha cabe\u00e7a;&nbsp;\/&nbsp;o meu c\u00e1lice transborda.&nbsp;\u2013 R.<\/p>\n\n\n\n<p>4. Felicidade e todo bem h\u00e3o de seguir-me&nbsp;\/&nbsp;por toda a minha vida;&nbsp;\/&nbsp;e na casa do Senhor habitarei&nbsp;\/&nbsp;pelos tempos infinitos.&nbsp;\u2013 R.<\/p>\n\n\n\n<p>Segunda Leitura:&nbsp;<strong>Filipenses 4,12-14.19-20<\/strong><\/p>\n\n\n\n<p>Leitura da carta de S\u00e3o Paulo aos Filipenses \u2013 Irm\u00e3os,&nbsp;<sup>12<\/sup>sei viver na mis\u00e9ria e sei viver na abund\u00e2ncia. Eu aprendi o segredo de viver em toda e qualquer situa\u00e7\u00e3o, estando farto ou passando fome, tendo de sobra ou sofrendo necessidade.&nbsp;<sup>13<\/sup>Tudo posso naquele que me d\u00e1 for\u00e7a.&nbsp;<sup>14<\/sup>No entanto, fizestes bem em compartilhar as minhas dificuldades.&nbsp;<sup>19<\/sup>O meu Deus prover\u00e1 esplendidamente, com sua riqueza, a todas as vossas necessidades, em Cristo Jesus.&nbsp;<sup>20<\/sup>Ao nosso Deus e Pai, a gl\u00f3ria pelos s\u00e9culos dos s\u00e9culos. Am\u00e9m. \u2013 Palavra do Senhor.<\/p>\n\n\n\n<p>Evangelho:&nbsp;<strong>Mateus 22,1-14 ou 1-10<\/strong><\/p>\n\n\n\n<p><em><strong>[A forma breve est\u00e1 entre colchetes.]<\/strong><\/em><\/p>\n\n\n\n<p><strong><em>Aleluia<\/em><em>, aleluia, aleluia.<\/em><\/strong><\/p>\n\n\n\n<p><strong>Que o Pai do Senhor Jesus Cristo&nbsp;\/&nbsp;nos d\u00ea do saber o esp\u00edrito;&nbsp;\/&nbsp;conhe\u00e7amos, assim, a esperan\u00e7a&nbsp;\/&nbsp;\u00e0 qual nos chamou, como heran\u00e7a! (Ef 1,17s)&nbsp;\u2013 R.<\/strong><\/p>\n\n\n\n<p>Proclama\u00e7\u00e3o do Evangelho de Jesus Cristo segundo Mateus \u2013&nbsp;<strong>[<\/strong>Naquele tempo,&nbsp;<sup>1<\/sup>Jesus voltou a falar em par\u00e1bolas aos sumos sacerdotes e aos anci\u00e3os do povo, dizendo:&nbsp;<sup>2<\/sup>\u201cO Reino dos C\u00e9us \u00e9 como a hist\u00f3ria do rei que preparou a festa de casamento do seu filho.&nbsp;<sup>3<\/sup>E mandou os seus empregados para chamar os convidados para a festa, mas estes n\u00e3o quiseram ir.&nbsp;<sup>4<\/sup>O rei mandou outros empregados, dizendo: \u2018Dizei aos convidados: j\u00e1 preparei o banquete, os bois e os animais cevados j\u00e1 foram abatidos, e tudo est\u00e1 pronto. Vinde para a festa!\u2019&nbsp;<sup>5<\/sup>Mas os convidados n\u00e3o deram a menor aten\u00e7\u00e3o: um foi para o seu campo, outro para os seus neg\u00f3cios,&nbsp;<sup>6<\/sup>outros agarraram os empregados, bateram neles e os mataram.&nbsp;<sup>7<\/sup>O rei ficou indignado e mandou suas tropas para matar aqueles assassinos e incendiar a cidade deles.&nbsp;<sup>8<\/sup>Em seguida, o rei disse aos empregados: \u2018A festa de casamento est\u00e1 pronta, mas os convidados n\u00e3o foram dignos dela.&nbsp;<sup>9<\/sup>Portanto, ide at\u00e9 as encruzilhadas dos caminhos e convidai para a festa todos os que encontrardes\u2019.&nbsp;<sup>10<\/sup>Ent\u00e3o os empregados sa\u00edram pelos caminhos e reuniram todos os que encontraram, maus e bons. E a sala da festa ficou cheia de convidados.<strong>]<\/strong>&nbsp;<sup>11<\/sup>Quando o rei entrou para ver os convidados, observou a\u00ed um homem que n\u00e3o estava usando traje de festa&nbsp;<sup>12<\/sup>e perguntou-lhe: \u2018Amigo, como entraste aqui sem o traje de festa?\u2019 Mas o homem nada respondeu.&nbsp;<sup>13<\/sup>Ent\u00e3o o rei disse aos que serviam: \u2018Amarrai os p\u00e9s e as m\u00e3os desse homem e jogai-o fora, na escurid\u00e3o! A\u00ed haver\u00e1 choro e ranger de dentes\u2019.&nbsp;<sup>14<\/sup>Porque muitos s\u00e3o chamados, e poucos s\u00e3o escolhidos\u201d. \u2013 Palavra da salva\u00e7\u00e3o.<\/p>\n\n\n\n<p>Reflex\u00e3o:<\/p>\n\n\n\n<p><em>A festa de casamento ou banquete, na B\u00edblia, \u00e9 s\u00edmbolo da alian\u00e7a de Deus com o povo. O rei representa Deus. O filho que se casa \u00e9 Jesus. Os servos rejeitados pelos chefes religiosos s\u00e3o os profetas. Os primeiros convidados dizem sim, mas n\u00e3o comparecem. Deus n\u00e3o desiste e faz novo convite. Mas os convidados, envolvidos em seus interesses pessoais (campo, neg\u00f3cios), n\u00e3o d\u00e3o aten\u00e7\u00e3o. Outros partem para a viol\u00eancia e matam os profetas. A rea\u00e7\u00e3o do rei \u00e9 uma alus\u00e3o \u00e0 tomada de Jerusal\u00e9m pelos romanos, no ano 70 d.C. Sabemos, por\u00e9m, que n\u00e3o \u00e9 Deus quem destr\u00f3i. A pessoa \u00e9 que provoca a destrui\u00e7\u00e3o, quando rejeita a vida que Deus oferece. Enfim, o convite \u00e9 dirigido a todos, \u201cbons e maus\u201d. Mas n\u00e3o basta somente aceitar o convite. No Reino de Deus, \u00e9 necess\u00e1rio assumir a pr\u00e1tica da justi\u00e7a (roupa de festa).<\/em><\/p>\n","protected":false},"excerpt":{"rendered":"<p>Senhor, se levardes em conta as nossas faltas, quem poder\u00e1 subsistir? Mas em v\u00f3s encontra-se o perd\u00e3o, Deus de Israel (Sl 129,3s). O Senhor, que p\u00f5e um fim \u00e0 desonra do seu povo,&#8230;<\/p>\n","protected":false},"author":2,"featured_media":21286,"comment_status":"open","ping_status":"open","sticky":false,"template":"","format":"standard","meta":[],"categories":[7],"tags":[],"_links":{"self":[{"href":"https:\/\/www.salvatorianas.org.br\/blog\/wp-json\/wp\/v2\/posts\/21285"}],"collection":[{"href":"https:\/\/www.salvatorianas.org.br\/blog\/wp-json\/wp\/v2\/posts"}],"about":[{"href":"https:\/\/www.salvatorianas.org.br\/blog\/wp-json\/wp\/v2\/types\/post"}],"author":[{"embeddable":true,"href":"https:\/\/www.salvatorianas.org.br\/blog\/wp-json\/wp\/v2\/users\/2"}],"replies":[{"embeddable":true,"href":"https:\/\/www.salvatorianas.org.br\/blog\/wp-json\/wp\/v2\/comments?post=21285"}],"version-history":[{"count":1,"href":"https:\/\/www.salvatorianas.org.br\/blog\/wp-json\/wp\/v2\/posts\/21285\/revisions"}],"predecessor-version":[{"id":21287,"href":"https:\/\/www.salvatorianas.org.br\/blog\/wp-json\/wp\/v2\/posts\/21285\/revisions\/21287"}],"wp:featuredmedia":[{"embeddable":true,"href":"https:\/\/www.salvatorianas.org.br\/blog\/wp-json\/wp\/v2\/media\/21286"}],"wp:attachment":[{"href":"https:\/\/www.salvatorianas.org.br\/blog\/wp-json\/wp\/v2\/media?parent=21285"}],"wp:term":[{"taxonomy":"category","embeddable":true,"href":"https:\/\/www.salvatorianas.org.br\/blog\/wp-json\/wp\/v2\/categories?post=21285"},{"taxonomy":"post_tag","embeddable":true,"href":"https:\/\/www.salvatorianas.org.br\/blog\/wp-json\/wp\/v2\/tags?post=21285"}],"curies":[{"name":"wp","href":"https:\/\/api.w.org\/{rel}","templated":true}]}}