{"id":21282,"date":"2023-10-14T01:41:00","date_gmt":"2023-10-14T01:41:00","guid":{"rendered":"https:\/\/www.salvatorianas.org.br\/blog\/?p=21282"},"modified":"2023-10-13T19:41:36","modified_gmt":"2023-10-13T19:41:36","slug":"27a-semana-do-tempo-comum-ano-impar-i-3","status":"publish","type":"post","link":"https:\/\/www.salvatorianas.org.br\/blog\/27a-semana-do-tempo-comum-ano-impar-i-3\/","title":{"rendered":"27\u00aa Semana do Tempo Comum, Ano \u00cdmpar (I)"},"content":{"rendered":"\n<p>Senhor, tudo est\u00e1 em vosso poder, e ningu\u00e9m pode resistir \u00e0 vossa vontade. V\u00f3s fizestes todas as coisas: o c\u00e9u, a terra e tudo o que eles cont\u00eam; sois o Deus do universo! (Est 1,9ss)<\/p>\n\n\n\n<p><em>Deus por\u00e1 um fim a toda forma de injusti\u00e7a no mundo; os que lhe obedecem, por\u00e9m, ser\u00e3o recompensados: \u201cuma luz j\u00e1 se levanta para os justos, e a alegria para os retos cora\u00e7\u00f5es\u201d. A liturgia nos anima a viver segundo os mandamentos do Senhor, fonte da felicidade sem fim.<\/em><\/p>\n\n\n\n<p>Primeira Leitura:&nbsp;<strong>Joel 4,12-21<\/strong><\/p>\n\n\n\n<p>Leitura da profecia de Joel \u2013 Assim fala o Senhor:&nbsp;<sup>12<\/sup>\u201cLevantem-se e ponham-se em marcha os povos rumo ao vale de Josaf\u00e1; ali me sentarei como juiz para julgar todas as na\u00e7\u00f5es em redor.&nbsp;<sup>13<\/sup>Tomai a foice, pois a colheita est\u00e1 madura; vinde calcar, que o lagar est\u00e1 cheio: as tinas transbordam, porque grande \u00e9 a sua mal\u00edcia.&nbsp;<sup>14<\/sup>Povos e mais povos no vale da Decis\u00e3o: o dia do Senhor est\u00e1 pr\u00f3ximo no vale da Decis\u00e3o.&nbsp;<sup>15<\/sup>Escureceram o sol e a lua, e as estrelas perderam o brilho.&nbsp;<sup>16<\/sup>Desde Si\u00e3o rugir\u00e1 o Senhor, far\u00e1 ouvir sua voz desde Jerusal\u00e9m; tremer\u00e3o c\u00e9us e terra, mas o Senhor ser\u00e1 ref\u00fagio para o seu povo, ser\u00e1 a fortaleza dos filhos de Israel.&nbsp;<sup>17<\/sup>Sabereis, ent\u00e3o, que eu sou o Senhor, vosso Deus, que habito em Si\u00e3o, meu santo monte; Jerusal\u00e9m ser\u00e1 lugar sagrado, por onde n\u00e3o mais passar\u00e3o estranhos.&nbsp;<sup>18<\/sup>Acontecer\u00e1 naquele dia que os montes far\u00e3o correr vinho e as colinas manar\u00e3o leite; aos regatos de Jud\u00e1 n\u00e3o h\u00e1 de faltar \u00e1gua, e da casa do Senhor brotar\u00e1 uma fonte que ir\u00e1 alimentar a torrente de Setim.&nbsp;<sup>19<\/sup>O Egito ser\u00e1 devastado, e a Idumeia, devastada e deserta, por causa de suas atrocidades contra os filhos de Jud\u00e1, derramando sangue inocente em suas terras.&nbsp;<sup>20<\/sup>Jud\u00e1 ser\u00e1 habitada para sempre e Jerusal\u00e9m, por todos os s\u00e9culos.&nbsp;<sup>21<\/sup>Vingarei meu sangue, n\u00e3o o deixarei sem castigo\u201d. O Senhor est\u00e1 habitando em Si\u00e3o. \u2013 Palavra do Senhor.<\/p>\n\n\n\n<p>Salmo Responsorial:&nbsp;<strong>96(97)<\/strong><\/p>\n\n\n\n<p><em><strong>\u00d3 justos, alegrai-vos no Senhor!<\/strong><\/em><\/p>\n\n\n\n<p>1. Deus \u00e9 rei! Exulte a terra de alegria,&nbsp;\/&nbsp;e as ilhas numerosas rejubilem!&nbsp;\/&nbsp;Treva e nuvem o rodeiam no seu trono,&nbsp;\/&nbsp;que se apoia na justi\u00e7a e no direito.&nbsp;\u2013 R.<\/p>\n\n\n\n<p>2. As montanhas se derretem como cera&nbsp;\/&nbsp;ante a face do Senhor de toda a terra;&nbsp;\/&nbsp;e assim proclama o c\u00e9u sua justi\u00e7a,&nbsp;\/&nbsp;todos os povos podem ver a sua gl\u00f3ria.&nbsp;\u2013 R.<\/p>\n\n\n\n<p>3. Uma luz j\u00e1 se levanta para os justos,&nbsp;\/&nbsp;e a alegria, para os retos cora\u00e7\u00f5es.&nbsp;\/&nbsp;Homens justos, alegrai-vos no Senhor,&nbsp;\/&nbsp;celebrai e bendizei seu santo nome!&nbsp;\u2013 R.<\/p>\n\n\n\n<p>Evangelho:&nbsp;<strong>Lucas 11,27-28<\/strong><\/p>\n\n\n\n<p><strong><em>Aleluia, aleluia, aleluia.<\/em><\/strong><\/p>\n\n\n\n<p><strong>Feliz quem ouve e observa a Palavra de Deus! (Lc 11,28)&nbsp;\u2013 R.<\/strong><\/p>\n\n\n\n<p>Proclama\u00e7\u00e3o do Evangelho de Jesus Cristo segundo Lucas \u2013 Naquele tempo,&nbsp;<sup>27<\/sup>enquanto Jesus falava, uma mulher levantou a voz no meio da multid\u00e3o e lhe disse: \u201cFeliz o ventre que te trouxe e os seios que te amamentaram\u201d.&nbsp;<sup>28<\/sup>Jesus respondeu: \u201cMuito mais felizes s\u00e3o aqueles que ouvem a Palavra de Deus e a p\u00f5em em pr\u00e1tica\u201d. \u2013 Palavra da salva\u00e7\u00e3o.<\/p>\n\n\n\n<p>Reflex\u00e3o:<\/p>\n\n\n\n<p><em>Uma voz feminina, an\u00f4nima, dirige-se a Jesus, glorificando-lhe a m\u00e3e. Esta mulher, do meio da multid\u00e3o, representa o povo que continua acreditando nos privil\u00e9gios de um povo s\u00f3. Jesus, por\u00e9m, n\u00e3o vai nessa dire\u00e7\u00e3o. Ele vem para proclamar e estabelecer uma sociedade alternativa aberta a todos os povos. O crit\u00e9rio de perten\u00e7a ao Reino de Deus n\u00e3o \u00e9 a nacionalidade, mas a escuta e a pr\u00e1tica da Palavra de Deus. Quem ouve a Palavra de Deus, e a transforma em atos concretos, passa a fazer parte da fam\u00edlia de Jesus. Vai empenhar-se para a realiza\u00e7\u00e3o, neste mundo, da justi\u00e7a, da fraternidade e da paz. Quem assim o fizer ser\u00e1 verdadeiramente \u201cfeliz\u201d. Esta mulher do povo empresta sua voz \u00e0 humanidade que louva Maria por ter escutado e cumprido a Palavra de Deus.<\/em><\/p>\n","protected":false},"excerpt":{"rendered":"<p>Senhor, tudo est\u00e1 em vosso poder, e ningu\u00e9m pode resistir \u00e0 vossa vontade. V\u00f3s fizestes todas as coisas: o c\u00e9u, a terra e tudo o que eles cont\u00eam; sois o Deus do universo!&#8230;<\/p>\n","protected":false},"author":2,"featured_media":21283,"comment_status":"open","ping_status":"open","sticky":false,"template":"","format":"standard","meta":[],"categories":[7],"tags":[],"_links":{"self":[{"href":"https:\/\/www.salvatorianas.org.br\/blog\/wp-json\/wp\/v2\/posts\/21282"}],"collection":[{"href":"https:\/\/www.salvatorianas.org.br\/blog\/wp-json\/wp\/v2\/posts"}],"about":[{"href":"https:\/\/www.salvatorianas.org.br\/blog\/wp-json\/wp\/v2\/types\/post"}],"author":[{"embeddable":true,"href":"https:\/\/www.salvatorianas.org.br\/blog\/wp-json\/wp\/v2\/users\/2"}],"replies":[{"embeddable":true,"href":"https:\/\/www.salvatorianas.org.br\/blog\/wp-json\/wp\/v2\/comments?post=21282"}],"version-history":[{"count":1,"href":"https:\/\/www.salvatorianas.org.br\/blog\/wp-json\/wp\/v2\/posts\/21282\/revisions"}],"predecessor-version":[{"id":21284,"href":"https:\/\/www.salvatorianas.org.br\/blog\/wp-json\/wp\/v2\/posts\/21282\/revisions\/21284"}],"wp:featuredmedia":[{"embeddable":true,"href":"https:\/\/www.salvatorianas.org.br\/blog\/wp-json\/wp\/v2\/media\/21283"}],"wp:attachment":[{"href":"https:\/\/www.salvatorianas.org.br\/blog\/wp-json\/wp\/v2\/media?parent=21282"}],"wp:term":[{"taxonomy":"category","embeddable":true,"href":"https:\/\/www.salvatorianas.org.br\/blog\/wp-json\/wp\/v2\/categories?post=21282"},{"taxonomy":"post_tag","embeddable":true,"href":"https:\/\/www.salvatorianas.org.br\/blog\/wp-json\/wp\/v2\/tags?post=21282"}],"curies":[{"name":"wp","href":"https:\/\/api.w.org\/{rel}","templated":true}]}}