{"id":21276,"date":"2023-10-13T01:59:00","date_gmt":"2023-10-13T01:59:00","guid":{"rendered":"https:\/\/www.salvatorianas.org.br\/blog\/?p=21276"},"modified":"2023-10-11T20:04:27","modified_gmt":"2023-10-11T20:04:27","slug":"27a-semana-do-tempo-comum-ano-impar-i-5","status":"publish","type":"post","link":"https:\/\/www.salvatorianas.org.br\/blog\/27a-semana-do-tempo-comum-ano-impar-i-5\/","title":{"rendered":"27\u00aa Semana do Tempo Comum, Ano \u00cdmpar (I)"},"content":{"rendered":"\n<p>Senhor, tudo est\u00e1 em vosso poder, e ningu\u00e9m pode resistir \u00e0 vossa vontade. V\u00f3s fizestes todas as coisas: o c\u00e9u, a terra e tudo o que eles cont\u00eam; sois o Deus do universo! (Est 1,9ss)<\/p>\n\n\n\n<p><em>Toda calamidade pode transformar-se em alerta e ocasi\u00e3o para avaliarmos nosso caminho espiritual, pois o Senhor \u201cjulgar\u00e1 o mundo com justi\u00e7a, e as na\u00e7\u00f5es h\u00e1 de julgar com equidade\u201d. Estamos construindo nossa vida em Deus, ou deixamos nosso cora\u00e7\u00e3o dividido e vulner\u00e1vel ao mal?<\/em><\/p>\n\n\n\n<p>Primeira Leitura:&nbsp;<strong>Joel 1,13-15; 2,1-2<\/strong><\/p>\n\n\n\n<p>Leitura da profecia de Joel \u2013&nbsp;<sup>13<\/sup>Ponde as vestes e chorai, sacerdotes, gemei, ministros do altar. Entrai no templo, deitai-vos em sacos, ministros de Deus; a casa de vosso Deus est\u00e1 vazia de obla\u00e7\u00f5es e liba\u00e7\u00f5es.&nbsp;<sup>14<\/sup>Prescrevei o jejum sagrado, convocai a assembleia, congregai os anci\u00e3os e toda a gente do povo na casa do Senhor, vosso Deus, e clamai ao Senhor:&nbsp;<sup>15<\/sup>\u201cAi de n\u00f3s neste dia!\u201d O dia do Senhor est\u00e1 \u00e0s portas, est\u00e1 chegando com a for\u00e7a devastadora da tempestade.&nbsp;<sup>2,1<\/sup>Tocai trombeta em Si\u00e3o, gritai alerta em meu santo monte; tremam os habitantes da terra, que est\u00e1 chegando o dia do Senhor, ele est\u00e1 \u00e0s portas.&nbsp;<sup>2<\/sup>\u00c9 um dia de escurid\u00e3o fechada, dia de nuvens e remoinhos; como aurora espraiada nos montes, assim \u00e9 um povo numeroso e forte, tal como jamais se viu algum outro nem jamais se ver\u00e1, at\u00e9 os anos de gera\u00e7\u00f5es futuras. \u2013 Palavra do Senhor.<\/p>\n\n\n\n<p>Salmo Responsorial:&nbsp;<strong>9A(9)<\/strong><\/p>\n\n\n\n<p><em><strong>O Senhor h\u00e1 de julgar o mundo inteiro com justi\u00e7a.<\/strong><\/em><\/p>\n\n\n\n<p>1. Senhor, de cora\u00e7\u00e3o vos darei gra\u00e7as,&nbsp;\/&nbsp;as vossas maravilhas cantarei!&nbsp;\/&nbsp;Em v\u00f3s exultarei de alegria,&nbsp;\/&nbsp;cantarei ao vosso nome, Deus alt\u00edssimo!&nbsp;\u2013 R.<\/p>\n\n\n\n<p>2. Repreendestes as na\u00e7\u00f5es, e os maus perdestes,&nbsp;\/&nbsp;apagastes o seu nome para sempre.&nbsp;\/&nbsp;Os maus ca\u00edram no buraco que cavaram,&nbsp;\/&nbsp;nos pr\u00f3prios la\u00e7os foram presos os seus p\u00e9s.&nbsp;\u2013 R.<\/p>\n\n\n\n<p>3. Mas Deus sentou-se para sempre no seu trono,&nbsp;\/&nbsp;preparou o tribunal do julgamento;&nbsp;\/&nbsp;julgar\u00e1 o mundo inteiro com justi\u00e7a,&nbsp;\/&nbsp;e as na\u00e7\u00f5es h\u00e1 de julgar com equidade.&nbsp;\u2013 R.<\/p>\n\n\n\n<p>Evangelho:&nbsp;<strong>Lucas 11,15-26<\/strong><\/p>\n\n\n\n<p><strong><em>Aleluia<\/em><em>, aleluia, aleluia.<\/em><\/strong><\/p>\n\n\n\n<p><strong>Agora o pr\u00edncipe deste mundo&nbsp;\/&nbsp;h\u00e1 de ser lan\u00e7ado fora;&nbsp;\/&nbsp;quando eu for elevado da terra,&nbsp;\/&nbsp;atrairei para mim todo ser (Jo 12,31s).&nbsp;\u2013 R.<\/strong><\/p>\n\n\n\n<p>Proclama\u00e7\u00e3o do Evangelho de Jesus Cristo segundo Lucas \u2013 Naquele tempo, Jesus estava expulsando um dem\u00f4nio.&nbsp;<sup>15<\/sup>Mas alguns disseram: \u201c\u00c9 por Belzebu, o pr\u00edncipe dos dem\u00f4nios, que ele expulsa os dem\u00f4nios\u201d.&nbsp;<sup>16<\/sup>Outros, para tentar Jesus, pediam-lhe um sinal do c\u00e9u.&nbsp;<sup>17<\/sup>Mas, conhecendo seus pensamentos, Jesus disse-lhes: \u201cTodo reino dividido contra si mesmo ser\u00e1 destru\u00eddo; e cair\u00e1 uma casa por cima da outra.&nbsp;<sup>18<\/sup>Ora, se at\u00e9 satan\u00e1s est\u00e1 dividido contra si mesmo, como poder\u00e1 sobreviver o seu reino? V\u00f3s dizeis que \u00e9 por Belzebu que eu expulso os dem\u00f4nios.&nbsp;<sup>19<\/sup>Se \u00e9 por meio de Belzebu que eu expulso dem\u00f4nios, vossos filhos os expulsam por meio de quem? Por isso, eles mesmos ser\u00e3o vossos ju\u00edzes.&nbsp;<sup>20<\/sup>Mas, se \u00e9 pelo dedo de Deus que eu expulso os dem\u00f4nios, ent\u00e3o chegou para v\u00f3s o Reino de Deus.&nbsp;<sup>21<\/sup>Quando um homem forte e bem armado guarda a pr\u00f3pria casa, seus bens est\u00e3o seguros.&nbsp;<sup>22<\/sup>Mas, quando chega um homem mais forte do que ele, vence-o, arranca-lhe a armadura na qual ele confiava e reparte o que roubou.&nbsp;<sup>23<\/sup>Quem n\u00e3o est\u00e1 comigo est\u00e1 contra mim. E quem n\u00e3o recolhe comigo dispersa.&nbsp;<sup>24<\/sup>Quando o esp\u00edrito mau sai de um homem, fica vagando em lugares desertos \u00e0 procura de repouso; n\u00e3o o encontrando, ele diz: \u2018Vou voltar para minha casa de onde sa\u00ed\u2019.&nbsp;<sup>25<\/sup>Quando ele chega, encontra a casa varrida e arrumada.&nbsp;<sup>26<\/sup>Ent\u00e3o ele vai e traz consigo outros sete esp\u00edritos piores do que ele. E, entrando, instalam-se a\u00ed. No fim, esse homem fica em condi\u00e7\u00e3o pior do que antes\u201d. \u2013 Palavra da salva\u00e7\u00e3o.<\/p>\n\n\n\n<p>Reflex\u00e3o:<\/p>\n\n\n\n<p><em>Jesus \u00e9 acusado de expulsar dem\u00f4nios, mediante o poder do chefe dos dem\u00f4nios. Um disparate sem cabimento. Como poderiam as for\u00e7as do mal lutar contra si mesmas? Jesus deixa claro que ele combate o mal mediante o poder de Deus, sinal de que o Reino de Deus j\u00e1 chegou. \u00c9 uma resposta \u00e0quele que pedia um sinal do c\u00e9u. Com a chegada do \u201cmais forte\u201d (Jesus), as for\u00e7as malignas se afastam. E diante de Jesus, \u00e9 necess\u00e1rio tomar posi\u00e7\u00e3o: a favor dele, ou contra. Quem se p\u00f5e contra Jesus, torna-se seu inimigo, apoiando uma ideologia contr\u00e1ria ao plano de Deus. Se a pessoa libertada n\u00e3o d\u00e1 sua ades\u00e3o a Jesus e prefere manter-se neutra ou contra, sua situa\u00e7\u00e3o ser\u00e1 pior que antes. \u00c9 uma predi\u00e7\u00e3o do triste fim de quem n\u00e3o d\u00e1 plena ades\u00e3o a Jesus.<\/em><\/p>\n","protected":false},"excerpt":{"rendered":"<p>Senhor, tudo est\u00e1 em vosso poder, e ningu\u00e9m pode resistir \u00e0 vossa vontade. V\u00f3s fizestes todas as coisas: o c\u00e9u, a terra e tudo o que eles cont\u00eam; sois o Deus do universo!&#8230;<\/p>\n","protected":false},"author":2,"featured_media":21277,"comment_status":"open","ping_status":"open","sticky":false,"template":"","format":"standard","meta":[],"categories":[7],"tags":[],"_links":{"self":[{"href":"https:\/\/www.salvatorianas.org.br\/blog\/wp-json\/wp\/v2\/posts\/21276"}],"collection":[{"href":"https:\/\/www.salvatorianas.org.br\/blog\/wp-json\/wp\/v2\/posts"}],"about":[{"href":"https:\/\/www.salvatorianas.org.br\/blog\/wp-json\/wp\/v2\/types\/post"}],"author":[{"embeddable":true,"href":"https:\/\/www.salvatorianas.org.br\/blog\/wp-json\/wp\/v2\/users\/2"}],"replies":[{"embeddable":true,"href":"https:\/\/www.salvatorianas.org.br\/blog\/wp-json\/wp\/v2\/comments?post=21276"}],"version-history":[{"count":1,"href":"https:\/\/www.salvatorianas.org.br\/blog\/wp-json\/wp\/v2\/posts\/21276\/revisions"}],"predecessor-version":[{"id":21278,"href":"https:\/\/www.salvatorianas.org.br\/blog\/wp-json\/wp\/v2\/posts\/21276\/revisions\/21278"}],"wp:featuredmedia":[{"embeddable":true,"href":"https:\/\/www.salvatorianas.org.br\/blog\/wp-json\/wp\/v2\/media\/21277"}],"wp:attachment":[{"href":"https:\/\/www.salvatorianas.org.br\/blog\/wp-json\/wp\/v2\/media?parent=21276"}],"wp:term":[{"taxonomy":"category","embeddable":true,"href":"https:\/\/www.salvatorianas.org.br\/blog\/wp-json\/wp\/v2\/categories?post=21276"},{"taxonomy":"post_tag","embeddable":true,"href":"https:\/\/www.salvatorianas.org.br\/blog\/wp-json\/wp\/v2\/tags?post=21276"}],"curies":[{"name":"wp","href":"https:\/\/api.w.org\/{rel}","templated":true}]}}