{"id":21273,"date":"2023-10-12T01:56:00","date_gmt":"2023-10-12T01:56:00","guid":{"rendered":"https:\/\/www.salvatorianas.org.br\/blog\/?p=21273"},"modified":"2023-10-11T19:59:21","modified_gmt":"2023-10-11T19:59:21","slug":"bem-aventurada-virgem-maria-da-conceicao-aparecida-solenidade-ano-a","status":"publish","type":"post","link":"https:\/\/www.salvatorianas.org.br\/blog\/bem-aventurada-virgem-maria-da-conceicao-aparecida-solenidade-ano-a\/","title":{"rendered":"Bem-aventurada Virgem Maria da Concei\u00e7\u00e3o Aparecida, Solenidade, Ano A"},"content":{"rendered":"\n<p>Com grande alegria, rejubilo-me no Senhor, e minha alma exultar\u00e1 no meu Deus, pois me revestiu de justi\u00e7a e salva\u00e7\u00e3o, como a noiva ornada de suas joias (Is 61,10).<\/p>\n\n\n\n<p><em>Nesta solenidade de Nossa Senhora Aparecida, padroeira do povo brasileiro, celebramos a M\u00e3e sempre atenta \u00e0s necessidades de seus filhos e filhas, mestra do servi\u00e7o e nossa intercessora. Com alegria, louvemos aquela que nos estimula a cumprir a palavra do seu Filho e, surgindo das \u00e1guas, se tornou um grande sinal do amor de Deus por n\u00f3s.&nbsp;<\/em><\/p>\n\n\n\n<p>Primeira Leitura:&nbsp;<strong>Ester 5,1-2; 7,2-3<\/strong><\/p>\n\n\n\n<p>Leitura do livro de Ester \u2013&nbsp;<sup>1<\/sup>Ester revestiu-se com vestes de rainha e foi colocar-se no vest\u00edbulo interno do pal\u00e1cio real, frente \u00e0 resid\u00eancia do rei. O rei estava sentado no trono real, na sala do trono, frente \u00e0 entrada.&nbsp;<sup>2<\/sup>Ao ver a rainha Ester parada no vest\u00edbulo, olhou para ela com agrado e estendeu-lhe o cetro de ouro que tinha na m\u00e3o, e Ester aproximou-se para tocar a ponta do cetro.&nbsp;<sup>7,2<\/sup>Ent\u00e3o o rei lhe disse: \u201cO que me pedes, Ester; o que queres que eu fa\u00e7a? Ainda que me pedisses a metade do meu reino, ela te seria concedida\u201d.&nbsp;<sup>3<\/sup>Ester respondeu-lhe: \u201cSe ganhei as tuas boas gra\u00e7as, \u00f3 rei, e se for de teu agrado, concede-me a vida, eis o meu pedido, e a vida do meu povo, eis o meu desejo!\u201d \u2013 Palavra do Senhor.<\/p>\n\n\n\n<p>Salmo Responsorial:&nbsp;<strong>44(45)<\/strong><\/p>\n\n\n\n<p><em><strong>Escutai, minha filha, olhai, ouvi isto:&nbsp;\/&nbsp;que o rei se encante com vossa beleza!<\/strong><\/em><\/p>\n\n\n\n<p>1. Escutai, minha filha, olhai, ouvi isto:&nbsp;\/&nbsp;\u201cEsquecei vosso povo e a casa paterna!&nbsp;\/&nbsp;Que o rei se encante com vossa beleza!&nbsp;\/&nbsp;Prestai-lhe homenagem: \u00e9 vosso senhor!&nbsp;\u2013 R.<\/p>\n\n\n\n<p>2. O povo de Tiro vos traz seus presentes,&nbsp;\/&nbsp;os grandes do povo vos pedem favores.&nbsp;\/&nbsp;Majestosa, a princesa real vem chegando,&nbsp;\/&nbsp;vestida de ricos brocados de ouro.&nbsp;\u2013 R.<\/p>\n\n\n\n<p>3. Em vestes vistosas ao rei se dirige,&nbsp;\/&nbsp;e as virgens amigas lhe formam cortejo;&nbsp;\/&nbsp;entre cantos de festa e com grande alegria,&nbsp;\/&nbsp;ingressam, ent\u00e3o, no pal\u00e1cio real\u201d.&nbsp;\u2013 R.<\/p>\n\n\n\n<p>Segunda Leitura:&nbsp;<strong>Apocalipse 12,1.5.13.15-16<\/strong><\/p>\n\n\n\n<p>Leitura do livro do Apocalipse de S\u00e3o Jo\u00e3o \u2013&nbsp;<sup>1<\/sup>Apareceu no c\u00e9u um grande sinal: uma mulher vestida do sol, tendo a lua debaixo dos p\u00e9s e, sobre a cabe\u00e7a, uma coroa de doze estrelas.&nbsp;<sup>5<\/sup>E ela deu \u00e0 luz um filho homem, que veio para governar todas as na\u00e7\u00f5es com cetro de ferro. Mas o filho foi levado para junto de Deus e do seu trono.&nbsp;<sup>13<\/sup>Quando viu que tinha sido expulso para a terra, o drag\u00e3o come\u00e7ou a perseguir a mulher que tinha dado \u00e0 luz o menino.&nbsp;<sup>15<\/sup>A serpente, ent\u00e3o, vomitou como um rio de \u00e1gua atr\u00e1s da mulher a fim de a submergir.&nbsp;<sup>16<\/sup>A terra, por\u00e9m, veio em socorro da mulher. \u2013 Palavra do Senhor.<\/p>\n\n\n\n<p>Evangelho:&nbsp;<strong>Jo\u00e3o 2,1-11<\/strong><\/p>\n\n\n\n<p><strong><em>Aleluia, aleluia, aleluia.<\/em><\/strong><\/p>\n\n\n\n<p><strong>Disse a M\u00e3e de Jesus aos serventes:&nbsp;\/&nbsp;\u201cFazei tudo o que ele disser!\u201d (Jo 2,5)&nbsp;\u2013 R.<\/strong><\/p>\n\n\n\n<p>Proclama\u00e7\u00e3o do Evangelho de Jesus Cristo segundo Jo\u00e3o \u2013 Naquele tempo,&nbsp;<sup>1<\/sup>houve um casamento em Can\u00e1 da Galileia. A m\u00e3e de Jesus estava presente.&nbsp;<sup>2<\/sup>Tamb\u00e9m Jesus e seus disc\u00edpulos tinham sido convidados para o casamento.&nbsp;<sup>3<\/sup>Como o vinho veio a faltar, a m\u00e3e de Jesus lhe disse: \u201cEles n\u00e3o t\u00eam mais vinho\u201d.&nbsp;<sup>4<\/sup>Jesus respondeu-lhe: \u201cMulher, por que dizes isso a mim? Minha hora ainda n\u00e3o chegou\u201d.&nbsp;<sup>5<\/sup>Sua m\u00e3e disse aos que estavam servindo: \u201cFazei o que ele vos disser\u201d.&nbsp;<sup>6<\/sup>Estavam seis talhas de pedra colocadas a\u00ed para a purifica\u00e7\u00e3o que os judeus costumam fazer. Em cada uma delas cabiam mais ou menos cem litros.&nbsp;<sup>7<\/sup>Jesus disse aos que estavam servindo: \u201cEnchei as talhas de \u00e1gua\u201d. Encheram-nas at\u00e9 a boca.&nbsp;<sup>8<\/sup>Jesus disse: \u201cAgora tirai e levai ao mestre-sala\u201d. E eles levaram.&nbsp;<sup>9<\/sup>O mestre-sala experimentou a \u00e1gua, que se tinha transformado em vinho. Ele n\u00e3o sabia de onde vinha, mas os que estavam servindo sabiam, pois eram eles que tinham tirado a \u00e1gua.&nbsp;<sup>10<\/sup>O mestre-sala chamou ent\u00e3o o noivo e lhe disse: \u201cTodo o mundo serve primeiro o vinho melhor e, quando os convidados j\u00e1 est\u00e3o embriagados, serve o vinho menos bom. Mas tu guardaste o vinho melhor at\u00e9 agora!\u201d&nbsp;<sup>11<\/sup>Este foi o in\u00edcio dos sinais de Jesus. Ele o realizou em Can\u00e1 da Galileia e manifestou a sua gl\u00f3ria, e seus disc\u00edpulos creram nele. \u2013 Palavra da salva\u00e7\u00e3o.<\/p>\n\n\n\n<p>Reflex\u00e3o:<\/p>\n\n\n\n<p><em>Atribu\u00eddo a Maria, M\u00e3e de Jesus, este t\u00edtulo se deve \u00e0 maneira como ela se manifestou ao povo brasileiro, ou seja: sua imagem foi pescada nas \u00e1guas do rio Para\u00edba, em 1717. Desde o in\u00edcio, a imagem, de cor negra, foi objeto da venera\u00e7\u00e3o dos fi\u00e9is. Com a ocorr\u00eancia de milagres, a devo\u00e7\u00e3o a Nossa Senhora come\u00e7ou a divulgar-se com o nome de Imaculada Concei\u00e7\u00e3o Aparecida. Em 1930, o papa Pio XI a proclamou Padroeira do Brasil. Em 1952 (250 anos ap\u00f3s o encontro da imagem), Paulo VI conferiu-lhe a maior honraria, a \u201cRosa de Ouro\u201d. Tr\u00eas papas visitaram a Bas\u00edlica ou Santu\u00e1rio Nacional: S\u00e3o Jo\u00e3o Paulo II em 1980; papa Bento XVI, quando abriu a V Confer\u00eancia Episcopal Latino-americana e do Caribe em maio de 2007; e o papa Francisco, em 2013, por ocasi\u00e3o da Jornada Mundial da Juventude, realizada no Rio de Janeiro.<\/em><\/p>\n","protected":false},"excerpt":{"rendered":"<p>Com grande alegria, rejubilo-me no Senhor, e minha alma exultar\u00e1 no meu Deus, pois me revestiu de justi\u00e7a e salva\u00e7\u00e3o, como a noiva ornada de suas joias (Is 61,10). Nesta solenidade de Nossa&#8230;<\/p>\n","protected":false},"author":2,"featured_media":21274,"comment_status":"open","ping_status":"open","sticky":false,"template":"","format":"standard","meta":[],"categories":[7],"tags":[],"_links":{"self":[{"href":"https:\/\/www.salvatorianas.org.br\/blog\/wp-json\/wp\/v2\/posts\/21273"}],"collection":[{"href":"https:\/\/www.salvatorianas.org.br\/blog\/wp-json\/wp\/v2\/posts"}],"about":[{"href":"https:\/\/www.salvatorianas.org.br\/blog\/wp-json\/wp\/v2\/types\/post"}],"author":[{"embeddable":true,"href":"https:\/\/www.salvatorianas.org.br\/blog\/wp-json\/wp\/v2\/users\/2"}],"replies":[{"embeddable":true,"href":"https:\/\/www.salvatorianas.org.br\/blog\/wp-json\/wp\/v2\/comments?post=21273"}],"version-history":[{"count":1,"href":"https:\/\/www.salvatorianas.org.br\/blog\/wp-json\/wp\/v2\/posts\/21273\/revisions"}],"predecessor-version":[{"id":21275,"href":"https:\/\/www.salvatorianas.org.br\/blog\/wp-json\/wp\/v2\/posts\/21273\/revisions\/21275"}],"wp:featuredmedia":[{"embeddable":true,"href":"https:\/\/www.salvatorianas.org.br\/blog\/wp-json\/wp\/v2\/media\/21274"}],"wp:attachment":[{"href":"https:\/\/www.salvatorianas.org.br\/blog\/wp-json\/wp\/v2\/media?parent=21273"}],"wp:term":[{"taxonomy":"category","embeddable":true,"href":"https:\/\/www.salvatorianas.org.br\/blog\/wp-json\/wp\/v2\/categories?post=21273"},{"taxonomy":"post_tag","embeddable":true,"href":"https:\/\/www.salvatorianas.org.br\/blog\/wp-json\/wp\/v2\/tags?post=21273"}],"curies":[{"name":"wp","href":"https:\/\/api.w.org\/{rel}","templated":true}]}}