{"id":21270,"date":"2023-10-11T19:51:12","date_gmt":"2023-10-11T19:51:12","guid":{"rendered":"https:\/\/www.salvatorianas.org.br\/blog\/?p=21270"},"modified":"2023-10-11T19:51:31","modified_gmt":"2023-10-11T19:51:31","slug":"27a-semana-do-tempo-comum-ano-impar-i-4","status":"publish","type":"post","link":"https:\/\/www.salvatorianas.org.br\/blog\/27a-semana-do-tempo-comum-ano-impar-i-4\/","title":{"rendered":"27\u00aa Semana do Tempo Comum, Ano \u00cdmpar (I)"},"content":{"rendered":"\n<p>Senhor, tudo est\u00e1 em vosso poder, e ningu\u00e9m pode resistir \u00e0 vossa vontade. V\u00f3s fizestes todas as coisas: o c\u00e9u, a terra e tudo o que eles cont\u00eam; sois o Deus do universo! (Est 1,9ss)<\/p>\n\n\n\n<p><em>O amor e a miseric\u00f3rdia do Senhor alcan\u00e7am todos os povos da terra; quem o reconhece por Pai n\u00e3o pode \u2013 por mesquinhez ou preconceito \u2013 limitar a extens\u00e3o da sua bondade e do seu perd\u00e3o. Vivamos em sintonia com o projeto salv\u00edfico de Deus.<\/em><\/p>\n\n\n\n<p>Primeira Leitura:&nbsp;<strong>Jonas 4,1-11<\/strong><\/p>\n\n\n\n<p>Leitura da profecia de Jonas \u2013&nbsp;<sup>1<\/sup>Este desfecho causou em Jonas profunda m\u00e1goa e irrita\u00e7\u00e3o;&nbsp;<sup>2<\/sup>orou ent\u00e3o ao Senhor, dizendo: \u201cPe\u00e7o-te me ou\u00e7as, Senhor: n\u00e3o era isso que eu receava quando ainda estava em minha terra? Por isso, antecipei-me, fugindo para T\u00e1rsis. Sabia que \u00e9s um Deus benigno e misericordioso, paciente e cheio de bondade, e que facilmente perdoas a puni\u00e7\u00e3o.&nbsp;<sup>3<\/sup>E agora, Senhor, pe\u00e7o que me tires a minha vida, para mim \u00e9 melhor morrer do que viver\u201d.&nbsp;<sup>4<\/sup>Disse o Senhor: \u201cAchas que tens boas raz\u00f5es para irar-te?\u201d&nbsp;<sup>5<\/sup>Jonas saiu da cidade e estabeleceu-se na parte oriental; e ali fez para si uma cabana, onde repousava \u00e0 sombra, a ver o que ia acontecer \u00e0 cidade.&nbsp;<sup>6<\/sup>O Senhor Deus fez nascer uma hera, que cresceu sobre a cabana, para dar sombra \u00e0 cabe\u00e7a de Jonas e abrandar seu aborrecimento. E Jonas alegrou-se grandemente por causa da hera.&nbsp;<sup>7<\/sup>Mas, ao raiar do dia seguinte, Deus determinou que um verme atacasse a hera, e ela secou.&nbsp;<sup>8<\/sup>Quando o sol se levantou, mandou Deus do oriente um vento quente; e o sol bateu forte sobre a cabe\u00e7a de Jonas, que se sentiu desfalecer; teve vontade de morrer e disse: \u201cPara mim \u00e9 melhor morrer do que viver\u201d.&nbsp;<sup>9<\/sup>Disse Deus a Jonas: \u201cAchas que tens boas raz\u00f5es para irar-te por esta hera?\u201d \u201cSim\u201d, respondeu ele, \u201ctenho raz\u00e3o at\u00e9 para morrer de raiva\u201d.&nbsp;<sup>10<\/sup>O Senhor replicou-lhe: \u201cTu sofres por causa desta planta, que n\u00e3o te custou trabalho e n\u00e3o fizeste crescer, que nasceu numa noite e na outra morreu.&nbsp;<sup>11<\/sup>E eu n\u00e3o haveria de salvar esta grande cidade de N\u00ednive, em que vivem cento e vinte mil seres humanos, que n\u00e3o sabem distinguir a m\u00e3o direita da esquerda, e um grande n\u00famero de animais?\u201d \u2013 Palavra do Senhor.<\/p>\n\n\n\n<p>Salmo Responsorial:&nbsp;<strong>85(86)<\/strong><\/p>\n\n\n\n<p><em><strong>\u00d3 Senhor, sois amor, paci\u00eancia e perd\u00e3o.<\/strong><\/em><\/p>\n\n\n\n<p>1. Piedade de mim, \u00f3 Senhor,&nbsp;\/&nbsp;porque clamo por v\u00f3s todo o dia!&nbsp;\/&nbsp;Animai e alegrai vosso servo,&nbsp;\/&nbsp;pois a v\u00f3s eu elevo a minha alma.&nbsp;\u2013 R.<\/p>\n\n\n\n<p>2. \u00d3 Senhor, v\u00f3s sois bom e clemente,&nbsp;\/&nbsp;sois perd\u00e3o para quem vos invoca.&nbsp;\/&nbsp;Escutai, \u00f3 Senhor, minha prece,&nbsp;\/&nbsp;o lamento da minha ora\u00e7\u00e3o!&nbsp;\u2013 R.<\/p>\n\n\n\n<p>3. As na\u00e7\u00f5es que criastes vir\u00e3o&nbsp;\/&nbsp;adorar e louvar vosso nome.&nbsp;\/&nbsp;Sois t\u00e3o grande e fazeis maravilhas:&nbsp;\/&nbsp;v\u00f3s somente sois Deus e Senhor!&nbsp;\u2013 R.<\/p>\n\n\n\n<p>Evangelho:&nbsp;<strong>Lucas 11,1-4<\/strong><\/p>\n\n\n\n<p><strong><em>Aleluia, aleluia, aleluia.<\/em><\/strong><\/p>\n\n\n\n<p><strong>Recebestes um esp\u00edrito de ado\u00e7\u00e3o,&nbsp;\/&nbsp;no qual clamamos Aba! Pai! (Rm 8,15)&nbsp;\u2013 R.<\/strong><\/p>\n\n\n\n<p>Proclama\u00e7\u00e3o do Evangelho de Jesus Cristo segundo Lucas \u2013&nbsp;<sup>1<\/sup>Um dia, Jesus estava rezando num certo lugar. Quando terminou, um de seus disc\u00edpulos pediu-lhe: \u201cSenhor, ensina-nos a rezar, como tamb\u00e9m Jo\u00e3o ensinou a seus disc\u00edpulos\u201d.&nbsp;<sup>2<\/sup>Jesus respondeu: \u201cQuando rezardes, dizei: \u2018Pai, santificado seja o teu nome. Venha o teu Reino.&nbsp;<sup>3<\/sup>D\u00e1-nos a cada dia o p\u00e3o de que precisamos&nbsp;<sup>4<\/sup>e perdoa-nos os nossos pecados, pois n\u00f3s tamb\u00e9m perdoamos a todos os nossos devedores; e n\u00e3o nos deixes cair em tenta\u00e7\u00e3o&#8217;\u201d. \u2013 Palavra da salva\u00e7\u00e3o.<\/p>\n\n\n\n<p>Reflex\u00e3o:<\/p>\n\n\n\n<p><em>Jesus \u00e9 homem de ora\u00e7\u00e3o constante. Seu testemunho desperta nos disc\u00edpulos o desejo de aprenderem a rezar. Jesus ensina uma ora\u00e7\u00e3o de poucas palavras, por\u00e9m impregnadas do essencial. Primeiramente, podemos chamar a Deus de Pai, e pedir que ele seja santificado, isto \u00e9, respeitado, que seu nome n\u00e3o seja profanado. E que seu reinado se estabele\u00e7a no mundo: seja de fato Deus a reger a hist\u00f3ria humana. Em segundo lugar, pedimos o p\u00e3o de cada dia, o suficiente para viver. Depois, pedimos que Deus perdoe os nossos pecados, e lhe damos a garantia de que n\u00f3s tamb\u00e9m perdoamos aos que nos ofendem. N\u00e3o nos deixe desviar do caminho que conduz a Deus, isto \u00e9, o caminho da fraternidade e da paz, j\u00e1 que somos, a todo instante, tentados pela sociedade que nos cerca a adotar as pr\u00e1ticas da injusti\u00e7a.<\/em><\/p>\n","protected":false},"excerpt":{"rendered":"<p>Senhor, tudo est\u00e1 em vosso poder, e ningu\u00e9m pode resistir \u00e0 vossa vontade. V\u00f3s fizestes todas as coisas: o c\u00e9u, a terra e tudo o que eles cont\u00eam; sois o Deus do universo!&#8230;<\/p>\n","protected":false},"author":2,"featured_media":21271,"comment_status":"open","ping_status":"open","sticky":false,"template":"","format":"standard","meta":[],"categories":[7],"tags":[],"_links":{"self":[{"href":"https:\/\/www.salvatorianas.org.br\/blog\/wp-json\/wp\/v2\/posts\/21270"}],"collection":[{"href":"https:\/\/www.salvatorianas.org.br\/blog\/wp-json\/wp\/v2\/posts"}],"about":[{"href":"https:\/\/www.salvatorianas.org.br\/blog\/wp-json\/wp\/v2\/types\/post"}],"author":[{"embeddable":true,"href":"https:\/\/www.salvatorianas.org.br\/blog\/wp-json\/wp\/v2\/users\/2"}],"replies":[{"embeddable":true,"href":"https:\/\/www.salvatorianas.org.br\/blog\/wp-json\/wp\/v2\/comments?post=21270"}],"version-history":[{"count":1,"href":"https:\/\/www.salvatorianas.org.br\/blog\/wp-json\/wp\/v2\/posts\/21270\/revisions"}],"predecessor-version":[{"id":21272,"href":"https:\/\/www.salvatorianas.org.br\/blog\/wp-json\/wp\/v2\/posts\/21270\/revisions\/21272"}],"wp:featuredmedia":[{"embeddable":true,"href":"https:\/\/www.salvatorianas.org.br\/blog\/wp-json\/wp\/v2\/media\/21271"}],"wp:attachment":[{"href":"https:\/\/www.salvatorianas.org.br\/blog\/wp-json\/wp\/v2\/media?parent=21270"}],"wp:term":[{"taxonomy":"category","embeddable":true,"href":"https:\/\/www.salvatorianas.org.br\/blog\/wp-json\/wp\/v2\/categories?post=21270"},{"taxonomy":"post_tag","embeddable":true,"href":"https:\/\/www.salvatorianas.org.br\/blog\/wp-json\/wp\/v2\/tags?post=21270"}],"curies":[{"name":"wp","href":"https:\/\/api.w.org\/{rel}","templated":true}]}}