{"id":21267,"date":"2023-10-11T11:43:19","date_gmt":"2023-10-11T11:43:19","guid":{"rendered":"https:\/\/www.salvatorianas.org.br\/blog\/?p=21267"},"modified":"2023-10-11T11:43:20","modified_gmt":"2023-10-11T11:43:20","slug":"11-de-outubro-maria-mae-do-salvador","status":"publish","type":"post","link":"https:\/\/www.salvatorianas.org.br\/blog\/11-de-outubro-maria-mae-do-salvador\/","title":{"rendered":"11 de outubro &#8211; Maria, M\u00e3e do Salvador."},"content":{"rendered":"\n<figure class=\"wp-block-image\"><img\/><\/figure>\n\n\n\n<p>A Fam\u00edlia Salvatoriana tem como protetora e padroeira Maria, sob a invoca\u00e7\u00e3o de &#8220;M\u00e3e do Salvador&#8221;, cuja  solenidade celebramos neste dia. Que Ela interceda pela miss\u00e3o salvatoriana no mundo inteiro.<\/p>\n\n\n\n<p><strong>Ave Maria M\u00e3e do Salvador,<\/strong><br>viva esperan\u00e7a do povo sofredor.<br>Face materna sinal do nosso Deus,<br>vem orientar os homens filhos teus.<br><br><strong>Maria M\u00e3e da Igreja, Rainha universal<br>Modelo de virtude liberta-nos do mal.<br>Ensina ser fiel o povo do Senhor<br>Que o mundo se transforme no reino de amor<\/strong><br><br>Humilde serva vem nos orientar,<br>por onde ir e como caminhar.<br>Servindo a Deus e tamb\u00e9m ao nosso irm\u00e3o.<br>Como resposta \u00e0 nossa voca\u00e7\u00e3o.<br><br>\u00c9s bem feliz porque soubeste crer,<br>dizendo sim, sem nada em Ti reter.<br>Ser\u00e1s bendita em todas as na\u00e7\u00f5es.<br>Em Ti sentimos a paz nos cora\u00e7\u00f5es.<\/p>\n\n\n\n<p><a href=\"https:\/\/www.letras.mus.br\/catolicas\/1869699\/\">https:\/\/www.letras.mus.br\/catolicas\/1869699\/<\/a><\/p>\n","protected":false},"excerpt":{"rendered":"<p>A Fam\u00edlia Salvatoriana tem como protetora e padroeira Maria, sob a invoca\u00e7\u00e3o de &#8220;M\u00e3e do Salvador&#8221;, cuja solenidade celebramos neste dia. Que Ela interceda pela miss\u00e3o salvatoriana no mundo inteiro. Ave Maria M\u00e3e&#8230;<\/p>\n","protected":false},"author":2,"featured_media":21268,"comment_status":"open","ping_status":"open","sticky":false,"template":"","format":"standard","meta":[],"categories":[1],"tags":[],"_links":{"self":[{"href":"https:\/\/www.salvatorianas.org.br\/blog\/wp-json\/wp\/v2\/posts\/21267"}],"collection":[{"href":"https:\/\/www.salvatorianas.org.br\/blog\/wp-json\/wp\/v2\/posts"}],"about":[{"href":"https:\/\/www.salvatorianas.org.br\/blog\/wp-json\/wp\/v2\/types\/post"}],"author":[{"embeddable":true,"href":"https:\/\/www.salvatorianas.org.br\/blog\/wp-json\/wp\/v2\/users\/2"}],"replies":[{"embeddable":true,"href":"https:\/\/www.salvatorianas.org.br\/blog\/wp-json\/wp\/v2\/comments?post=21267"}],"version-history":[{"count":1,"href":"https:\/\/www.salvatorianas.org.br\/blog\/wp-json\/wp\/v2\/posts\/21267\/revisions"}],"predecessor-version":[{"id":21269,"href":"https:\/\/www.salvatorianas.org.br\/blog\/wp-json\/wp\/v2\/posts\/21267\/revisions\/21269"}],"wp:featuredmedia":[{"embeddable":true,"href":"https:\/\/www.salvatorianas.org.br\/blog\/wp-json\/wp\/v2\/media\/21268"}],"wp:attachment":[{"href":"https:\/\/www.salvatorianas.org.br\/blog\/wp-json\/wp\/v2\/media?parent=21267"}],"wp:term":[{"taxonomy":"category","embeddable":true,"href":"https:\/\/www.salvatorianas.org.br\/blog\/wp-json\/wp\/v2\/categories?post=21267"},{"taxonomy":"post_tag","embeddable":true,"href":"https:\/\/www.salvatorianas.org.br\/blog\/wp-json\/wp\/v2\/tags?post=21267"}],"curies":[{"name":"wp","href":"https:\/\/api.w.org\/{rel}","templated":true}]}}