{"id":2126,"date":"2015-06-03T00:00:00","date_gmt":"2015-06-03T00:00:00","guid":{"rendered":"https:\/\/www.salvatorianas.org.br\/blog\/abertura-do-mes-salvatoriano-colegio-salvatoriano-imaculada-conceicao\/"},"modified":"2015-06-03T00:00:00","modified_gmt":"2015-06-03T00:00:00","slug":"abertura-do-mes-salvatoriano-colegio-salvatoriano-imaculada-conceicao","status":"publish","type":"post","link":"https:\/\/www.salvatorianas.org.br\/blog\/abertura-do-mes-salvatoriano-colegio-salvatoriano-imaculada-conceicao\/","title":{"rendered":"ABERTURA DO M\u00caS SALVATORIANO &#8211; COL\u00c9GIO SALVATORIANO IMACULADA CONCEI\u00c7\u00c3O"},"content":{"rendered":"<p style=\"text-align: left;\"><strong>[imagem1]<\/strong><\/p>\n<p style=\"text-align: left;\">&nbsp;&nbsp;<\/p>\n<p style=\"text-align: center;\"><strong>&ldquo;Valores Salvatorianos, um compromisso para a vida&#8221;.<\/strong><\/p>\n<p style=\"text-align: justify;\">Alunos da Educa&ccedil;&atilde;o Infantil ao Ensino M&eacute;dio, dire&ccedil;&atilde;o e educadores,&nbsp;do Col&eacute;gio Salvatoriano Imaculada Concei&ccedil;&atilde;o em Videira-SC,&nbsp;reuniram-se&nbsp; no Audit&oacute;rio Padre Jordan, para um momento significativo e de espiritualidade, com a&nbsp; abertura do m&ecirc;s salvatoriano, dinamizada pelas Novi&ccedil;as Mayra e Emirian.<\/p>\n<p style=\"text-align: justify;\">Al&eacute;m das palavras de acolhida e de motiva&ccedil;&atilde;o do diretor Adriano, foram acolhidas as bandeiras do Brasil e do Col&eacute;gio Salvatoriano Imaculada Concei&ccedil;&atilde;o, durante os cantos dos Hinos Nacional e&nbsp; Salvatoriano, relembrando a chegada das Irm&atilde;s salvatorianas no Brasil e especialmente em Videira. &nbsp;<\/p>\n<p style=\"text-align: justify;\">As novi&ccedil;as, projetaram um v&iacute;deo sobre a vinda das primeiras Irm&atilde;s, marcando hist&oacute;ria da educa&ccedil;&atilde;o salvatoriana em Videira.&nbsp; Conforme o lema <strong>&ldquo;<em>Valores Salvatorianos, um compromisso para a vida<\/em>&#8220;<\/strong>, cada turma de alunos, recebeu um documento com um valor salvatoriano para ser vivenciado mais intensamente durante o m&ecirc;s de junho, fortalecendo a proposta de vida de Pe Jordan e Madre Maria.<\/p>\n<p style=\"text-align: justify;\">Durante todo m&ecirc;s de junho v&aacute;rias ser&atilde;o as atividades dinamizadas celebrando o M&ecirc;s salvatoriano.<\/p>\n","protected":false},"excerpt":{"rendered":"<p>[imagem1] &nbsp;&nbsp; &ldquo;Valores Salvatorianos, um compromisso para a vida&#8221;. Alunos da Educa&ccedil;&atilde;o Infantil ao Ensino M&eacute;dio, dire&ccedil;&atilde;o e educadores,&nbsp;do Col&eacute;gio Salvatoriano Imaculada Concei&ccedil;&atilde;o em Videira-SC,&nbsp;reuniram-se&nbsp; no Audit&oacute;rio Padre Jordan, para um momento significativo&#8230;<\/p>\n","protected":false},"author":1,"featured_media":2389,"comment_status":"open","ping_status":"open","sticky":false,"template":"","format":"standard","meta":[],"categories":[1],"tags":[],"_links":{"self":[{"href":"https:\/\/www.salvatorianas.org.br\/blog\/wp-json\/wp\/v2\/posts\/2126"}],"collection":[{"href":"https:\/\/www.salvatorianas.org.br\/blog\/wp-json\/wp\/v2\/posts"}],"about":[{"href":"https:\/\/www.salvatorianas.org.br\/blog\/wp-json\/wp\/v2\/types\/post"}],"author":[{"embeddable":true,"href":"https:\/\/www.salvatorianas.org.br\/blog\/wp-json\/wp\/v2\/users\/1"}],"replies":[{"embeddable":true,"href":"https:\/\/www.salvatorianas.org.br\/blog\/wp-json\/wp\/v2\/comments?post=2126"}],"version-history":[{"count":0,"href":"https:\/\/www.salvatorianas.org.br\/blog\/wp-json\/wp\/v2\/posts\/2126\/revisions"}],"wp:featuredmedia":[{"embeddable":true,"href":"https:\/\/www.salvatorianas.org.br\/blog\/wp-json\/wp\/v2\/media\/2389"}],"wp:attachment":[{"href":"https:\/\/www.salvatorianas.org.br\/blog\/wp-json\/wp\/v2\/media?parent=2126"}],"wp:term":[{"taxonomy":"category","embeddable":true,"href":"https:\/\/www.salvatorianas.org.br\/blog\/wp-json\/wp\/v2\/categories?post=2126"},{"taxonomy":"post_tag","embeddable":true,"href":"https:\/\/www.salvatorianas.org.br\/blog\/wp-json\/wp\/v2\/tags?post=2126"}],"curies":[{"name":"wp","href":"https:\/\/api.w.org\/{rel}","templated":true}]}}