{"id":21251,"date":"2023-10-08T01:58:00","date_gmt":"2023-10-08T01:58:00","guid":{"rendered":"https:\/\/www.salvatorianas.org.br\/blog\/?p=21251"},"modified":"2023-10-06T16:59:03","modified_gmt":"2023-10-06T16:59:03","slug":"27o-domingo-do-tempo-comum-ano-a","status":"publish","type":"post","link":"https:\/\/www.salvatorianas.org.br\/blog\/27o-domingo-do-tempo-comum-ano-a\/","title":{"rendered":"27\u00ba Domingo do Tempo Comum, Ano A"},"content":{"rendered":"\n<p>Senhor, tudo est\u00e1 em vosso poder, e ningu\u00e9m pode resistir \u00e0 vossa vontade. V\u00f3s fizestes todas as coisas: o c\u00e9u, a terra e tudo o que eles cont\u00eam; sois o Deus do universo! (Est 1,9ss)<\/p>\n\n\n\n<p><em>A Igreja, vinha amada do Senhor, acolhe a todos de bra\u00e7os abertos. Como comunidade reunida em ora\u00e7\u00e3o para dar gra\u00e7as a Deus e acolher sua Palavra, somos convidados a cuidar dessa vinha, a fim de que produza frutos de paz e justi\u00e7a. Celebremos em comunh\u00e3o com a Igreja mission\u00e1ria, que neste m\u00eas realiza a primeira sess\u00e3o conclusiva de sua 16\u00aa Assembleia Geral, com o tema: \u201cPor uma Igreja sinodal: comunh\u00e3o, participa\u00e7\u00e3o e miss\u00e3o\u201d.<\/em><\/p>\n\n\n\n<p>Primeira Leitura:&nbsp;<strong>Isa\u00edas 5,1-7<\/strong><\/p>\n\n\n\n<p>Leitura do livro do profeta Isa\u00edas \u2013&nbsp;<sup>1<\/sup>Vou cantar para o meu amado o c\u00e2ntico da vinha de um amigo meu: um amigo meu possu\u00eda uma vinha em f\u00e9rtil encosta.&nbsp;<sup>2<\/sup>Cercou-a, limpou-a de pedras, plantou videiras escolhidas, edificou uma torre no meio e construiu um lagar; esperava que ela produzisse uvas boas, mas produziu uvas selvagens.&nbsp;<sup>3<\/sup>Agora, habitantes de Jerusal\u00e9m e cidad\u00e3os de Jud\u00e1, julgai a minha situa\u00e7\u00e3o e a de minha vinha.&nbsp;<sup>4<\/sup>O que poderia eu ter feito a mais por minha vinha e n\u00e3o fiz? Eu contava com uvas de verdade, mas por que produziu ela uvas selvagens?&nbsp;<sup>5<\/sup>Pois agora vou mostrar-vos o que farei com minha vinha: vou desmanchar a cerca, e ela ser\u00e1 devastada; vou derrubar o muro, e ela ser\u00e1 pisoteada.&nbsp;<sup>6<\/sup>Vou deix\u00e1-la inculta e selvagem: ela n\u00e3o ser\u00e1 podada nem lavrada, espinhos e sar\u00e7as tomar\u00e3o conta dela; n\u00e3o deixarei as nuvens derramar a chuva sobre ela.&nbsp;<sup>7<\/sup>Pois bem, a vinha do Senhor dos ex\u00e9rcitos \u00e9 a casa de Israel, e o povo de Jud\u00e1, sua dileta planta\u00e7\u00e3o; eu esperava deles frutos de justi\u00e7a \u2013 e eis injusti\u00e7a; esperava obras de bondade \u2013 e eis iniquidade. \u2013 Palavra do Senhor.<\/p>\n\n\n\n<p>Salmo Responsorial:&nbsp;<strong>79(80)<\/strong><\/p>\n\n\n\n<p><em><strong>A vinha do Senhor \u00e9 a casa de Israel.<\/strong><\/em><\/p>\n\n\n\n<p>1. Arrancastes do Egito esta videira&nbsp;\/&nbsp;e expulsastes as na\u00e7\u00f5es para plant\u00e1-la;&nbsp;\/&nbsp;at\u00e9 o mar se estenderam seus sarmentos,&nbsp;\/&nbsp;at\u00e9 o rio os seus rebentos se espalharam.&nbsp;\u2013 R.<\/p>\n\n\n\n<p>2. Por que raz\u00e3o v\u00f3s destru\u00edstes sua cerca,&nbsp;\/&nbsp;para que todos os passantes a vindimem,&nbsp;\/&nbsp;o javali da mata virgem a devaste&nbsp;\/&nbsp;e os animais do descampado nela pastem?&nbsp;\u2013 R.<\/p>\n\n\n\n<p>3. Voltai-vos para n\u00f3s, Deus do universo!&nbsp;\u2020&nbsp;Olhai dos altos c\u00e9us e observai.&nbsp;\/&nbsp;Visitai a vossa vinha e protegei-a!&nbsp;\/&nbsp;Foi a vossa m\u00e3o direita que a plantou;&nbsp;\/&nbsp;protegei-a, e ao rebento que firmastes!&nbsp;\u2013 R.<\/p>\n\n\n\n<p>4. E nunca mais vos deixaremos, Senhor Deus!&nbsp;\/&nbsp;Dai-nos vida, e louvaremos vosso nome!&nbsp;\/&nbsp;Convertei-nos, \u00f3 Senhor Deus do universo,&nbsp;\u2020&nbsp;e sobre n\u00f3s iluminai a vossa face!&nbsp;\/&nbsp;Se voltardes para n\u00f3s, seremos salvos!&nbsp;\u2013 R.<\/p>\n\n\n\n<p>Segunda Leitura:&nbsp;<strong>Filipenses 4,6-9<\/strong><\/p>\n\n\n\n<p>Leitura da carta de S\u00e3o Paulo aos Filipenses \u2013 Irm\u00e3os,&nbsp;<sup>6<\/sup>n\u00e3o vos inquieteis com coisa alguma, mas apresentai as vossas necessidades a Deus, em ora\u00e7\u00f5es e s\u00faplicas, acompanhadas de a\u00e7\u00e3o de gra\u00e7as.&nbsp;<sup>7<\/sup>E a paz de Deus, que ultrapassa todo entendimento, guardar\u00e1 os vossos cora\u00e7\u00f5es e pensamentos em Cristo Jesus.&nbsp;<sup>8<\/sup>Quanto ao mais, irm\u00e3os, ocupai-vos com tudo o que \u00e9 verdadeiro, respeit\u00e1vel, justo, puro, am\u00e1vel, honroso, tudo o que \u00e9 virtude ou de qualquer modo mere\u00e7a louvor.&nbsp;<sup>9<\/sup>Praticai o que aprendestes e recebestes de mim ou que de mim vistes e ouvistes. Assim o Deus da paz estar\u00e1 convosco. \u2013 Palavra do Senhor.<\/p>\n\n\n\n<p>Evangelho:&nbsp;<strong>Mateus 21,33-43<\/strong><\/p>\n\n\n\n<p><strong><em>Aleluia, aleluia, aleluia.<\/em><\/strong><\/p>\n\n\n\n<p><strong>Eu vos escolhi foi do meio do mundo,&nbsp;\/&nbsp;a fim de que deis um fruto que dure.&nbsp;\/&nbsp;Eu vos escolhi foi do meio do mundo.&nbsp;\/&nbsp;Am\u00e9m! Aleluia, aleluia! (Jo 15,16)&nbsp;\u2013 R.<\/strong><\/p>\n\n\n\n<p>Proclama\u00e7\u00e3o do Evangelho de Jesus Cristo segundo Mateus \u2013 Naquele tempo, Jesus disse aos sumos sacerdotes e aos anci\u00e3os do povo:&nbsp;<sup>33<\/sup>\u201cEscutai esta outra par\u00e1bola: certo propriet\u00e1rio plantou uma vinha, p\u00f4s uma cerca em volta, fez nela um lagar para esmagar as uvas e construiu uma torre de guarda. Depois, arrendou-a a vinhateiros e viajou para o estrangeiro.&nbsp;<sup>34<\/sup>Quando chegou o tempo da colheita, o propriet\u00e1rio mandou seus empregados aos vinhateiros para receber seus frutos.&nbsp;<sup>35<\/sup>Os vinhateiros, por\u00e9m, agarraram os empregados, espancaram a um, mataram a outro e ao terceiro apedrejaram.&nbsp;<sup>36<\/sup>O propriet\u00e1rio mandou de novo outros empregados, em maior n\u00famero do que os primeiros. Mas eles os trataram da mesma forma.&nbsp;<sup>37<\/sup>Finalmente, o propriet\u00e1rio enviou-lhes o seu filho, pensando: \u2018Ao meu filho eles v\u00e3o respeitar\u2019.&nbsp;<sup>38<\/sup>Os vinhateiros, por\u00e9m, ao verem o filho, disseram entre si: \u2018Este \u00e9 o herdeiro. Vinde, vamos mat\u00e1-lo e tomar posse da sua heran\u00e7a!\u2019&nbsp;<sup>39<\/sup>Ent\u00e3o agarraram o filho, jogaram-no para fora da vinha e o mataram.&nbsp;<sup>40<\/sup>Pois bem, quando o dono da vinha voltar, o que far\u00e1 com esses vinhateiros?\u201d&nbsp;<sup>41<\/sup>Os sumos sacerdotes e os anci\u00e3os do povo responderam: \u201cCom certeza mandar\u00e1 matar de modo violento esses perversos e arrendar\u00e1 a vinha a outros vinhateiros, que lhe entregar\u00e3o os frutos no tempo certo\u201d.&nbsp;<sup>42<\/sup>Ent\u00e3o Jesus lhes disse: \u201cV\u00f3s nunca lestes nas Escrituras: \u2018A pedra que os construtores rejeitaram tornou-se a pedra angular; isso foi feito pelo Senhor e \u00e9 maravilhoso aos nossos olhos\u2019?&nbsp;<sup>43<\/sup>Por isso eu vos digo, o Reino de Deus vos ser\u00e1 tirado e ser\u00e1 entregue a um povo que produzir\u00e1 frutos\u201d. \u2013 Palavra da salva\u00e7\u00e3o.<\/p>\n\n\n\n<p>Reflex\u00e3o:<\/p>\n\n\n\n<p><em>O propriet\u00e1rio da vinha \u00e9 Deus, senhor de toda a terra. Faz altos investimentos na sua vinha, isto \u00e9, junto ao povo de Israel, com expectativas de lucros elevados (obras de justi\u00e7a). Os agricultores da vinha s\u00e3o os chefes do povo judeu. O produto \u00e9 o modo de viver agrad\u00e1vel a Deus. A colheita \u00e9 o tempo de presta\u00e7\u00e3o de contas, o julgamento. Os servos rejeitados s\u00e3o os profetas. O filho \u00e9 Jesus, crucificado em Jerusal\u00e9m. O tempo de Jesus devia ser a ocasi\u00e3o para colheitas abundantes (Reino de Deus), mas Israel n\u00e3o acolheu Jesus; por isso o Reino agora se estende a todos os povos que devem formar a Igreja, da qual Jesus \u00e9 a pedra fundamental. Seus membros dever\u00e3o produzir os frutos que Deus mais aprecia: a justi\u00e7a, o amor ao pr\u00f3ximo e a miseric\u00f3rdia. \u00c9 inaceit\u00e1vel uma Igreja que n\u00e3o produza frutos!<\/em><\/p>\n","protected":false},"excerpt":{"rendered":"<p>Senhor, tudo est\u00e1 em vosso poder, e ningu\u00e9m pode resistir \u00e0 vossa vontade. V\u00f3s fizestes todas as coisas: o c\u00e9u, a terra e tudo o que eles cont\u00eam; sois o Deus do universo!&#8230;<\/p>\n","protected":false},"author":2,"featured_media":21252,"comment_status":"open","ping_status":"open","sticky":false,"template":"","format":"standard","meta":[],"categories":[7],"tags":[],"_links":{"self":[{"href":"https:\/\/www.salvatorianas.org.br\/blog\/wp-json\/wp\/v2\/posts\/21251"}],"collection":[{"href":"https:\/\/www.salvatorianas.org.br\/blog\/wp-json\/wp\/v2\/posts"}],"about":[{"href":"https:\/\/www.salvatorianas.org.br\/blog\/wp-json\/wp\/v2\/types\/post"}],"author":[{"embeddable":true,"href":"https:\/\/www.salvatorianas.org.br\/blog\/wp-json\/wp\/v2\/users\/2"}],"replies":[{"embeddable":true,"href":"https:\/\/www.salvatorianas.org.br\/blog\/wp-json\/wp\/v2\/comments?post=21251"}],"version-history":[{"count":1,"href":"https:\/\/www.salvatorianas.org.br\/blog\/wp-json\/wp\/v2\/posts\/21251\/revisions"}],"predecessor-version":[{"id":21253,"href":"https:\/\/www.salvatorianas.org.br\/blog\/wp-json\/wp\/v2\/posts\/21251\/revisions\/21253"}],"wp:featuredmedia":[{"embeddable":true,"href":"https:\/\/www.salvatorianas.org.br\/blog\/wp-json\/wp\/v2\/media\/21252"}],"wp:attachment":[{"href":"https:\/\/www.salvatorianas.org.br\/blog\/wp-json\/wp\/v2\/media?parent=21251"}],"wp:term":[{"taxonomy":"category","embeddable":true,"href":"https:\/\/www.salvatorianas.org.br\/blog\/wp-json\/wp\/v2\/categories?post=21251"},{"taxonomy":"post_tag","embeddable":true,"href":"https:\/\/www.salvatorianas.org.br\/blog\/wp-json\/wp\/v2\/tags?post=21251"}],"curies":[{"name":"wp","href":"https:\/\/api.w.org\/{rel}","templated":true}]}}