{"id":21230,"date":"2023-10-04T01:08:00","date_gmt":"2023-10-04T01:08:00","guid":{"rendered":"https:\/\/www.salvatorianas.org.br\/blog\/?p=21230"},"modified":"2023-10-02T17:09:33","modified_gmt":"2023-10-02T17:09:33","slug":"sao-francisco-de-assis-religioso-memoria","status":"publish","type":"post","link":"https:\/\/www.salvatorianas.org.br\/blog\/sao-francisco-de-assis-religioso-memoria\/","title":{"rendered":"S\u00e3o Francisco de Assis, religioso, Mem\u00f3ria"},"content":{"rendered":"\n<p>Francisco de Assis, homem de Deus, deixou sua casa e sua heran\u00e7a e se fez pobre e desvalido. O Senhor, por\u00e9m, o acolheu com amor.<\/p>\n\n\n\n<p><em>Francisco nasceu na It\u00e1lia em 1182 e l\u00e1 faleceu em 1226. Ap\u00f3s ter participado da guerra entre burgueses e nobres, passou por intenso processo de convers\u00e3o. P\u00f4s-se a servi\u00e7o dos mais pobres, cuidou de pessoas portadoras de hansen\u00edase e vivia em constante harmonia com a m\u00e3e natureza. \u00c9 patrono da ecologia e dos animais. A exemplo do \u201cPobrezinho de Assis\u201d, neste dia em que se conclui o Tempo da Cria\u00e7\u00e3o institu\u00eddo pelo papa Francisco, proponhamo-nos dedicar total cuidado \u00e0 cria\u00e7\u00e3o e aos mais desprotegidos de nossa sociedade.<\/em><\/p>\n\n\n\n<p>Primeira Leitura:&nbsp;<strong>Neemias 2,1-8<\/strong><\/p>\n\n\n\n<p>Leitura do livro de Neemias \u2013&nbsp;<sup>1<\/sup>Era o m\u00eas de Nis\u00e3, no vig\u00e9simo ano do rei Artaxerxes. Como o vinho estivesse diante do rei, eu peguei no vinho e ofereci-o ao rei. Como em sua presen\u00e7a eu nunca podia estar triste,&nbsp;<sup>2<\/sup>o rei disse-me: \u201cPor que est\u00e1s com a fisionomia triste? N\u00e3o est\u00e1s doente. Isso s\u00f3 pode ser tristeza do cora\u00e7\u00e3o\u201d. Fiquei muito apreensivo e disse ao rei:&nbsp;<sup>3<\/sup>\u201cQue o rei viva para sempre! Como o meu rosto poderia n\u00e3o estar triste, quando est\u00e1 em ru\u00ednas a cidade onde est\u00e3o os t\u00famulos de meus pais e suas portas foram consumidas pelo fogo?\u201d&nbsp;<sup>4<\/sup>E o rei disse-me: \u201cO que desejas?\u201d Ent\u00e3o, fazendo uma ora\u00e7\u00e3o ao Deus do c\u00e9u,&nbsp;<sup>5<\/sup>eu disse ao rei: \u201cSe for do agrado do rei e se o teu servo achar gra\u00e7a diante de ti, deixa-me ir para a Judeia, \u00e0 cidade onde se encontram os t\u00famulos de meus pais, a fim de que possa reconstru\u00ed-la\u201d.&nbsp;<sup>6<\/sup>O rei, junto de quem a rainha se sentara, perguntou-me: \u201cQuanto tempo vai durar a tua viagem e quando estar\u00e1s de volta?\u201d Eu indiquei-lhe a data do regresso e ele autorizou-me a partir.&nbsp;<sup>7<\/sup>Eu disse ainda ao rei: \u201cSe parecer bem ao rei, sejam-me dadas cartas para os governadores de al\u00e9m do rio, para que me deixem passar, at\u00e9 que chegue \u00e0 Judeia.&nbsp;<sup>8<\/sup>E tamb\u00e9m outra carta para Asaf, guarda da floresta do rei, para que me forne\u00e7a madeira de constru\u00e7\u00e3o para as portas da cidadela do templo, para as muralhas da cidade e para a casa em que vou morar\u201d. E o rei concedeu-me tudo, pois a bondosa m\u00e3o de Deus me protegia. \u2013 Palavra do Senhor.<\/p>\n\n\n\n<p>Salmo Responsorial:&nbsp;<strong>136(137)<\/strong><\/p>\n\n\n\n<p><em><strong>Que se prenda a minha l\u00edngua ao c\u00e9u da boca&nbsp;\/&nbsp;se de ti, Jerusal\u00e9m, eu me esquecer!<\/strong><\/em><\/p>\n\n\n\n<p>1. Junto aos rios da Babil\u00f4nia&nbsp;\u2020&nbsp;nos sent\u00e1vamos chorando,&nbsp;\/&nbsp;com saudades de Si\u00e3o.&nbsp;\/&nbsp;Nos salgueiros por ali&nbsp;\/&nbsp;penduramos nossas harpas.&nbsp;\u2013 R.<\/p>\n\n\n\n<p>2. Pois foi l\u00e1 que os opressores&nbsp;\/&nbsp;nos pediram nossos c\u00e2nticos;&nbsp;\/&nbsp;nossos guardas exigiam&nbsp;\/&nbsp;alegria na tristeza:&nbsp;\/&nbsp;\u201cCantai hoje para n\u00f3s&nbsp;\/&nbsp;algum canto de Si\u00e3o!\u201d&nbsp;\u2013 R.<\/p>\n\n\n\n<p>3. Como havemos de cantar&nbsp;\u2020&nbsp;os cantares do Senhor&nbsp;\/&nbsp;numa terra estrangeira?&nbsp;\/&nbsp;Se de ti, Jerusal\u00e9m,&nbsp;\u2020&nbsp;algum dia eu me esquecer,&nbsp;\/&nbsp;que resseque a minha m\u00e3o!&nbsp;\u2013 R.<\/p>\n\n\n\n<p>3. Que se cole a minha l\u00edngua&nbsp;\u2020&nbsp;e se prenda ao c\u00e9u da boca&nbsp;\/&nbsp;se de ti n\u00e3o me lembrar!&nbsp;\/&nbsp;Se n\u00e3o for Jerusal\u00e9m&nbsp;\/&nbsp;minha grande alegria!&nbsp;\u2013 R.<\/p>\n\n\n\n<p>Evangelho:&nbsp;<strong>Lucas 9,57-62<\/strong><\/p>\n\n\n\n<p><strong><em>Aleluia, aleluia, aleluia.<\/em><\/strong><\/p>\n\n\n\n<p><strong>Eu tudo considero como perda e como lixo&nbsp;\/&nbsp;a fim de ganhar Cristo e ser achado nele! (Fl 3,8s)&nbsp;\u2013 R.<\/strong><\/p>\n\n\n\n<p>Proclama\u00e7\u00e3o do Evangelho de Jesus Cristo segundo Lucas \u2013 Naquele tempo,&nbsp;<sup>57<\/sup>enquanto Jesus e seus disc\u00edpulos caminhavam, algu\u00e9m na estrada disse a Jesus: \u201cEu te seguirei para onde quer que fores\u201d.&nbsp;<sup>58<\/sup>Jesus lhe respondeu: \u201cAs raposas t\u00eam tocas e os p\u00e1ssaros t\u00eam ninhos, mas o Filho do Homem n\u00e3o tem onde repousar a cabe\u00e7a\u201d.&nbsp;<sup>59<\/sup>Jesus disse a outro: \u201cSegue-me\u201d. Este respondeu: \u201cDeixa-me primeiro ir enterrar meu pai\u201d.&nbsp;<sup>60<\/sup>Jesus respondeu: \u201cDeixa que os mortos enterrem os seus mortos; mas tu, vai anunciar o Reino de Deus\u201d.&nbsp;<sup>61<\/sup>Um outro ainda lhe disse: \u201cEu te seguirei, Senhor, mas deixa-me primeiro despedir-me dos meus familiares\u201d.&nbsp;<sup>62<\/sup>Jesus, por\u00e9m, respondeu-lhe: \u201cQuem p\u00f5e a m\u00e3o no arado e olha para tr\u00e1s n\u00e3o est\u00e1 apto para o Reino de Deus\u201d. \u2013 Palavra da salva\u00e7\u00e3o.<\/p>\n\n\n\n<p>Reflex\u00e3o:<\/p>\n\n\n\n<p><em>Tr\u00eas cenas de seguimento marcam o in\u00edcio da caminhada de Jesus para a cruz em Jerusal\u00e9m. Jesus s\u00f3 pode recrutar pessoas prontas a abandonar todas as seguran\u00e7as materiais ou morais. No primeiro e terceiro caso, os homens tomam a iniciativa: \u201cEu te seguirei\u201d. No segundo caso, \u00e9 Jesus quem chama: \u201cSiga-me\u201d. Nas tr\u00eas situa\u00e7\u00f5es requerem-se: prontid\u00e3o, desprendimento de outros v\u00ednculos, disposi\u00e7\u00e3o para enfrentar o desconforto. Enterrar os mortos \u00e9 dever sagrado, por\u00e9m \u00e9 mais importante priorizar a vida nova oferecida pelo Reino de Deus. O disc\u00edpulo de Jesus deve ser como o lavrador que olha para a frente; olhar para tr\u00e1s \u00e9 desviar-se do caminho reto. Essas exig\u00eancias se aplicam ainda mais aos que t\u00eam particular voca\u00e7\u00e3o ao servi\u00e7o do Reino, como bispos, padres, di\u00e1conos, religiosos e religiosas.<\/em><\/p>\n","protected":false},"excerpt":{"rendered":"<p>Francisco de Assis, homem de Deus, deixou sua casa e sua heran\u00e7a e se fez pobre e desvalido. O Senhor, por\u00e9m, o acolheu com amor. Francisco nasceu na It\u00e1lia em 1182 e l\u00e1&#8230;<\/p>\n","protected":false},"author":2,"featured_media":21231,"comment_status":"open","ping_status":"open","sticky":false,"template":"","format":"standard","meta":[],"categories":[7],"tags":[],"_links":{"self":[{"href":"https:\/\/www.salvatorianas.org.br\/blog\/wp-json\/wp\/v2\/posts\/21230"}],"collection":[{"href":"https:\/\/www.salvatorianas.org.br\/blog\/wp-json\/wp\/v2\/posts"}],"about":[{"href":"https:\/\/www.salvatorianas.org.br\/blog\/wp-json\/wp\/v2\/types\/post"}],"author":[{"embeddable":true,"href":"https:\/\/www.salvatorianas.org.br\/blog\/wp-json\/wp\/v2\/users\/2"}],"replies":[{"embeddable":true,"href":"https:\/\/www.salvatorianas.org.br\/blog\/wp-json\/wp\/v2\/comments?post=21230"}],"version-history":[{"count":1,"href":"https:\/\/www.salvatorianas.org.br\/blog\/wp-json\/wp\/v2\/posts\/21230\/revisions"}],"predecessor-version":[{"id":21232,"href":"https:\/\/www.salvatorianas.org.br\/blog\/wp-json\/wp\/v2\/posts\/21230\/revisions\/21232"}],"wp:featuredmedia":[{"embeddable":true,"href":"https:\/\/www.salvatorianas.org.br\/blog\/wp-json\/wp\/v2\/media\/21231"}],"wp:attachment":[{"href":"https:\/\/www.salvatorianas.org.br\/blog\/wp-json\/wp\/v2\/media?parent=21230"}],"wp:term":[{"taxonomy":"category","embeddable":true,"href":"https:\/\/www.salvatorianas.org.br\/blog\/wp-json\/wp\/v2\/categories?post=21230"},{"taxonomy":"post_tag","embeddable":true,"href":"https:\/\/www.salvatorianas.org.br\/blog\/wp-json\/wp\/v2\/tags?post=21230"}],"curies":[{"name":"wp","href":"https:\/\/api.w.org\/{rel}","templated":true}]}}