{"id":21215,"date":"2023-10-02T13:09:36","date_gmt":"2023-10-02T13:09:36","guid":{"rendered":"https:\/\/www.salvatorianas.org.br\/blog\/?p=21215"},"modified":"2023-10-02T13:09:37","modified_gmt":"2023-10-02T13:09:37","slug":"gratidao","status":"publish","type":"post","link":"https:\/\/www.salvatorianas.org.br\/blog\/gratidao\/","title":{"rendered":"Gratid\u00e3o!"},"content":{"rendered":"\n<p><\/p>\n\n\n\n<p><\/p>\n\n\n\n<p>As Irm\u00e3s das Comunidades da Prov\u00edncia Santa Catarina das Irm\u00e3s Salvatorianas, agradecem imensamente \u00e0 Equipe de Coordena\u00e7\u00e3o Provincial e as Irm\u00e3s da Equipe Geral que, durante os meses de Agosto e Setembro, estiveram visitando nossas comunidades e espa\u00e7os de miss\u00e3o.<\/p>\n\n\n\n<p>Muitos sentimentos invadem o nosso cora\u00e7\u00e3o neste momento. O maior deles \u00e9 o da gratid\u00e3o. Agradecemos o dom que cada uma de voc\u00eas \u00e9 para n\u00f3s, para a Prov\u00edncia e Congrega\u00e7\u00e3o, para toda a miss\u00e3o Salvatoriana, presente numa Igreja Sinodal.<\/p>\n\n\n\n<p>Junto com voc\u00eas queremos agradecer a fidelidade de Deus em nossas vidas. Ele sempre \u00e9 fiel. Nossas Constitui\u00e7\u00f5es no art. 71 dizem: <strong>\u201cToda a nossa vida \u00e9 um apelo para crescermos na fidelidade a Deus que \u00e9 fiel\u201d.<\/strong><\/p>\n\n\n\n<p>Na celebra\u00e7\u00e3o de a\u00e7\u00e3o de gra\u00e7as deste momento, tamb\u00e9m foi realizada a ben\u00e7\u00e3o do novo espa\u00e7o de trabalho para os colaboradores na sede da Mantenedora.<\/p>\n\n\n\n<p>Por tudo, damos gra\u00e7as!<\/p>\n\n\n\n<figure class=\"wp-block-image size-large\"><img decoding=\"async\" loading=\"lazy\" width=\"1024\" height=\"900\" src=\"https:\/\/www.salvatorianas.org.br\/blog\/wp-content\/uploads\/2023\/10\/cde-sede-2-1024x900.jpg\" alt=\"\" class=\"wp-image-21218\" srcset=\"https:\/\/www.salvatorianas.org.br\/blog\/wp-content\/uploads\/2023\/10\/cde-sede-2-1024x900.jpg 1024w, https:\/\/www.salvatorianas.org.br\/blog\/wp-content\/uploads\/2023\/10\/cde-sede-2-300x264.jpg 300w, https:\/\/www.salvatorianas.org.br\/blog\/wp-content\/uploads\/2023\/10\/cde-sede-2-768x675.jpg 768w, https:\/\/www.salvatorianas.org.br\/blog\/wp-content\/uploads\/2023\/10\/cde-sede-2.jpg 1151w\" sizes=\"(max-width: 1024px) 100vw, 1024px\" \/><\/figure>\n\n\n\n<p><\/p>\n\n\n\n<figure class=\"wp-block-image size-large\"><img decoding=\"async\" loading=\"lazy\" width=\"768\" height=\"1024\" src=\"https:\/\/www.salvatorianas.org.br\/blog\/wp-content\/uploads\/2023\/10\/Cel-com-func-3-768x1024.jpg\" alt=\"\" class=\"wp-image-21219\" srcset=\"https:\/\/www.salvatorianas.org.br\/blog\/wp-content\/uploads\/2023\/10\/Cel-com-func-3-768x1024.jpg 768w, https:\/\/www.salvatorianas.org.br\/blog\/wp-content\/uploads\/2023\/10\/Cel-com-func-3-225x300.jpg 225w, https:\/\/www.salvatorianas.org.br\/blog\/wp-content\/uploads\/2023\/10\/Cel-com-func-3-1152x1536.jpg 1152w, https:\/\/www.salvatorianas.org.br\/blog\/wp-content\/uploads\/2023\/10\/Cel-com-func-3.jpg 1200w\" sizes=\"(max-width: 768px) 100vw, 768px\" \/><\/figure>\n\n\n\n<p><\/p>\n\n\n\n<figure class=\"wp-block-image size-large\"><img decoding=\"async\" loading=\"lazy\" width=\"1024\" height=\"555\" src=\"https:\/\/www.salvatorianas.org.br\/blog\/wp-content\/uploads\/2023\/10\/Cel-com-funcio-4-1024x555.jpg\" alt=\"\" class=\"wp-image-21220\" srcset=\"https:\/\/www.salvatorianas.org.br\/blog\/wp-content\/uploads\/2023\/10\/Cel-com-funcio-4-1024x555.jpg 1024w, https:\/\/www.salvatorianas.org.br\/blog\/wp-content\/uploads\/2023\/10\/Cel-com-funcio-4-300x163.jpg 300w, https:\/\/www.salvatorianas.org.br\/blog\/wp-content\/uploads\/2023\/10\/Cel-com-funcio-4-768x416.jpg 768w, https:\/\/www.salvatorianas.org.br\/blog\/wp-content\/uploads\/2023\/10\/Cel-com-funcio-4-1536x832.jpg 1536w, https:\/\/www.salvatorianas.org.br\/blog\/wp-content\/uploads\/2023\/10\/Cel-com-funcio-4.jpg 1600w\" sizes=\"(max-width: 1024px) 100vw, 1024px\" \/><\/figure>\n\n\n\n<p><\/p>\n\n\n\n<figure class=\"wp-block-image size-large\"><img decoding=\"async\" loading=\"lazy\" width=\"1024\" height=\"939\" src=\"https:\/\/www.salvatorianas.org.br\/blog\/wp-content\/uploads\/2023\/10\/Bencao-novo-espaco-5-1024x939.jpg\" alt=\"\" class=\"wp-image-21221\" srcset=\"https:\/\/www.salvatorianas.org.br\/blog\/wp-content\/uploads\/2023\/10\/Bencao-novo-espaco-5-1024x939.jpg 1024w, https:\/\/www.salvatorianas.org.br\/blog\/wp-content\/uploads\/2023\/10\/Bencao-novo-espaco-5-300x275.jpg 300w, https:\/\/www.salvatorianas.org.br\/blog\/wp-content\/uploads\/2023\/10\/Bencao-novo-espaco-5-768x704.jpg 768w, https:\/\/www.salvatorianas.org.br\/blog\/wp-content\/uploads\/2023\/10\/Bencao-novo-espaco-5.jpg 1200w\" sizes=\"(max-width: 1024px) 100vw, 1024px\" \/><\/figure>\n","protected":false},"excerpt":{"rendered":"<p>As Irm\u00e3s das Comunidades da Prov\u00edncia Santa Catarina das Irm\u00e3s Salvatorianas, agradecem imensamente \u00e0 Equipe de Coordena\u00e7\u00e3o Provincial e as Irm\u00e3s da Equipe Geral que, durante os meses de Agosto e Setembro, estiveram&#8230;<\/p>\n","protected":false},"author":2,"featured_media":21216,"comment_status":"open","ping_status":"open","sticky":false,"template":"","format":"standard","meta":[],"categories":[1],"tags":[],"_links":{"self":[{"href":"https:\/\/www.salvatorianas.org.br\/blog\/wp-json\/wp\/v2\/posts\/21215"}],"collection":[{"href":"https:\/\/www.salvatorianas.org.br\/blog\/wp-json\/wp\/v2\/posts"}],"about":[{"href":"https:\/\/www.salvatorianas.org.br\/blog\/wp-json\/wp\/v2\/types\/post"}],"author":[{"embeddable":true,"href":"https:\/\/www.salvatorianas.org.br\/blog\/wp-json\/wp\/v2\/users\/2"}],"replies":[{"embeddable":true,"href":"https:\/\/www.salvatorianas.org.br\/blog\/wp-json\/wp\/v2\/comments?post=21215"}],"version-history":[{"count":4,"href":"https:\/\/www.salvatorianas.org.br\/blog\/wp-json\/wp\/v2\/posts\/21215\/revisions"}],"predecessor-version":[{"id":21226,"href":"https:\/\/www.salvatorianas.org.br\/blog\/wp-json\/wp\/v2\/posts\/21215\/revisions\/21226"}],"wp:featuredmedia":[{"embeddable":true,"href":"https:\/\/www.salvatorianas.org.br\/blog\/wp-json\/wp\/v2\/media\/21216"}],"wp:attachment":[{"href":"https:\/\/www.salvatorianas.org.br\/blog\/wp-json\/wp\/v2\/media?parent=21215"}],"wp:term":[{"taxonomy":"category","embeddable":true,"href":"https:\/\/www.salvatorianas.org.br\/blog\/wp-json\/wp\/v2\/categories?post=21215"},{"taxonomy":"post_tag","embeddable":true,"href":"https:\/\/www.salvatorianas.org.br\/blog\/wp-json\/wp\/v2\/tags?post=21215"}],"curies":[{"name":"wp","href":"https:\/\/api.w.org\/{rel}","templated":true}]}}