{"id":21212,"date":"2023-10-02T01:10:00","date_gmt":"2023-10-02T01:10:00","guid":{"rendered":"https:\/\/www.salvatorianas.org.br\/blog\/?p=21212"},"modified":"2023-09-29T17:12:11","modified_gmt":"2023-09-29T17:12:11","slug":"santos-anjos-da-guarda-memoria","status":"publish","type":"post","link":"https:\/\/www.salvatorianas.org.br\/blog\/santos-anjos-da-guarda-memoria\/","title":{"rendered":"Santos Anjos da Guarda, Mem\u00f3ria"},"content":{"rendered":"\n<p>Anjos todos do Senhor, bendizei o Senhor; cantai a sua gl\u00f3ria, louvai-o eternamente (Dn 3,58).<\/p>\n\n\n\n<p><em>No s\u00e9culo 17 celebrava-se, na Espanha e na Fran\u00e7a, a mem\u00f3ria dos Anjos da Guarda, que o papa Clemente 10\u00ba estabeleceu para toda a Igreja, fixando-a no dia 2 de outubro. Esta data foi confirmada definitivamente pelo papa S\u00e3o Pio 10\u00ba. Na hist\u00f3ria da salva\u00e7\u00e3o, Deus confia aos anjos o encargo de proteger os patriarcas, seus servidores e todo o povo eleito, conforme exprime o Salmo 90, pr\u00f3prio desta liturgia. Confiemos aos cuidados dos anjos da guarda todas as pessoas, principalmente as crian\u00e7as.<\/em><\/p>\n\n\n\n<p>Primeira Leitura:&nbsp;<strong>\u00caxodo 23,20-23<\/strong><\/p>\n\n\n\n<p>Leitura do livro do \u00caxodo \u2013 Assim diz o Senhor:&nbsp;<sup>20<\/sup>\u201cVou enviar um anjo que v\u00e1 \u00e0 tua frente, que te guarde pelo caminho e te conduza ao lugar que te preparei.&nbsp;<sup>21<\/sup>Respeita-o e ouve a sua voz. N\u00e3o lhe sejas rebelde, porque n\u00e3o suportar\u00e1 as vossas transgress\u00f5es, e nele est\u00e1 o meu nome.&nbsp;<sup>22<\/sup>Se ouvires a sua voz e fizeres tudo o que eu disser, serei inimigo dos teus inimigos e advers\u00e1rio dos teus advers\u00e1rios.&nbsp;<sup>23<\/sup>O meu anjo ir\u00e1 \u00e0 tua frente e te conduzir\u00e1 \u00e0 terra dos amorreus, dos hititas, dos ferezeus, dos cananeus, dos eveus e dos jebuseus, e eu os exterminarei\u201d. \u2013 Palavra do Senhor.<\/p>\n\n\n\n<p>Salmo Responsorial:&nbsp;<strong>90(91)<\/strong><\/p>\n\n\n\n<p><em><strong>O Senhor deu uma ordem aos seus anjos&nbsp;\/&nbsp;para em todos os caminhos te guardarem.<\/strong><\/em><\/p>\n\n\n\n<p>1. Quem habita ao abrigo do Alt\u00edssimo&nbsp;\/&nbsp;e vive \u00e0 sombra do Senhor onipotente&nbsp;\/&nbsp;diz ao Senhor: \u201cSois meu ref\u00fagio e prote\u00e7\u00e3o,&nbsp;\/&nbsp;sois o meu Deus, no qual confio inteiramente\u201d.&nbsp;\u2013 R.<\/p>\n\n\n\n<p>2. Do ca\u00e7ador e do seu la\u00e7o ele te livra.&nbsp;\/&nbsp;Ele te salva da palavra que destr\u00f3i.&nbsp;\/&nbsp;Com suas asas haver\u00e1 de proteger-te,&nbsp;\/&nbsp;com seu escudo e suas armas, defender-te.&nbsp;\u2013 R.<\/p>\n\n\n\n<p>3. N\u00e3o temer\u00e1s terror algum durante a noite&nbsp;\/&nbsp;nem a flecha disparada em pleno dia;&nbsp;\/&nbsp;nem a peste que caminha pelo escuro&nbsp;\/&nbsp;nem a desgra\u00e7a que devasta ao meio-dia.&nbsp;\u2013 R.<\/p>\n\n\n\n<p>4. Nenhum mal h\u00e1 de chegar perto de ti,&nbsp;\/&nbsp;nem a desgra\u00e7a bater\u00e1 \u00e0 tua porta;&nbsp;\/&nbsp;pois o Senhor deu uma ordem a seus anjos&nbsp;\/&nbsp;para em todos os caminhos te guardarem.&nbsp;\u2013 R.<\/p>\n\n\n\n<p>Evangelho:&nbsp;<strong>Mateus 18,1-5.10<\/strong><\/p>\n\n\n\n<p><strong>Aleluia, aleluia, aleluia.<\/strong><\/p>\n\n\n\n<p><strong>Bendizei ao Senhor Deus, os seus poderes,&nbsp;\/&nbsp;seus ministros que fazeis sua vontade! (Sl 102,21)&nbsp;\u2013 R.<\/strong><\/p>\n\n\n\n<p>Proclama\u00e7\u00e3o do Evangelho de Jesus Cristo segundo Mateus \u2013 Naquela hora, 1os disc\u00edpulos aproximaram-se de Jesus e perguntaram: \u201cQuem \u00e9 o maior no Reino dos C\u00e9us?\u201d 2Jesus chamou uma crian\u00e7a, colocou-a no meio deles 3e disse: \u201cEm verdade vos digo, se n\u00e3o vos converterdes e n\u00e3o vos tornardes como crian\u00e7as, n\u00e3o entrareis no Reino dos C\u00e9us. 4Quem se faz pequeno como esta crian\u00e7a, esse \u00e9 o maior no Reino dos C\u00e9us. 5E quem recebe em meu nome uma crian\u00e7a como esta \u00e9 a mim que recebe. 10N\u00e3o desprezeis nenhum desses pequeninos, pois eu vos digo que os seus anjos nos c\u00e9us veem sem cessar a face do meu Pai que est\u00e1 nos c\u00e9us\u201d. \u2013 Palavra da salva\u00e7\u00e3o.<\/p>\n\n\n\n<p>Reflex\u00e3o:<\/p>\n\n\n\n<p><em>No in\u00edcio, o culto dos anjos da guarda est\u00e1 unido ao de S\u00e3o Miguel. A partir do s\u00e9culo XVI, figura como festa pr\u00f3pria em muitas igrejas. Os anjos s\u00e3o mencionados mais de trezentas vezes na B\u00edblia. Os Evangelhos falam frequentemente dos anjos. Significativa \u00e9 a passagem em que Jesus se p\u00f5e em defesa dos pequeninos: \u201cOs anjos deles contemplam continuamente o rosto do meu Pai que est\u00e1 nos c\u00e9us\u201d. A respeito dos anjos da guarda, assim se expressa o Catecismo da Igreja cat\u00f3lica (n. 336): \u201cDesde o in\u00edcio at\u00e9 a morte, a vida humana \u00e9 cercada por sua prote\u00e7\u00e3o e por sua intercess\u00e3o. Cada fiel \u00e9 ladeado por um anjo como protetor e pastor para conduzi-lo \u00e0 vida\u201d. O famoso pregador Bossuet dizia: \u201cSejam felizes por ter amigos t\u00e3o prestativos, intercessores t\u00e3o fi\u00e9is, int\u00e9rpretes t\u00e3o caridosos\u201d.<\/em><\/p>\n","protected":false},"excerpt":{"rendered":"<p>Anjos todos do Senhor, bendizei o Senhor; cantai a sua gl\u00f3ria, louvai-o eternamente (Dn 3,58). No s\u00e9culo 17 celebrava-se, na Espanha e na Fran\u00e7a, a mem\u00f3ria dos Anjos da Guarda, que o papa&#8230;<\/p>\n","protected":false},"author":2,"featured_media":21213,"comment_status":"open","ping_status":"open","sticky":false,"template":"","format":"standard","meta":[],"categories":[7],"tags":[],"_links":{"self":[{"href":"https:\/\/www.salvatorianas.org.br\/blog\/wp-json\/wp\/v2\/posts\/21212"}],"collection":[{"href":"https:\/\/www.salvatorianas.org.br\/blog\/wp-json\/wp\/v2\/posts"}],"about":[{"href":"https:\/\/www.salvatorianas.org.br\/blog\/wp-json\/wp\/v2\/types\/post"}],"author":[{"embeddable":true,"href":"https:\/\/www.salvatorianas.org.br\/blog\/wp-json\/wp\/v2\/users\/2"}],"replies":[{"embeddable":true,"href":"https:\/\/www.salvatorianas.org.br\/blog\/wp-json\/wp\/v2\/comments?post=21212"}],"version-history":[{"count":1,"href":"https:\/\/www.salvatorianas.org.br\/blog\/wp-json\/wp\/v2\/posts\/21212\/revisions"}],"predecessor-version":[{"id":21214,"href":"https:\/\/www.salvatorianas.org.br\/blog\/wp-json\/wp\/v2\/posts\/21212\/revisions\/21214"}],"wp:featuredmedia":[{"embeddable":true,"href":"https:\/\/www.salvatorianas.org.br\/blog\/wp-json\/wp\/v2\/media\/21213"}],"wp:attachment":[{"href":"https:\/\/www.salvatorianas.org.br\/blog\/wp-json\/wp\/v2\/media?parent=21212"}],"wp:term":[{"taxonomy":"category","embeddable":true,"href":"https:\/\/www.salvatorianas.org.br\/blog\/wp-json\/wp\/v2\/categories?post=21212"},{"taxonomy":"post_tag","embeddable":true,"href":"https:\/\/www.salvatorianas.org.br\/blog\/wp-json\/wp\/v2\/tags?post=21212"}],"curies":[{"name":"wp","href":"https:\/\/api.w.org\/{rel}","templated":true}]}}