{"id":21206,"date":"2023-09-30T01:05:00","date_gmt":"2023-09-30T01:05:00","guid":{"rendered":"https:\/\/www.salvatorianas.org.br\/blog\/?p=21206"},"modified":"2023-09-29T17:08:58","modified_gmt":"2023-09-29T17:08:58","slug":"sao-jeronimo-presbitero-e-doutor-da-igreja-memoria","status":"publish","type":"post","link":"https:\/\/www.salvatorianas.org.br\/blog\/sao-jeronimo-presbitero-e-doutor-da-igreja-memoria\/","title":{"rendered":"S\u00e3o Jer\u00f4nimo, presb\u00edtero e doutor da Igreja, Mem\u00f3ria"},"content":{"rendered":"\n<p>Que as palavras da Escritura estejam sempre em teus l\u00e1bios, para que, meditando-as dia e noite, te esforces para realizar tudo aquilo que ensinam, e ter\u00e1 sentido e valor a tua vida (Js 1,8).<\/p>\n\n\n\n<p><em>Jer\u00f4nimo nasceu na prov\u00edncia romana da Dalm\u00e1cia, provavelmente numa regi\u00e3o da atual Cro\u00e1cia, por volta do ano 340, e faleceu em Bel\u00e9m, na Palestina, em 420. Presb\u00edtero de extraordin\u00e1ria intelig\u00eancia e de vasta cultura liter\u00e1ria e b\u00edblica, traduziu para o latim os textos originais do Antigo e do Novo Testamento. Que sua paix\u00e3o pelos textos sagrados nos motive a aprofundar o conhecimento da Palavra de Deus.<\/em><\/p>\n\n\n\n<p>Primeira Leitura:&nbsp;<strong>Zacarias 2,5-9.14-15<\/strong><\/p>\n\n\n\n<p>Leitura da profecia de Zacarias \u2013&nbsp;<sup>5<\/sup>Levantei os olhos e eis que vi um homem com um cordel de medir na m\u00e3o.&nbsp;<sup>6<\/sup>Perguntei-lhe: \u201cAonde vais?\u201d Respondeu-me: \u201cVou medir Jerusal\u00e9m, para ver qual \u00e9 a sua largura e o seu comprimento\u201d.&nbsp;<sup>7<\/sup>Eis que apareceu o anjo que falava em mim, enquanto lhe vinha ao encontro um outro anjo,&nbsp;<sup>8<\/sup>que lhe disse: \u201cCorre a falar com esse mo\u00e7o, dizendo: a popula\u00e7\u00e3o de Jerusal\u00e9m precisa ficar sem muralha, em vista da multid\u00e3o de homens e animais que vivem no seu interior.&nbsp;<sup>9<\/sup>Eu serei para ela, diz o Senhor, muralha de fogo ao seu redor e mostrarei minha gl\u00f3ria no meio dela.&nbsp;<sup>14<\/sup>Rejubila, alegra-te, cidade de Si\u00e3o, eis que venho para habitar no meio de ti, diz o Senhor.&nbsp;<sup>15<\/sup>Muitas na\u00e7\u00f5es se aproximar\u00e3o do Senhor, naquele dia, e ser\u00e3o o seu povo. Habitarei no meio de ti\u201d. \u2013 Palavra do Senhor.<\/p>\n\n\n\n<p>Salmo Responsorial:&nbsp;<strong>Jr 31<\/strong><\/p>\n\n\n\n<p><em><strong>O Senhor nos guardar\u00e1 qual pastor a seu rebanho.<\/strong><\/em><\/p>\n\n\n\n<p>1. Ouvi, na\u00e7\u00f5es, a palavra do Senhor&nbsp;\/&nbsp;e anunciai-a nas ilhas mais distantes:&nbsp;\/&nbsp;\u201cQuem dispersou Israel vai congreg\u00e1-lo&nbsp;\/&nbsp;e o guardar\u00e1 qual pastor a seu rebanho!\u201d&nbsp;\u2013 R.<\/p>\n\n\n\n<p>2. Pois, na verdade, o Senhor remiu Jac\u00f3&nbsp;\/&nbsp;e o libertou do poder do prepotente.&nbsp;\/&nbsp;Voltar\u00e3o para o monte de Si\u00e3o,&nbsp;\u2020&nbsp;entre brados e cantos de alegria&nbsp;\/&nbsp;afluir\u00e3o para as b\u00ean\u00e7\u00e3os do Senhor.&nbsp;\u2013 R.<\/p>\n\n\n\n<p>3. Ent\u00e3o a virgem dan\u00e7ar\u00e1 alegremente,&nbsp;\/&nbsp;tamb\u00e9m o jovem e o velho exultar\u00e3o;&nbsp;\/&nbsp;mudarei em alegria o seu luto,&nbsp;\/&nbsp;serei consolo e conforto ap\u00f3s a guerra.&nbsp;\u2013 R.<\/p>\n\n\n\n<p>Evangelho:&nbsp;<strong>Lucas 9,43-45<\/strong><\/p>\n\n\n\n<p><strong><em>Aleluia, aleluia, aleluia.<\/em><\/strong><\/p>\n\n\n\n<p><strong>Jesus Cristo salvador destruiu o mal e a morte;&nbsp;\/&nbsp;fez brilhar, pelo Evangelho, a luz e a vida imperec\u00edveis (2Tm 1,10).&nbsp;\u2013 R.<\/strong><\/p>\n\n\n\n<p>Proclama\u00e7\u00e3o do Evangelho de Jesus Cristo segundo Lucas&nbsp;\u2013&nbsp;Naquele tempo,&nbsp;<sup>43<\/sup>todos estavam admirados com todas as coisas que Jesus fazia. Ent\u00e3o Jesus disse a seus disc\u00edpulos:&nbsp;<sup>44<\/sup>\u201cPrestai bem aten\u00e7\u00e3o \u00e0s palavras que vou dizer: o Filho do Homem vai ser entregue nas m\u00e3os dos homens\u201d.&nbsp;<sup>45<\/sup>Mas os disc\u00edpulos n\u00e3o compreendiam o que Jesus dizia. O sentido lhes ficava escondido, de modo que n\u00e3o podiam entender; e eles tinham medo de fazer perguntas sobre o assunto. \u2013 Palavra da salva\u00e7\u00e3o.<\/p>\n\n\n\n<p>Reflex\u00e3o:<\/p>\n\n\n\n<p><em>Jesus tem momentos de sucesso no meio do povo e desperta a admira\u00e7\u00e3o de todos, mas tem o olhar fixo na obra decisiva da salva\u00e7\u00e3o. Pela segunda vez, de forma resumida, Jesus avisa seus disc\u00edpulos sobre seu fim tr\u00e1gico. Essa informa\u00e7\u00e3o n\u00e3o entra na cabe\u00e7a deles. Esse tipo de an\u00fancio n\u00e3o se enquadra com o que eles esperam de Jesus. N\u00e3o conseguem conciliar poder com fraqueza: como pode cair \u201cnas m\u00e3os dos homens\u201d aquele que expulsa as for\u00e7as malignas? Para eles, era incompreens\u00edvel essa esp\u00e9cie de contradi\u00e7\u00e3o. S\u00f3 entender\u00e3o ap\u00f3s a ressurrei\u00e7\u00e3o, quando Jesus \u201cabrir\u00e1 a intelig\u00eancia deles, para compreenderem as Escrituras. Ent\u00e3o lhes dir\u00e1: \u2018Est\u00e1 escrito que o Messias tinha de sofrer e ressuscitar dos mortos no terceiro dia&#8217;\u201d (cf. Lc 24,45).<\/em><\/p>\n","protected":false},"excerpt":{"rendered":"<p>Que as palavras da Escritura estejam sempre em teus l\u00e1bios, para que, meditando-as dia e noite, te esforces para realizar tudo aquilo que ensinam, e ter\u00e1 sentido e valor a tua vida (Js&#8230;<\/p>\n","protected":false},"author":2,"featured_media":21207,"comment_status":"open","ping_status":"open","sticky":false,"template":"","format":"standard","meta":[],"categories":[7],"tags":[],"_links":{"self":[{"href":"https:\/\/www.salvatorianas.org.br\/blog\/wp-json\/wp\/v2\/posts\/21206"}],"collection":[{"href":"https:\/\/www.salvatorianas.org.br\/blog\/wp-json\/wp\/v2\/posts"}],"about":[{"href":"https:\/\/www.salvatorianas.org.br\/blog\/wp-json\/wp\/v2\/types\/post"}],"author":[{"embeddable":true,"href":"https:\/\/www.salvatorianas.org.br\/blog\/wp-json\/wp\/v2\/users\/2"}],"replies":[{"embeddable":true,"href":"https:\/\/www.salvatorianas.org.br\/blog\/wp-json\/wp\/v2\/comments?post=21206"}],"version-history":[{"count":1,"href":"https:\/\/www.salvatorianas.org.br\/blog\/wp-json\/wp\/v2\/posts\/21206\/revisions"}],"predecessor-version":[{"id":21208,"href":"https:\/\/www.salvatorianas.org.br\/blog\/wp-json\/wp\/v2\/posts\/21206\/revisions\/21208"}],"wp:featuredmedia":[{"embeddable":true,"href":"https:\/\/www.salvatorianas.org.br\/blog\/wp-json\/wp\/v2\/media\/21207"}],"wp:attachment":[{"href":"https:\/\/www.salvatorianas.org.br\/blog\/wp-json\/wp\/v2\/media?parent=21206"}],"wp:term":[{"taxonomy":"category","embeddable":true,"href":"https:\/\/www.salvatorianas.org.br\/blog\/wp-json\/wp\/v2\/categories?post=21206"},{"taxonomy":"post_tag","embeddable":true,"href":"https:\/\/www.salvatorianas.org.br\/blog\/wp-json\/wp\/v2\/tags?post=21206"}],"curies":[{"name":"wp","href":"https:\/\/api.w.org\/{rel}","templated":true}]}}