{"id":21202,"date":"2023-09-29T16:55:05","date_gmt":"2023-09-29T16:55:05","guid":{"rendered":"https:\/\/www.salvatorianas.org.br\/blog\/?p=21202"},"modified":"2023-09-29T16:55:05","modified_gmt":"2023-09-29T16:55:05","slug":"santos-miguel-gabriel-e-rafael-arcanjos-festa-ano-a","status":"publish","type":"post","link":"https:\/\/www.salvatorianas.org.br\/blog\/santos-miguel-gabriel-e-rafael-arcanjos-festa-ano-a\/","title":{"rendered":"Santos Miguel, Gabriel e Rafael, Arcanjos, Festa, Ano A"},"content":{"rendered":"\n<p>Bendizei ao Senhor, mensageiros de Deus, her\u00f3is poderosos que cumpris suas ordens, sempre atentos \u00e0 sua palavra (Sl 102,20).<\/p>\n\n\n\n<p><em>A liturgia une, numa s\u00f3 comemora\u00e7\u00e3o, S\u00e3o Miguel, que lutou contra as for\u00e7as do mal, S\u00e3o Gabriel, o mensageiro do maior evento da hist\u00f3ria, a encarna\u00e7\u00e3o de Jesus, e S\u00e3o Rafael, que acompanhou e protegeu na viagem o jovem Tobias e curou-lhe o pai cego. Incentivados pela miss\u00e3o desses ministros do Senhor, disponhamo-nos a servir generosamente o Reino de Deus.<\/em><\/p>\n\n\n\n<p>Primeira Leitura:&nbsp;<strong>Daniel 7,9-10.13-14<\/strong><\/p>\n\n\n\n<p>Leitura da profecia de Daniel \u2013&nbsp;<sup>9<\/sup>Eu continuava olhando, at\u00e9 que foram colocados uns tronos, e um anci\u00e3o de muitos dias a\u00ed tomou lugar. Sua veste era branca como neve e os cabelos da cabe\u00e7a, como l\u00e3 pura; seu trono eram chamas de fogo, e as rodas do trono, como fogo em brasa.&nbsp;<sup>10<\/sup>Derramava-se a\u00ed um rio de fogo que nascia diante dele; serviam-no milhares de milhares, e milh\u00f5es de milh\u00f5es assistiam-no ao trono; foi instalado o tribunal, e os livros foram abertos.&nbsp;<sup>13<\/sup>Continuei insistindo na vis\u00e3o noturna, e eis que, entre as nuvens do c\u00e9u, vinha um como filho de homem, aproximando-se do anci\u00e3o de muitos dias, e foi conduzido \u00e0 sua presen\u00e7a.&nbsp;<sup>14<\/sup>Foram-lhe dados poder, gl\u00f3ria e realeza, e todos os povos, na\u00e7\u00f5es e l\u00ednguas o serviam: seu poder \u00e9 um poder eterno que n\u00e3o lhe ser\u00e1 tirado, e seu reino, um reino que n\u00e3o se dissolver\u00e1. \u2013 Palavra do Senhor.<\/p>\n\n\n\n<p><strong>Leitura opcional:&nbsp;Apocalipse 12,7-12a.<\/strong><\/p>\n\n\n\n<p>Salmo Responsorial:&nbsp;<strong>137(138)<\/strong><\/p>\n\n\n\n<p><em><strong>Perante os vossos anjos, vou cantar-vos, \u00f3 Senhor!<\/strong><\/em><\/p>\n\n\n\n<p>1. \u00d3 Senhor, de cora\u00e7\u00e3o eu vos dou gra\u00e7as,&nbsp;\/&nbsp;porque ouvistes as palavras dos meus l\u00e1bios!&nbsp;\/&nbsp;Perante os vossos anjos vou cantar-vos&nbsp;\/&nbsp;e ante o vosso templo vou prostrar-me.&nbsp;\u2013 R.<\/p>\n\n\n\n<p>2. Eu agrade\u00e7o vosso amor, vossa verdade,&nbsp;\/&nbsp;porque fizestes muito mais que prometestes;&nbsp;\/&nbsp;naquele dia em que gritei, v\u00f3s me escutastes&nbsp;\/&nbsp;e aumentastes o vigor da minha alma.&nbsp;\u2013 R.<\/p>\n\n\n\n<p>3. Os reis de toda a terra h\u00e3o de louvar-vos&nbsp;\/&nbsp;quando ouvirem, \u00f3 Senhor, vossa promessa.&nbsp;\/&nbsp;H\u00e3o de cantar vossos caminhos e dir\u00e3o:&nbsp;\/&nbsp;\u201cComo a gl\u00f3ria do Senhor \u00e9 grandiosa!\u201d&nbsp;\u2013 R.<\/p>\n\n\n\n<p>Evangelho:&nbsp;<strong>Jo\u00e3o 1,47-51<\/strong><\/p>\n\n\n\n<p><strong><em>Aleluia, aleluia, aleluia.<\/em><\/strong><\/p>\n\n\n\n<p><strong>Bendizei ao Senhor Deus os seus poderes,&nbsp;\/&nbsp;seus ministros que fazeis sua vontade! (Sl 102,21)&nbsp;\u2013 R.<\/strong><\/p>\n\n\n\n<p>Proclama\u00e7\u00e3o do Evangelho de Jesus Cristo segundo Jo\u00e3o \u2013 Naquele tempo,&nbsp;<sup>47<\/sup>Jesus viu Natanael, que vinha para ele, e comentou: \u201cA\u00ed vem um israelita de verdade, um homem sem falsidade\u201d.&nbsp;<sup>48<\/sup>Natanael perguntou: \u201cDe onde me conheces?\u201d Jesus respondeu: \u201cAntes que Filipe te chamasse, enquanto estavas debaixo da figueira, eu te vi\u201d.&nbsp;<sup>49<\/sup>Natanael respondeu: \u201cRabi, tu \u00e9s o Filho de Deus, tu \u00e9s o rei de Israel\u201d.&nbsp;<sup>50<\/sup>Jesus disse: \u201cTu cr\u00eas porque te disse: \u2018Eu te vi debaixo da figueira\u2019? Coisas maiores que essa ver\u00e1s!\u201d&nbsp;<sup>51<\/sup>E Jesus continuou: \u201cEm verdade, em verdade, eu vos digo, vereis o c\u00e9u aberto e os anjos de Deus subindo e descendo sobre o Filho do Homem\u201d. \u2013 Palavra da salva\u00e7\u00e3o.<\/p>\n\n\n\n<p>Reflex\u00e3o:<\/p>\n\n\n\n<p><em>Arcanjo significa chefe supremo dos anjos. A carta de Judas aplica esse t\u00edtulo a Miguel; a Igreja estendeu-o depois a Gabriel e a Rafael. O novo calend\u00e1rio reuniu numa s\u00f3 celebra\u00e7\u00e3o os tr\u00eas arcanjos (Miguel, Gabriel e Rafael), cuja festa ca\u00eda em datas diferentes. Miguel, que significa \u201cQuem \u00e9 como Deus?\u201d, cultuado desde os primeiros s\u00e9culos da era crist\u00e3, \u00e9 lembrado no livro de Daniel. A carta de Judas mostra-o em luta contra Satan\u00e1s, que quer o corpo de Mois\u00e9s. Tamb\u00e9m o Apocalipse recorda o combate de Miguel e seus anjos contra o drag\u00e3o. Gabriel, \u201cFor\u00e7a de Deus\u201d, apresentou-se a Zacarias como \u201caquele que est\u00e1 diante de Deus\u201d. Anunciou o nascimento de Jo\u00e3o Batista e a encarna\u00e7\u00e3o do Filho de Deus. Rafael, \u201cDeus cura\u201d, aparece no livro de Tobias como acompanhante de viagem do jovem Tobias.<\/em><\/p>\n","protected":false},"excerpt":{"rendered":"<p>Bendizei ao Senhor, mensageiros de Deus, her\u00f3is poderosos que cumpris suas ordens, sempre atentos \u00e0 sua palavra (Sl 102,20). A liturgia une, numa s\u00f3 comemora\u00e7\u00e3o, S\u00e3o Miguel, que lutou contra as for\u00e7as do&#8230;<\/p>\n","protected":false},"author":2,"featured_media":21203,"comment_status":"open","ping_status":"open","sticky":false,"template":"","format":"standard","meta":[],"categories":[7],"tags":[],"_links":{"self":[{"href":"https:\/\/www.salvatorianas.org.br\/blog\/wp-json\/wp\/v2\/posts\/21202"}],"collection":[{"href":"https:\/\/www.salvatorianas.org.br\/blog\/wp-json\/wp\/v2\/posts"}],"about":[{"href":"https:\/\/www.salvatorianas.org.br\/blog\/wp-json\/wp\/v2\/types\/post"}],"author":[{"embeddable":true,"href":"https:\/\/www.salvatorianas.org.br\/blog\/wp-json\/wp\/v2\/users\/2"}],"replies":[{"embeddable":true,"href":"https:\/\/www.salvatorianas.org.br\/blog\/wp-json\/wp\/v2\/comments?post=21202"}],"version-history":[{"count":1,"href":"https:\/\/www.salvatorianas.org.br\/blog\/wp-json\/wp\/v2\/posts\/21202\/revisions"}],"predecessor-version":[{"id":21204,"href":"https:\/\/www.salvatorianas.org.br\/blog\/wp-json\/wp\/v2\/posts\/21202\/revisions\/21204"}],"wp:featuredmedia":[{"embeddable":true,"href":"https:\/\/www.salvatorianas.org.br\/blog\/wp-json\/wp\/v2\/media\/21203"}],"wp:attachment":[{"href":"https:\/\/www.salvatorianas.org.br\/blog\/wp-json\/wp\/v2\/media?parent=21202"}],"wp:term":[{"taxonomy":"category","embeddable":true,"href":"https:\/\/www.salvatorianas.org.br\/blog\/wp-json\/wp\/v2\/categories?post=21202"},{"taxonomy":"post_tag","embeddable":true,"href":"https:\/\/www.salvatorianas.org.br\/blog\/wp-json\/wp\/v2\/tags?post=21202"}],"curies":[{"name":"wp","href":"https:\/\/api.w.org\/{rel}","templated":true}]}}