{"id":21190,"date":"2023-09-28T01:14:00","date_gmt":"2023-09-28T01:14:00","guid":{"rendered":"https:\/\/www.salvatorianas.org.br\/blog\/?p=21190"},"modified":"2023-09-27T20:16:23","modified_gmt":"2023-09-27T20:16:23","slug":"25a-semana-do-tempo-comum-ano-impar-i-3","status":"publish","type":"post","link":"https:\/\/www.salvatorianas.org.br\/blog\/25a-semana-do-tempo-comum-ano-impar-i-3\/","title":{"rendered":"25\u00aa Semana do Tempo Comum, Ano \u00cdmpar (I)"},"content":{"rendered":"\n<p>Repousa sobre mim o Esp\u00edrito do Senhor; ele me ungiu para levar a Boa-nova aos pobres e curar os cora\u00e7\u00f5es contritos (Lc 4,18).<\/p>\n\n\n\n<p><em>Vicente nasceu na Fran\u00e7a em 1581 e l\u00e1 faleceu em 1660. Ordenado presb\u00edtero, exerceu trabalho pastoral junto \u00e0s popula\u00e7\u00f5es rurais, vivendo em contato com mis\u00e9rias materiais e morais. Fundou a Congrega\u00e7\u00e3o da Miss\u00e3o \u2013 os Lazaristas \u2013 e, juntamente com Santa Lu\u00edsa de Marillac, as Filhas da Caridade, com o objetivo de servir os abandonados. Mirando seu exemplo, pe\u00e7amos ao Senhor for\u00e7as para nos empenharmos em favor dos exclu\u00eddos da sociedade.<\/em><\/p>\n\n\n\n<p>Primeira Leitura:&nbsp;<strong>Esdras 9,5-9<\/strong><\/p>\n\n\n\n<p>Leitura do livro de Esdras \u2013&nbsp;<sup>5<\/sup>Na hora da obla\u00e7\u00e3o da tarde, eu, Esdras, levantei-me da minha prostra\u00e7\u00e3o. E, com as vestes e o manto rasgados, ca\u00ed de joelhos, estendi as m\u00e3os para o Senhor, meu Deus.&nbsp;<sup>6<\/sup>E disse: \u201cMeu Deus, estou coberto de vergonha e confus\u00e3o ao levantar a minha face para ti, porque nossas iniquidades multiplicaram-se acima de nossas cabe\u00e7as e nossas faltas se acumularam at\u00e9 o c\u00e9u.&nbsp;<sup>7<\/sup>Desde os tempos de nossos pais at\u00e9 este dia, uma grande culpa pesa sobre n\u00f3s: por causa de nossas iniquidades, n\u00f3s, nossos reis e nossos sacerdotes, fomos entregues \u00e0s m\u00e3os dos reis estrangeiros, \u00e0 espada, ao cativeiro, \u00e0 pilhagem e \u00e0 vergonha, como acontece ainda hoje.&nbsp;<sup>8<\/sup>Mas agora, por um breve instante, o Senhor nosso Deus concedeu-nos a gra\u00e7a de preservar dentre n\u00f3s um resto e de permitir que nos fixemos em seu lugar santo. Assim o nosso Deus deu brilho aos nossos olhos e concedeu-nos um pouco de vida no meio de nossa servid\u00e3o.&nbsp;<sup>9<\/sup>Pois \u00e9ramos escravos, mas em nossa servid\u00e3o o nosso Deus n\u00e3o nos abandonou. Antes, conseguiu para n\u00f3s o favor dos reis da P\u00e9rsia, deu-nos bastante vida para podermos reconstruir o templo do nosso Deus e restaurar suas ru\u00ednas e concedeu-nos um abrigo seguro em Jud\u00e1 e em Jerusal\u00e9m\u201d. \u2013 Palavra do Senhor.<\/p>\n\n\n\n<p>Salmo Responsorial:&nbsp;<strong>Tb 13<\/strong><\/p>\n\n\n\n<p><em><strong>Bendito seja Deus, que vive eternamente!<\/strong><\/em><\/p>\n\n\n\n<p>1. V\u00f3s sois grande, Senhor, para sempre,&nbsp;\/&nbsp;e vosso reino se estende nos s\u00e9culos!&nbsp;\/&nbsp;Porque v\u00f3s castigais e salvais,&nbsp;\/&nbsp;fazeis descer aos abismos da terra&nbsp;\/&nbsp;e de l\u00e1 nos trazeis novamente:&nbsp;\/&nbsp;de vossa m\u00e3o nada pode escapar.&nbsp;\u2013 R.<\/p>\n\n\n\n<p>2. V\u00f3s que sois de Israel, dai-lhe gra\u00e7as&nbsp;\/&nbsp;e por entre as na\u00e7\u00f5es celebrai-o!&nbsp;\/&nbsp;O Senhor dispersou-vos na terra&nbsp;\/&nbsp;para narrardes sua gl\u00f3ria entre os povos&nbsp;\/&nbsp;e faz\u00ea-los saber, para sempre,&nbsp;\/&nbsp;que n\u00e3o h\u00e1 outro Deus al\u00e9m dele.&nbsp;\u2013 R.<\/p>\n\n\n\n<p>3. Castigou-nos por nossos pecados,&nbsp;\/&nbsp;seu amor haver\u00e1 de salvar-nos.&nbsp;\/&nbsp;Compreendei o que fez para n\u00f3s,&nbsp;\/&nbsp;dai-lhe gra\u00e7as com todo o respeito!&nbsp;\u2013 R.<\/p>\n\n\n\n<p>4. Bendizei o Senhor, seus eleitos,&nbsp;\/&nbsp;fazei festa e alegres louvai-o!&nbsp;\u2013 R.<\/p>\n\n\n\n<p>Evangelho:&nbsp;<strong>Lucas 9,1-6<\/strong><\/p>\n\n\n\n<p><strong><em>Aleluia, aleluia, aleluia.<\/em><\/strong><\/p>\n\n\n\n<p><strong>Convertei-vos e crede no Evangelho,&nbsp;\/&nbsp;pois o Reino de Deus est\u00e1 chegando! (Mc 1,15)&nbsp;\u2013 R.<\/strong><\/p>\n\n\n\n<p>Proclama\u00e7\u00e3o do Evangelho de Jesus Cristo segundo Lucas \u2013 Naquele tempo,&nbsp;<sup>1<\/sup>Jesus convocou os Doze, deu-lhes poder e autoridade sobre todos os dem\u00f4nios e para curar doen\u00e7as&nbsp;<sup>2<\/sup>e enviou-os a proclamar o Reino de Deus e a curar os enfermos.&nbsp;<sup>3<\/sup>E disse-lhes: \u201cN\u00e3o leveis nada para o caminho: nem cajado, nem sacola, nem p\u00e3o, nem dinheiro, nem mesmo duas t\u00fanicas.&nbsp;<sup>4<\/sup>Em qualquer casa onde entrardes, ficai a\u00ed; e da\u00ed \u00e9 que partireis de novo.&nbsp;<sup>5<\/sup>Todos aqueles que n\u00e3o vos acolherem, ao sairdes daquela cidade, sacudi a poeira dos vossos p\u00e9s como protesto contra eles\u201d.&nbsp;<sup>6<\/sup>Os disc\u00edpulos partiram e percorriam os povoados, anunciando a Boa-nova e fazendo curas em todos os lugares. \u2013 Palavra da salva\u00e7\u00e3o.<\/p>\n\n\n\n<p>Reflex\u00e3o:<\/p>\n\n\n\n<p><em>Ap\u00f3s certo per\u00edodo de ensinamento aos ap\u00f3stolos, Jesus os envia em miss\u00e3o. D\u00e1-lhes poder e autoridade sobre as coisas que oprimem as pessoas. Objetivamente, o que dever\u00e3o fazer? Anunciar o Reino de Deus, isto \u00e9, que Jesus est\u00e1 presente e traz seu projeto de vida e liberdade para todos. Al\u00e9m disso, Jesus lhes d\u00e1 o poder de curar as doen\u00e7as. \u00c9 um projeto in\u00e9dito, revolucion\u00e1rio, que vai mexer com as estruturas da sociedade. Jesus e seus ap\u00f3stolos n\u00e3o fechar\u00e3o os olhos diante das injusti\u00e7as que o povo sofre; n\u00e3o omitir\u00e3o a verdade, mas propor\u00e3o a transpar\u00eancia nos relacionamentos. S\u00e3o pregoeiros de uma sociedade assentada sobre a pr\u00e1tica do amor, da justi\u00e7a e da fraternidade. Ao enviar seus ap\u00f3stolos, Jesus prev\u00ea conflitos; porque nem todos est\u00e3o abertos para acolher o Reino de Deus e dele fazer parte.<\/em><\/p>\n","protected":false},"excerpt":{"rendered":"<p>Repousa sobre mim o Esp\u00edrito do Senhor; ele me ungiu para levar a Boa-nova aos pobres e curar os cora\u00e7\u00f5es contritos (Lc 4,18). Vicente nasceu na Fran\u00e7a em 1581 e l\u00e1 faleceu em&#8230;<\/p>\n","protected":false},"author":2,"featured_media":21191,"comment_status":"open","ping_status":"open","sticky":false,"template":"","format":"standard","meta":[],"categories":[1],"tags":[],"_links":{"self":[{"href":"https:\/\/www.salvatorianas.org.br\/blog\/wp-json\/wp\/v2\/posts\/21190"}],"collection":[{"href":"https:\/\/www.salvatorianas.org.br\/blog\/wp-json\/wp\/v2\/posts"}],"about":[{"href":"https:\/\/www.salvatorianas.org.br\/blog\/wp-json\/wp\/v2\/types\/post"}],"author":[{"embeddable":true,"href":"https:\/\/www.salvatorianas.org.br\/blog\/wp-json\/wp\/v2\/users\/2"}],"replies":[{"embeddable":true,"href":"https:\/\/www.salvatorianas.org.br\/blog\/wp-json\/wp\/v2\/comments?post=21190"}],"version-history":[{"count":1,"href":"https:\/\/www.salvatorianas.org.br\/blog\/wp-json\/wp\/v2\/posts\/21190\/revisions"}],"predecessor-version":[{"id":21192,"href":"https:\/\/www.salvatorianas.org.br\/blog\/wp-json\/wp\/v2\/posts\/21190\/revisions\/21192"}],"wp:featuredmedia":[{"embeddable":true,"href":"https:\/\/www.salvatorianas.org.br\/blog\/wp-json\/wp\/v2\/media\/21191"}],"wp:attachment":[{"href":"https:\/\/www.salvatorianas.org.br\/blog\/wp-json\/wp\/v2\/media?parent=21190"}],"wp:term":[{"taxonomy":"category","embeddable":true,"href":"https:\/\/www.salvatorianas.org.br\/blog\/wp-json\/wp\/v2\/categories?post=21190"},{"taxonomy":"post_tag","embeddable":true,"href":"https:\/\/www.salvatorianas.org.br\/blog\/wp-json\/wp\/v2\/tags?post=21190"}],"curies":[{"name":"wp","href":"https:\/\/api.w.org\/{rel}","templated":true}]}}