{"id":21176,"date":"2023-09-27T17:22:14","date_gmt":"2023-09-27T17:22:14","guid":{"rendered":"https:\/\/www.salvatorianas.org.br\/blog\/?p=21176"},"modified":"2023-09-27T17:22:16","modified_gmt":"2023-09-27T17:22:16","slug":"provincia-salvatoriana-santa-catarina-recebe-visita-de-membros-do-conselho-geral-de-roma-3","status":"publish","type":"post","link":"https:\/\/www.salvatorianas.org.br\/blog\/provincia-salvatoriana-santa-catarina-recebe-visita-de-membros-do-conselho-geral-de-roma-3\/","title":{"rendered":"Prov\u00edncia Salvatoriana Santa Catarina recebe visita de membros do Conselho Geral de Roma"},"content":{"rendered":"\n<p><\/p>\n\n\n\n<p>A Prov\u00edncia Santa Catarina continua vivendo e experimentando momentos de muitas gra\u00e7as com a visita das Irm\u00e3s Lilly Kurian, vice-Geral e Ren\u00e1ria Bezerra, Conselheira Geral, acompanhadas de membros da Equipe de Coordena\u00e7\u00e3o Provincial, em nossas comunidades, espa\u00e7os de miss\u00e3o, Institui\u00e7\u00f5es Salvatorianas e grupos de Leigos Salvatorianos. Assim como os disc\u00edpulos de Ema\u00fas, sentimos nosso cora\u00e7\u00e3o arder e nossos p\u00e9s se colocarem a caminho para testemunhar uma Vida Salvatoriana cada vez mais apost\u00f3lica, prof\u00e9tica e comprometida com os clamores da realidade. O tema iluminador desta visita foi: &#8220;Espiritualidade e Miss\u00e3o: caminhando com Jesus para experienci\u00e1-lo e anunci\u00e1-lo.\u201d<\/p>\n\n\n\n<p>Partilhamos algumas imagens da visita:<\/p>\n\n\n\n<p>Comunidade S\u00e3o Miguel em S\u00e3o Miguel do Oeste\/SC<\/p>\n\n\n\n<p>Comunidade Maria Teresa em Videira\/SC<\/p>\n\n\n\n<p>Comunidade Imaculada Concei\u00e7\u00e3o em Videira\/SC<\/p>\n\n\n\n<p>Comunidade Divino Salvador em Videira\/SC<\/p>\n\n\n\n<p>Comunidade Renascer em Lages\/SC<\/p>\n\n\n\n<p>Comunidade Sede Provincial em Lages\/SC<\/p>\n\n\n\n<p>\u201cEma\u00fas \u00e9 aqui, onde arde o cora\u00e7\u00e3o. Ema\u00fas \u00e9 aqui, onde os p\u00e9s se mover\u00e3o.\u00a0 Ema\u00fas \u00e9 aqui, como gra\u00e7a e ora\u00e7\u00e3o.\u201d (Hino do Ano Vocacional 2023)<\/p>\n\n\n\n<p><\/p>\n\n\n\n<figure class=\"wp-block-image size-large\"><img decoding=\"async\" loading=\"lazy\" width=\"847\" height=\"1024\" src=\"https:\/\/www.salvatorianas.org.br\/blog\/wp-content\/uploads\/2023\/09\/1-4-847x1024.jpg\" alt=\"\" class=\"wp-image-21178\" srcset=\"https:\/\/www.salvatorianas.org.br\/blog\/wp-content\/uploads\/2023\/09\/1-4-847x1024.jpg 847w, https:\/\/www.salvatorianas.org.br\/blog\/wp-content\/uploads\/2023\/09\/1-4-248x300.jpg 248w, https:\/\/www.salvatorianas.org.br\/blog\/wp-content\/uploads\/2023\/09\/1-4-768x928.jpg 768w, https:\/\/www.salvatorianas.org.br\/blog\/wp-content\/uploads\/2023\/09\/1-4.jpg 1045w\" sizes=\"(max-width: 847px) 100vw, 847px\" \/><\/figure>\n\n\n\n<p><\/p>\n\n\n\n<figure class=\"wp-block-image size-large\"><img decoding=\"async\" loading=\"lazy\" width=\"1024\" height=\"768\" src=\"https:\/\/www.salvatorianas.org.br\/blog\/wp-content\/uploads\/2023\/09\/3-4-1024x768.jpg\" alt=\"\" class=\"wp-image-21179\" srcset=\"https:\/\/www.salvatorianas.org.br\/blog\/wp-content\/uploads\/2023\/09\/3-4-1024x768.jpg 1024w, https:\/\/www.salvatorianas.org.br\/blog\/wp-content\/uploads\/2023\/09\/3-4-300x225.jpg 300w, https:\/\/www.salvatorianas.org.br\/blog\/wp-content\/uploads\/2023\/09\/3-4-768x576.jpg 768w, https:\/\/www.salvatorianas.org.br\/blog\/wp-content\/uploads\/2023\/09\/3-4-1536x1152.jpg 1536w, https:\/\/www.salvatorianas.org.br\/blog\/wp-content\/uploads\/2023\/09\/3-4.jpg 1600w\" sizes=\"(max-width: 1024px) 100vw, 1024px\" \/><\/figure>\n\n\n\n<p><\/p>\n\n\n\n<figure class=\"wp-block-image size-large\"><img decoding=\"async\" loading=\"lazy\" width=\"1024\" height=\"624\" src=\"https:\/\/www.salvatorianas.org.br\/blog\/wp-content\/uploads\/2023\/09\/4-4-1024x624.jpg\" alt=\"\" class=\"wp-image-21180\" srcset=\"https:\/\/www.salvatorianas.org.br\/blog\/wp-content\/uploads\/2023\/09\/4-4-1024x624.jpg 1024w, https:\/\/www.salvatorianas.org.br\/blog\/wp-content\/uploads\/2023\/09\/4-4-300x183.jpg 300w, https:\/\/www.salvatorianas.org.br\/blog\/wp-content\/uploads\/2023\/09\/4-4-768x468.jpg 768w, https:\/\/www.salvatorianas.org.br\/blog\/wp-content\/uploads\/2023\/09\/4-4.jpg 1242w\" sizes=\"(max-width: 1024px) 100vw, 1024px\" \/><\/figure>\n\n\n\n<p><\/p>\n\n\n\n<figure class=\"wp-block-image size-large\"><img decoding=\"async\" loading=\"lazy\" width=\"1024\" height=\"611\" src=\"https:\/\/www.salvatorianas.org.br\/blog\/wp-content\/uploads\/2023\/09\/5-4-1024x611.jpg\" alt=\"\" class=\"wp-image-21181\" srcset=\"https:\/\/www.salvatorianas.org.br\/blog\/wp-content\/uploads\/2023\/09\/5-4-1024x611.jpg 1024w, https:\/\/www.salvatorianas.org.br\/blog\/wp-content\/uploads\/2023\/09\/5-4-300x179.jpg 300w, https:\/\/www.salvatorianas.org.br\/blog\/wp-content\/uploads\/2023\/09\/5-4-768x458.jpg 768w, https:\/\/www.salvatorianas.org.br\/blog\/wp-content\/uploads\/2023\/09\/5-4.jpg 1307w\" sizes=\"(max-width: 1024px) 100vw, 1024px\" \/><\/figure>\n\n\n\n<p><\/p>\n\n\n\n<figure class=\"wp-block-image size-large\"><img decoding=\"async\" loading=\"lazy\" width=\"1024\" height=\"691\" src=\"https:\/\/www.salvatorianas.org.br\/blog\/wp-content\/uploads\/2023\/09\/6-3-1024x691.jpg\" alt=\"\" class=\"wp-image-21182\" srcset=\"https:\/\/www.salvatorianas.org.br\/blog\/wp-content\/uploads\/2023\/09\/6-3-1024x691.jpg 1024w, https:\/\/www.salvatorianas.org.br\/blog\/wp-content\/uploads\/2023\/09\/6-3-300x202.jpg 300w, https:\/\/www.salvatorianas.org.br\/blog\/wp-content\/uploads\/2023\/09\/6-3-768x518.jpg 768w, https:\/\/www.salvatorianas.org.br\/blog\/wp-content\/uploads\/2023\/09\/6-3.jpg 1500w\" sizes=\"(max-width: 1024px) 100vw, 1024px\" \/><\/figure>\n\n\n\n<p><\/p>\n\n\n\n<figure class=\"wp-block-image size-large\"><img decoding=\"async\" loading=\"lazy\" width=\"1024\" height=\"681\" src=\"https:\/\/www.salvatorianas.org.br\/blog\/wp-content\/uploads\/2023\/09\/7-3-1024x681.jpg\" alt=\"\" class=\"wp-image-21183\" srcset=\"https:\/\/www.salvatorianas.org.br\/blog\/wp-content\/uploads\/2023\/09\/7-3-1024x681.jpg 1024w, https:\/\/www.salvatorianas.org.br\/blog\/wp-content\/uploads\/2023\/09\/7-3-300x199.jpg 300w, https:\/\/www.salvatorianas.org.br\/blog\/wp-content\/uploads\/2023\/09\/7-3-768x510.jpg 768w, https:\/\/www.salvatorianas.org.br\/blog\/wp-content\/uploads\/2023\/09\/7-3.jpg 1136w\" sizes=\"(max-width: 1024px) 100vw, 1024px\" \/><\/figure>\n\n\n\n<p><\/p>\n\n\n\n<figure class=\"wp-block-image size-large\"><img decoding=\"async\" loading=\"lazy\" width=\"1024\" height=\"934\" src=\"https:\/\/www.salvatorianas.org.br\/blog\/wp-content\/uploads\/2023\/09\/8-1-1024x934.jpg\" alt=\"\" class=\"wp-image-21184\" srcset=\"https:\/\/www.salvatorianas.org.br\/blog\/wp-content\/uploads\/2023\/09\/8-1-1024x934.jpg 1024w, https:\/\/www.salvatorianas.org.br\/blog\/wp-content\/uploads\/2023\/09\/8-1-300x274.jpg 300w, https:\/\/www.salvatorianas.org.br\/blog\/wp-content\/uploads\/2023\/09\/8-1-768x701.jpg 768w, https:\/\/www.salvatorianas.org.br\/blog\/wp-content\/uploads\/2023\/09\/8-1.jpg 1200w\" sizes=\"(max-width: 1024px) 100vw, 1024px\" \/><\/figure>\n\n\n\n<p><\/p>\n\n\n\n<figure class=\"wp-block-image size-large\"><img decoding=\"async\" loading=\"lazy\" width=\"1024\" height=\"742\" src=\"https:\/\/www.salvatorianas.org.br\/blog\/wp-content\/uploads\/2023\/09\/9-1024x742.jpg\" alt=\"\" class=\"wp-image-21185\" srcset=\"https:\/\/www.salvatorianas.org.br\/blog\/wp-content\/uploads\/2023\/09\/9-1024x742.jpg 1024w, https:\/\/www.salvatorianas.org.br\/blog\/wp-content\/uploads\/2023\/09\/9-300x217.jpg 300w, https:\/\/www.salvatorianas.org.br\/blog\/wp-content\/uploads\/2023\/09\/9-768x556.jpg 768w, https:\/\/www.salvatorianas.org.br\/blog\/wp-content\/uploads\/2023\/09\/9-1536x1112.jpg 1536w, https:\/\/www.salvatorianas.org.br\/blog\/wp-content\/uploads\/2023\/09\/9.jpg 1574w\" sizes=\"(max-width: 1024px) 100vw, 1024px\" \/><\/figure>\n","protected":false},"excerpt":{"rendered":"<p>A Prov\u00edncia Santa Catarina continua vivendo e experimentando momentos de muitas gra\u00e7as com a visita das Irm\u00e3s Lilly Kurian, vice-Geral e Ren\u00e1ria Bezerra, Conselheira Geral, acompanhadas de membros da Equipe de Coordena\u00e7\u00e3o Provincial,&#8230;<\/p>\n","protected":false},"author":2,"featured_media":21177,"comment_status":"open","ping_status":"open","sticky":false,"template":"","format":"standard","meta":[],"categories":[1],"tags":[],"_links":{"self":[{"href":"https:\/\/www.salvatorianas.org.br\/blog\/wp-json\/wp\/v2\/posts\/21176"}],"collection":[{"href":"https:\/\/www.salvatorianas.org.br\/blog\/wp-json\/wp\/v2\/posts"}],"about":[{"href":"https:\/\/www.salvatorianas.org.br\/blog\/wp-json\/wp\/v2\/types\/post"}],"author":[{"embeddable":true,"href":"https:\/\/www.salvatorianas.org.br\/blog\/wp-json\/wp\/v2\/users\/2"}],"replies":[{"embeddable":true,"href":"https:\/\/www.salvatorianas.org.br\/blog\/wp-json\/wp\/v2\/comments?post=21176"}],"version-history":[{"count":1,"href":"https:\/\/www.salvatorianas.org.br\/blog\/wp-json\/wp\/v2\/posts\/21176\/revisions"}],"predecessor-version":[{"id":21186,"href":"https:\/\/www.salvatorianas.org.br\/blog\/wp-json\/wp\/v2\/posts\/21176\/revisions\/21186"}],"wp:featuredmedia":[{"embeddable":true,"href":"https:\/\/www.salvatorianas.org.br\/blog\/wp-json\/wp\/v2\/media\/21177"}],"wp:attachment":[{"href":"https:\/\/www.salvatorianas.org.br\/blog\/wp-json\/wp\/v2\/media?parent=21176"}],"wp:term":[{"taxonomy":"category","embeddable":true,"href":"https:\/\/www.salvatorianas.org.br\/blog\/wp-json\/wp\/v2\/categories?post=21176"},{"taxonomy":"post_tag","embeddable":true,"href":"https:\/\/www.salvatorianas.org.br\/blog\/wp-json\/wp\/v2\/tags?post=21176"}],"curies":[{"name":"wp","href":"https:\/\/api.w.org\/{rel}","templated":true}]}}