{"id":21170,"date":"2023-09-26T19:57:31","date_gmt":"2023-09-26T19:57:31","guid":{"rendered":"https:\/\/www.salvatorianas.org.br\/blog\/?p=21170"},"modified":"2023-09-25T19:59:00","modified_gmt":"2023-09-25T19:59:00","slug":"25a-semana-do-tempo-comum-ano-impar-i","status":"publish","type":"post","link":"https:\/\/www.salvatorianas.org.br\/blog\/25a-semana-do-tempo-comum-ano-impar-i\/","title":{"rendered":"25\u00aa Semana do Tempo Comum, Ano \u00cdmpar (I)"},"content":{"rendered":"\n<p>Eu sou a salva\u00e7\u00e3o do povo, diz o Senhor. Se clamar por mim em qualquer prova\u00e7\u00e3o, eu o ouvirei e serei seu Deus para sempre.<\/p>\n\n\n\n<p><em>O esfor\u00e7o comum e o templo de Deus reedificado originam grandiosa e alegre celebra\u00e7\u00e3o. Celebrando com Cristo a ceia pascal, encontramos as raz\u00f5es para sermos esperan\u00e7a para o mundo, fazendo que todos se sintam parte da fam\u00edlia de Deus e ningu\u00e9m fique de fora da festa da vida.<\/em><\/p>\n\n\n\n<p>Primeira Leitura:&nbsp;<strong>Esdras 6,7-8.12.14-20<\/strong><\/p>\n\n\n\n<p>Leitura do livro de Esdras \u2013 Naqueles dias,&nbsp;<sup>7<\/sup>o rei Dario escreveu ao governador do territ\u00f3rio da outra margem do rio Eufrates: \u201cDeixa que prossigam os trabalhos no templo de Deus. Que o governador de Jud\u00e1 e os anci\u00e3os dos judeus edifiquem a casa de Deus no seu lugar.&nbsp;<sup>8<\/sup>Tamb\u00e9m ordenei como se deve proceder com aqueles anci\u00e3os dos judeus que constroem aquela casa de Deus: com os bens do rei, deveis reembolsar religiosamente e sem interrup\u00e7\u00e3o aqueles homens por tudo o que gastarem.&nbsp;<sup>12<\/sup>Eu, Dario, dei esta ordem. Que ela seja pontualmente executada!\u201d&nbsp;<sup>14<\/sup>E os anci\u00e3os dos judeus continuaram a construir, com \u00eaxito, de acordo com a profecia de Ageu, o profeta, e de Zacarias, filho de Ado, e puderam terminar a constru\u00e7\u00e3o conforme a ordem do Deus de Israel e as ordens de Ciro, de Dario e de Artaxerxes, reis da P\u00e9rsia.&nbsp;<sup>15<\/sup>Esta casa de Deus foi conclu\u00edda no terceiro dia do m\u00eas de Adar, no sexto ano do reinado de Dario.&nbsp;<sup>16<\/sup>Os filhos de Israel, os sacerdotes, os levitas e o resto dos repatriados celebraram com alegria a dedica\u00e7\u00e3o desta casa de Deus.&nbsp;<sup>17<\/sup>Ofereceram, para a inaugura\u00e7\u00e3o desta casa de Deus, cem touros, duzentos carneiros, quatrocentos cordeiros e, como sacrif\u00edcio pelo pecado de todo o Israel, doze bodes, segundo o n\u00famero das tribos de Israel.&nbsp;<sup>18<\/sup>Estabeleceram tamb\u00e9m os sacerdotes, segundo suas categorias, e os levitas, segundo suas classes, para o servi\u00e7o de Deus em Jerusal\u00e9m, como est\u00e1 escrito no livro de Mois\u00e9s.&nbsp;<sup>19<\/sup>Os deportados celebraram a P\u00e1scoa no dia catorze do primeiro m\u00eas.&nbsp;<sup>20<\/sup>Como todos os levitas se haviam purificado, juntamente com os sacerdotes, estavam puros; e, assim, imolaram a P\u00e1scoa para todos os filhos do cativeiro, para os sacerdotes seus irm\u00e3os e para eles pr\u00f3prios. \u2013 Palavra do Senhor.<\/p>\n\n\n\n<p>Salmo Responsorial:&nbsp;<strong>121(122)<\/strong><\/p>\n\n\n\n<p><em><strong>Que alegria quando me disseram:&nbsp;\/&nbsp;\u201cVamos \u00e0 casa do Senhor!\u201d<\/strong><\/em><\/p>\n\n\n\n<p>1. Que alegria quando ouvi que me disseram:&nbsp;\/&nbsp;\u201cVamos \u00e0 casa do Senhor!\u201d&nbsp;\/&nbsp;E agora nossos p\u00e9s j\u00e1 se det\u00eam,&nbsp;\/&nbsp;Jerusal\u00e9m, em tuas portas.&nbsp;\u2013 R.<\/p>\n\n\n\n<p>2. Jerusal\u00e9m, cidade bem edificada&nbsp;\/&nbsp;num conjunto harmonioso;&nbsp;\/&nbsp;para l\u00e1 sobem as tribos de Israel,&nbsp;\/&nbsp;as tribos do Senhor.&nbsp;\u2013 R.<\/p>\n\n\n\n<p>3. Para louvar, segundo a lei de Israel,&nbsp;\/&nbsp;o nome do Senhor.&nbsp;\/&nbsp;A sede da justi\u00e7a l\u00e1 est\u00e1&nbsp;\/&nbsp;e o trono de Davi.&nbsp;\u2013 R.<\/p>\n\n\n\n<p>Evangelho:&nbsp;<strong>Lucas 8,19-21<\/strong><\/p>\n\n\n\n<p><strong>Aleluia, aleluia, aleluia.<\/strong><\/p>\n\n\n\n<p><strong>Feliz quem ouve e observa a Palavra de Deus! (Lc 11,28)&nbsp;\u2013 R.<\/strong><\/p>\n\n\n\n<p>Proclama\u00e7\u00e3o do Evangelho de Jesus Cristo segundo Lucas \u2013 Naquele tempo, 19a m\u00e3e e os irm\u00e3os de Jesus aproximaram-se, mas n\u00e3o podiam chegar perto dele por causa da multid\u00e3o. 20Ent\u00e3o anunciaram a Jesus: \u201cTua m\u00e3e e teus irm\u00e3os est\u00e3o a\u00ed fora e querem te ver\u201d. 21Jesus respondeu: \u201cMinha m\u00e3e e meus irm\u00e3os s\u00e3o aqueles que ouvem a Palavra de Deus e a p\u00f5em em pr\u00e1tica\u201d. \u2013 Palavra da salva\u00e7\u00e3o.<\/p>\n\n\n\n<p>Reflex\u00e3o:<\/p>\n\n\n\n<p><em>Jesus est\u00e1 entretido com a multid\u00e3o, falando do Reino de Deus. Passam-lhe o recado de que sua m\u00e3e e outros parentes est\u00e3o fora e querem v\u00ea-lo. \u00d3timo ensejo para Jesus nos brindar com mais um ensinamento surpreendente. No juda\u00edsmo, os la\u00e7os do sangue, da ra\u00e7a e da fam\u00edlia tinham car\u00e1ter sagrado e absoluto. A palavra de Jesus os relativiza. Nenhuma institui\u00e7\u00e3o natural poder\u00e1 constituir o fundamento do povo de Deus. \u00danica base para o novo povo de Deus \u00e9 a Palavra divina: os que a acolhem e praticam formam a fam\u00edlia de Jesus. Com isso, ele se faz nosso irm\u00e3o, \u201co primog\u00eanito entre muitos irm\u00e3os\u201d (Rm 8,29). Ora, se Jesus \u00e9 nosso irm\u00e3o, somos filhos e filhas de Deus e podemos chamar a Deus de Pai: Pai nosso! Dessa fam\u00edlia \u00e9 que surge o mundo novo, cheio de liberdade e vida para todos.<\/em><\/p>\n","protected":false},"excerpt":{"rendered":"<p>Eu sou a salva\u00e7\u00e3o do povo, diz o Senhor. Se clamar por mim em qualquer prova\u00e7\u00e3o, eu o ouvirei e serei seu Deus para sempre. O esfor\u00e7o comum e o templo de Deus&#8230;<\/p>\n","protected":false},"author":2,"featured_media":21171,"comment_status":"open","ping_status":"open","sticky":false,"template":"","format":"standard","meta":[],"categories":[7],"tags":[],"_links":{"self":[{"href":"https:\/\/www.salvatorianas.org.br\/blog\/wp-json\/wp\/v2\/posts\/21170"}],"collection":[{"href":"https:\/\/www.salvatorianas.org.br\/blog\/wp-json\/wp\/v2\/posts"}],"about":[{"href":"https:\/\/www.salvatorianas.org.br\/blog\/wp-json\/wp\/v2\/types\/post"}],"author":[{"embeddable":true,"href":"https:\/\/www.salvatorianas.org.br\/blog\/wp-json\/wp\/v2\/users\/2"}],"replies":[{"embeddable":true,"href":"https:\/\/www.salvatorianas.org.br\/blog\/wp-json\/wp\/v2\/comments?post=21170"}],"version-history":[{"count":1,"href":"https:\/\/www.salvatorianas.org.br\/blog\/wp-json\/wp\/v2\/posts\/21170\/revisions"}],"predecessor-version":[{"id":21172,"href":"https:\/\/www.salvatorianas.org.br\/blog\/wp-json\/wp\/v2\/posts\/21170\/revisions\/21172"}],"wp:featuredmedia":[{"embeddable":true,"href":"https:\/\/www.salvatorianas.org.br\/blog\/wp-json\/wp\/v2\/media\/21171"}],"wp:attachment":[{"href":"https:\/\/www.salvatorianas.org.br\/blog\/wp-json\/wp\/v2\/media?parent=21170"}],"wp:term":[{"taxonomy":"category","embeddable":true,"href":"https:\/\/www.salvatorianas.org.br\/blog\/wp-json\/wp\/v2\/categories?post=21170"},{"taxonomy":"post_tag","embeddable":true,"href":"https:\/\/www.salvatorianas.org.br\/blog\/wp-json\/wp\/v2\/tags?post=21170"}],"curies":[{"name":"wp","href":"https:\/\/api.w.org\/{rel}","templated":true}]}}