{"id":21163,"date":"2023-09-24T13:49:27","date_gmt":"2023-09-24T13:49:27","guid":{"rendered":"https:\/\/www.salvatorianas.org.br\/blog\/?p=21163"},"modified":"2023-09-24T13:49:28","modified_gmt":"2023-09-24T13:49:28","slug":"encontro-de-junioristas-salvatorianas-os","status":"publish","type":"post","link":"https:\/\/www.salvatorianas.org.br\/blog\/encontro-de-junioristas-salvatorianas-os\/","title":{"rendered":"Encontro de junioristas  Salvatorianas\/os"},"content":{"rendered":"\n<p><\/p>\n\n\n\n<p>No dia 23 de setembro de 2023, foi realizado o primeiro encontro online de Junioristas Salvatorianas e Salvatorianos das Am\u00e9ricas e Mo\u00e7ambique. O encontro oportunizou uma maior aproxima\u00e7\u00e3o entre: Irm\u00e3s, irm\u00e3os e Padres da Fam\u00edlia Salvatoriana. A diversidade de culturas e dons nos torna cada vez mais universais, pois\u00a0 comungamos do mesmo Carisma. O nosso encontro teve como objetivo a escuta dos Juniores e Junioras na busca de uma forma\u00e7\u00e3o conjunta em rela\u00e7\u00e3o a Identidade Salvatoriana em suas diversas nuances. Continuemos anunciando o Divino Salvador nas diversas\u00a0 realidades em que somos chamadas e chamados a revelar o rosto jovem Salvatoriano. Que o Divino Salvador nos proporcione outros encontros de partilha de vida e miss\u00e3o.<\/p>\n\n\n\n<p><\/p>\n","protected":false},"excerpt":{"rendered":"<p>No dia 23 de setembro de 2023, foi realizado o primeiro encontro online de Junioristas Salvatorianas e Salvatorianos das Am\u00e9ricas e Mo\u00e7ambique. O encontro oportunizou uma maior aproxima\u00e7\u00e3o entre: Irm\u00e3s, irm\u00e3os e Padres&#8230;<\/p>\n","protected":false},"author":2,"featured_media":21164,"comment_status":"open","ping_status":"open","sticky":false,"template":"","format":"standard","meta":[],"categories":[1],"tags":[],"_links":{"self":[{"href":"https:\/\/www.salvatorianas.org.br\/blog\/wp-json\/wp\/v2\/posts\/21163"}],"collection":[{"href":"https:\/\/www.salvatorianas.org.br\/blog\/wp-json\/wp\/v2\/posts"}],"about":[{"href":"https:\/\/www.salvatorianas.org.br\/blog\/wp-json\/wp\/v2\/types\/post"}],"author":[{"embeddable":true,"href":"https:\/\/www.salvatorianas.org.br\/blog\/wp-json\/wp\/v2\/users\/2"}],"replies":[{"embeddable":true,"href":"https:\/\/www.salvatorianas.org.br\/blog\/wp-json\/wp\/v2\/comments?post=21163"}],"version-history":[{"count":3,"href":"https:\/\/www.salvatorianas.org.br\/blog\/wp-json\/wp\/v2\/posts\/21163\/revisions"}],"predecessor-version":[{"id":21169,"href":"https:\/\/www.salvatorianas.org.br\/blog\/wp-json\/wp\/v2\/posts\/21163\/revisions\/21169"}],"wp:featuredmedia":[{"embeddable":true,"href":"https:\/\/www.salvatorianas.org.br\/blog\/wp-json\/wp\/v2\/media\/21164"}],"wp:attachment":[{"href":"https:\/\/www.salvatorianas.org.br\/blog\/wp-json\/wp\/v2\/media?parent=21163"}],"wp:term":[{"taxonomy":"category","embeddable":true,"href":"https:\/\/www.salvatorianas.org.br\/blog\/wp-json\/wp\/v2\/categories?post=21163"},{"taxonomy":"post_tag","embeddable":true,"href":"https:\/\/www.salvatorianas.org.br\/blog\/wp-json\/wp\/v2\/tags?post=21163"}],"curies":[{"name":"wp","href":"https:\/\/api.w.org\/{rel}","templated":true}]}}