{"id":21146,"date":"2023-09-22T01:44:00","date_gmt":"2023-09-22T01:44:00","guid":{"rendered":"https:\/\/www.salvatorianas.org.br\/blog\/?p=21146"},"modified":"2023-09-21T17:20:12","modified_gmt":"2023-09-21T17:20:12","slug":"24a-semana-do-tempo-comum-ano-impar-i-3","status":"publish","type":"post","link":"https:\/\/www.salvatorianas.org.br\/blog\/24a-semana-do-tempo-comum-ano-impar-i-3\/","title":{"rendered":"24\u00aa Semana do Tempo Comum, Ano \u00cdmpar (I)"},"content":{"rendered":"\n<p>Ouvi, Senhor, as preces do vosso servo e do vosso povo eleito: dai a paz \u00e0queles que esperam em v\u00f3s, para que os vossos profetas sejam verdadeiros (Eclo 36,18).<\/p>\n\n\n\n<p><em>\u00c9 falso evangelizador quem busca fama e dinheiro e provoca disc\u00f3rdia. O evangelizador verdadeiro \u201cprocura a justi\u00e7a, a piedade, a f\u00e9, o amor, a firmeza, a mansid\u00e3o\u201d. Somos convidados \u00e0 constante comunh\u00e3o com Cristo e com os irm\u00e3os e irm\u00e3s na miss\u00e3o de anunciar a Boa-nova do Reino.<\/em><\/p>\n\n\n\n<p>Primeira Leitura:&nbsp;<strong>1 Tim\u00f3teo 6,2-12<\/strong><\/p>\n\n\n\n<p>Leitura da primeira carta de S\u00e3o Paulo a Tim\u00f3teo \u2013 Car\u00edssimo,&nbsp;<sup>2<\/sup>ensina e recomenda estas coisas.&nbsp;<sup>3<\/sup>Quem ensina doutrinas estranhas e discorda das palavras salutares de nosso Senhor Jesus Cristo e da doutrina conforme \u00e0 piedade&nbsp;<sup>4<\/sup>\u00e9 um obcecado pelo orgulho, um ignorante que morbidamente se compraz em quest\u00f5es e discuss\u00f5es de palavras. Da\u00ed \u00e9 que nascem invejas, contendas, insultos, suspeitas,&nbsp;<sup>5<\/sup>porfias de homens com mente corrompida e privados da verdade, que fazem da piedade assunto de lucro.&nbsp;<sup>6<\/sup>Sem d\u00favida, grande fonte de lucro \u00e9 a piedade, mas quando acompanhada do esp\u00edrito de desprendimento.&nbsp;<sup>7<\/sup>Porque nada trouxemos ao mundo, como tampouco nada poderemos levar.&nbsp;<sup>8<\/sup>Tendo alimento e vestu\u00e1rio, fiquemos satisfeitos.&nbsp;<sup>9<\/sup>Os que desejam enriquecer caem em tenta\u00e7\u00e3o e armadilhas, em muitos desejos loucos e perniciosos que afundam os homens na perdi\u00e7\u00e3o e na ru\u00edna,&nbsp;<sup>10<\/sup>porque a raiz de todos os males \u00e9 a cobi\u00e7a do dinheiro. Por se terem deixado levar por ela, muitos se extraviaram da f\u00e9 e se atormentam a si mesmos com muitos sofrimentos.&nbsp;<sup>11<\/sup>Tu que \u00e9s um homem de Deus, foge das coisas perversas, procura a justi\u00e7a, a piedade, a f\u00e9, o amor, a firmeza, a mansid\u00e3o.&nbsp;<sup>12<\/sup>Combate o bom combate da f\u00e9, conquista a vida eterna, para a qual foste chamado e pela qual fizeste tua nobre profiss\u00e3o de f\u00e9 diante de muitas testemunhas. \u2013 Palavra do Senhor.<\/p>\n\n\n\n<p>Salmo Responsorial:&nbsp;<strong>48(49)<\/strong><\/p>\n\n\n\n<p><em><strong>Felizes os humildes de esp\u00edrito,&nbsp;\/&nbsp;porque deles \u00e9 o Reino dos C\u00e9us.<\/strong><\/em><\/p>\n\n\n\n<p>1. Por que temer os dias maus e infelizes,&nbsp;\/&nbsp;quando a mal\u00edcia dos perversos me circunda?&nbsp;\/&nbsp;Por que temer os que confiam nas riquezas&nbsp;\/&nbsp;e se gloriam na abund\u00e2ncia de seus bens?&nbsp;\u2013 R.<\/p>\n\n\n\n<p>2. Ningu\u00e9m se livra de sua morte por dinheiro&nbsp;\/&nbsp;nem a Deus pode pagar o seu resgate.&nbsp;\/&nbsp;A isen\u00e7\u00e3o da pr\u00f3pria morte n\u00e3o tem pre\u00e7o;&nbsp;\/&nbsp;n\u00e3o h\u00e1 riqueza que a possa adquirir,&nbsp;\/&nbsp;nem dar ao homem uma vida sem limites&nbsp;\/&nbsp;e garantir-lhe uma exist\u00eancia imortal.&nbsp;\u2013 R.<\/p>\n\n\n\n<p>3. N\u00e3o te inquietes quando um homem fica rico&nbsp;\/&nbsp;e aumenta a opul\u00eancia de sua casa;&nbsp;\/&nbsp;pois, ao morrer, n\u00e3o levar\u00e1 nada consigo,&nbsp;\/&nbsp;nem seu prest\u00edgio poder\u00e1 acompanh\u00e1-lo.&nbsp;\u2013 R.<\/p>\n\n\n\n<p>4. Felicitava-se a si mesmo enquanto vivo:&nbsp;\/&nbsp;\u201cTodos te aplaudem, tudo bem, isto que \u00e9 vida!\u201d&nbsp;\/&nbsp;Mas vai-se ele para junto de seus pais,&nbsp;\/&nbsp;que nunca mais e nunca mais ver\u00e3o a luz!&nbsp;\u2013 R.<\/p>\n\n\n\n<p>Evangelho:&nbsp;<strong>Lucas 8,1-3<\/strong><\/p>\n\n\n\n<p><strong><em>Aleluia, aleluia, aleluia.<\/em><\/strong><\/p>\n\n\n\n<p><strong>Gra\u00e7as te dou, \u00f3 Pai, Senhor do c\u00e9u e da terra,&nbsp;\/&nbsp;pois revelaste os mist\u00e9rios do teu Reino&nbsp;\/&nbsp;aos pequeninos, escondendo-os aos doutores! (Mt 11,25)&nbsp;\u2013 R.<\/strong><\/p>\n\n\n\n<p>Proclama\u00e7\u00e3o do Evangelho de Jesus Cristo segundo Lucas \u2013 Naquele tempo,&nbsp;<sup>1<\/sup>Jesus andava por cidades e povoados, pregando e anunciando a Boa-nova do Reino de Deus. Os doze iam com ele;&nbsp;<sup>2<\/sup>e tamb\u00e9m algumas mulheres que haviam sido curadas de maus esp\u00edritos e doen\u00e7as: Maria, chamada Madalena, da qual tinham sa\u00eddo sete dem\u00f4nios;&nbsp;<sup>3<\/sup>Joana, mulher de Cuza, alto funcion\u00e1rio de Herodes; Susana e v\u00e1rias outras mulheres que ajudavam a Jesus e aos disc\u00edpulos com os bens que possu\u00edam. \u2013 Palavra da salva\u00e7\u00e3o.<\/p>\n\n\n\n<p>Reflex\u00e3o:<\/p>\n\n\n\n<p><em>Esta passagem nos mostra, em parte, como era organizada a vida p\u00fablica de Jesus e seus ap\u00f3stolos. Jesus n\u00e3o \u00e9 um pregador solit\u00e1rio. Al\u00e9m dos Doze que o acompanham, tamb\u00e9m algumas mulheres fazem parte do an\u00fancio apost\u00f3lico da mensagem crist\u00e3. A tradi\u00e7\u00e3o evang\u00e9lica conservou o nome de algumas delas (Joana, Suzana) e sua atua\u00e7\u00e3o em momentos importantes (Maria Madalena, na ressurrei\u00e7\u00e3o de Jesus). A Igreja primitiva, \u00e0 semelhan\u00e7a de Jesus, abriu significativo espa\u00e7o para a a\u00e7\u00e3o das mulheres nas comunidades. A mulher n\u00e3o tem papel passivo no mist\u00e9rio da salva\u00e7\u00e3o, e hoje \u00e9 chamada a novos encargos apost\u00f3licos, como evidenciou o Conc\u00edlio Vaticano II. O papa Francisco diz que \u201cainda \u00e9 preciso ampliar os espa\u00e7os para uma presen\u00e7a feminina mais incisiva na Igreja\u201d (EG 103).<\/em><\/p>\n","protected":false},"excerpt":{"rendered":"<p>Ouvi, Senhor, as preces do vosso servo e do vosso povo eleito: dai a paz \u00e0queles que esperam em v\u00f3s, para que os vossos profetas sejam verdadeiros (Eclo 36,18). \u00c9 falso evangelizador quem&#8230;<\/p>\n","protected":false},"author":2,"featured_media":21147,"comment_status":"open","ping_status":"open","sticky":false,"template":"","format":"standard","meta":[],"categories":[7],"tags":[],"_links":{"self":[{"href":"https:\/\/www.salvatorianas.org.br\/blog\/wp-json\/wp\/v2\/posts\/21146"}],"collection":[{"href":"https:\/\/www.salvatorianas.org.br\/blog\/wp-json\/wp\/v2\/posts"}],"about":[{"href":"https:\/\/www.salvatorianas.org.br\/blog\/wp-json\/wp\/v2\/types\/post"}],"author":[{"embeddable":true,"href":"https:\/\/www.salvatorianas.org.br\/blog\/wp-json\/wp\/v2\/users\/2"}],"replies":[{"embeddable":true,"href":"https:\/\/www.salvatorianas.org.br\/blog\/wp-json\/wp\/v2\/comments?post=21146"}],"version-history":[{"count":1,"href":"https:\/\/www.salvatorianas.org.br\/blog\/wp-json\/wp\/v2\/posts\/21146\/revisions"}],"predecessor-version":[{"id":21148,"href":"https:\/\/www.salvatorianas.org.br\/blog\/wp-json\/wp\/v2\/posts\/21146\/revisions\/21148"}],"wp:featuredmedia":[{"embeddable":true,"href":"https:\/\/www.salvatorianas.org.br\/blog\/wp-json\/wp\/v2\/media\/21147"}],"wp:attachment":[{"href":"https:\/\/www.salvatorianas.org.br\/blog\/wp-json\/wp\/v2\/media?parent=21146"}],"wp:term":[{"taxonomy":"category","embeddable":true,"href":"https:\/\/www.salvatorianas.org.br\/blog\/wp-json\/wp\/v2\/categories?post=21146"},{"taxonomy":"post_tag","embeddable":true,"href":"https:\/\/www.salvatorianas.org.br\/blog\/wp-json\/wp\/v2\/tags?post=21146"}],"curies":[{"name":"wp","href":"https:\/\/api.w.org\/{rel}","templated":true}]}}