{"id":21135,"date":"2023-09-19T01:26:00","date_gmt":"2023-09-19T01:26:00","guid":{"rendered":"https:\/\/www.salvatorianas.org.br\/blog\/?p=21135"},"modified":"2023-09-18T19:27:47","modified_gmt":"2023-09-18T19:27:47","slug":"24a-semana-do-tempo-comum-ano-impar-i-2","status":"publish","type":"post","link":"https:\/\/www.salvatorianas.org.br\/blog\/24a-semana-do-tempo-comum-ano-impar-i-2\/","title":{"rendered":"24\u00aa Semana do Tempo Comum, Ano \u00cdmpar (I)"},"content":{"rendered":"\n<p>Ouvi, Senhor, as preces do vosso servo e do vosso povo eleito: dai a paz \u00e0queles que esperam em v\u00f3s, para que os vossos profetas sejam verdadeiros (Eclo 36,18).<\/p>\n\n\n\n<p><em>Entre outros requisitos, o que se pede aos dirigentes da comunidade crist\u00e3 \u2013 os quais, a exemplo de seu Senhor, conduzem multid\u00f5es \u2013 \u00e9 que tenham \u201cmuita liberdade para falar da f\u00e9 em Cristo Jesus\u201d. Da parte dos fi\u00e9is, solicita-se compreens\u00e3o para com eles e abundantes preces em seu favor.<\/em><\/p>\n\n\n\n<p>Primeira Leitura:&nbsp;<strong>1 Tim\u00f3teo 3,1-13<\/strong><\/p>\n\n\n\n<p>Leitura da primeira carta de S\u00e3o Paulo a Tim\u00f3teo \u2013 Car\u00edssimo,&nbsp;<sup>1<\/sup>eis uma palavra verdadeira: quem aspira ao episcopado saiba que est\u00e1 desejando uma fun\u00e7\u00e3o sublime.&nbsp;<sup>2<\/sup>Porque o bispo tem o dever de ser irrepreens\u00edvel, marido de uma s\u00f3 mulher, s\u00f3brio, prudente, modesto, hospitaleiro, capaz de ensinar.&nbsp;<sup>3<\/sup>N\u00e3o deve ser dado a bebidas nem violento, mas condescendente, pac\u00edfico, desinteressado.&nbsp;<sup>4<\/sup>Deve saber governar bem sua casa, educar os filhos na obedi\u00eancia e castidade.&nbsp;<sup>5<\/sup>Pois quem n\u00e3o sabe governar a pr\u00f3pria casa, como governar\u00e1 a Igreja de Deus?&nbsp;<sup>6<\/sup>N\u00e3o pode ser um rec\u00e9m-convertido, para n\u00e3o acontecer que, ofuscado pela vaidade, venha a cair na mesma condena\u00e7\u00e3o que o dem\u00f4nio.&nbsp;<sup>7<\/sup>Importa tamb\u00e9m que goze de boa considera\u00e7\u00e3o da parte dos de fora, para que n\u00e3o se exponha \u00e0 inf\u00e2mia e caia nas armadilhas do diabo.&nbsp;<sup>8<\/sup>Do mesmo modo, os di\u00e1conos devem ser pessoas de respeito, homens de palavra, n\u00e3o inclinados \u00e0 bebida nem a lucro vergonhoso.&nbsp;<sup>9<\/sup>Possuam o mist\u00e9rio da f\u00e9 junto com uma consci\u00eancia limpa.&nbsp;<sup>10<\/sup>Antes de receber o cargo, sejam examinados; se forem considerados dignos, poder\u00e3o exercer o minist\u00e9rio.&nbsp;<sup>11<\/sup>Tamb\u00e9m as mulheres devem ser honradas, sem difama\u00e7\u00e3o, mas s\u00f3brias e fi\u00e9is em tudo.&nbsp;<sup>12<\/sup>Os di\u00e1conos sejam maridos de uma s\u00f3 mulher e saibam dirigir bem os seus filhos e a sua pr\u00f3pria casa.&nbsp;<sup>13<\/sup>Pois os que exercem bem o minist\u00e9rio recebem uma posi\u00e7\u00e3o de estima e muita liberdade para falar da f\u00e9 em Cristo Jesus. \u2013 Palavra do Senhor.<\/p>\n\n\n\n<p>Salmo Responsorial:&nbsp;<strong>100(101)<\/strong><\/p>\n\n\n\n<p><em><strong>Viverei na pureza do meu cora\u00e7\u00e3o!<\/strong><\/em><\/p>\n\n\n\n<p>1. Eu quero cantar o amor e a justi\u00e7a,&nbsp;\/&nbsp;cantar os meus hinos a v\u00f3s, \u00f3 Senhor!&nbsp;\/&nbsp;Desejo trilhar o caminho do bem,&nbsp;\/&nbsp;mas quando vireis at\u00e9 mim, \u00f3 Senhor?&nbsp;\u2013 R.<\/p>\n\n\n\n<p>2. Viverei na pureza do meu cora\u00e7\u00e3o,&nbsp;\/&nbsp;no meio de toda a minha fam\u00edlia.&nbsp;\/&nbsp;Diante dos olhos eu nunca terei&nbsp;\/&nbsp;qualquer coisa m\u00e1, injusti\u00e7a ou pecado.&nbsp;\u2013 R.<\/p>\n\n\n\n<p>3. Farei que se cale diante de mim&nbsp;\/&nbsp;quem \u00e9 falso e, \u00e0s ocultas, difama seu pr\u00f3ximo;&nbsp;\/&nbsp;o cora\u00e7\u00e3o orgulhoso, o olhar arrogante&nbsp;\/&nbsp;n\u00e3o vou suportar e n\u00e3o quero nem ver.&nbsp;\u2013 R.<\/p>\n\n\n\n<p>4. Aos fi\u00e9is desta terra eu volto meus olhos;&nbsp;\/&nbsp;que eles estejam bem perto de mim!&nbsp;\/&nbsp;Aquele que vive fazendo o bem&nbsp;\/&nbsp;ser\u00e1 meu ministro, ser\u00e1 meu amigo.&nbsp;\u2013 R.<\/p>\n\n\n\n<p>Evangelho:&nbsp;<strong>Lucas 7,11-17<\/strong><\/p>\n\n\n\n<p><strong><em>Aleluia, aleluia, aleluia.<\/em><\/strong><\/p>\n\n\n\n<p><strong>Um grande profeta surgiu entre n\u00f3s,&nbsp;\/&nbsp;e Deus visitou o seu povo (Lc 7,16).&nbsp;\u2013 R.<\/strong><\/p>\n\n\n\n<p>Proclama\u00e7\u00e3o do Evangelho de Jesus Cristo segundo Lucas \u2013 Naquele tempo,&nbsp;<sup>11<\/sup>Jesus dirigiu-se a uma cidade chamada Naim. Com ele iam seus disc\u00edpulos e uma grande multid\u00e3o.&nbsp;<sup>12<\/sup>Quando chegou \u00e0 porta da cidade, eis que levavam um defunto, filho \u00fanico; e sua m\u00e3e era vi\u00fava. Grande multid\u00e3o da cidade a acompanhava.&nbsp;<sup>13<\/sup>Ao v\u00ea-la, o Senhor sentiu compaix\u00e3o para com ela e lhe disse: \u201cN\u00e3o chores!\u201d&nbsp;<sup>14<\/sup>Aproximou-se, tocou o caix\u00e3o, e os que o carregavam pararam. Ent\u00e3o, Jesus disse: \u201cJovem, eu te ordeno, levanta-te!\u201d&nbsp;<sup>15<\/sup>O que estava morto sentou-se e come\u00e7ou a falar. E Jesus o entregou \u00e0 sua m\u00e3e.&nbsp;<sup>16<\/sup>Todos ficaram com muito medo e glorificavam a Deus, dizendo: \u201cUm grande profeta apareceu entre n\u00f3s e Deus veio visitar o seu povo\u201d.&nbsp;<sup>17<\/sup>E a not\u00edcia do fato espalhou-se pela Judeia inteira e por toda a redondeza. \u2013 Palavra da salva\u00e7\u00e3o.<\/p>\n\n\n\n<p>Reflex\u00e3o:<\/p>\n\n\n\n<p><em>Jesus, seus disc\u00edpulos e grande multid\u00e3o deparam-se com um caso de extrema desola\u00e7\u00e3o: uma senhora, tendo perdido o marido, perde tamb\u00e9m o filho \u00fanico e o leva para sepultar. Por isso, Jesus enche-se de compaix\u00e3o e, sem que a vi\u00fava lhe pe\u00e7a, antecipa-se, interrompendo-lhe o choro. Det\u00e9m o cortejo f\u00fanebre e d\u00e1 ao defunto a ordem de levantar-se. A palavra poderosa de Jesus restitui a vida ao jovem, devolve-lhe tamb\u00e9m a palavra (\u201co morto sentou-se e come\u00e7ou a falar\u201d), e desencadeia o reconhecimento dos assistentes: \u201cGlorificavam a Deus, dizendo: \u2018Um grande profeta apareceu entre n\u00f3s. Deus visitou o seu povo&#8217;\u201d. \u00c9 a mesma express\u00e3o que encontramos no c\u00e2ntico de Zacarias (cf. Lc 1,68-69). Deus, por meio de Jesus, visita o povo, dando-lhe liberdade e vida.<\/em><\/p>\n","protected":false},"excerpt":{"rendered":"<p>Ouvi, Senhor, as preces do vosso servo e do vosso povo eleito: dai a paz \u00e0queles que esperam em v\u00f3s, para que os vossos profetas sejam verdadeiros (Eclo 36,18). Entre outros requisitos, o&#8230;<\/p>\n","protected":false},"author":2,"featured_media":21136,"comment_status":"open","ping_status":"open","sticky":false,"template":"","format":"standard","meta":[],"categories":[7],"tags":[],"_links":{"self":[{"href":"https:\/\/www.salvatorianas.org.br\/blog\/wp-json\/wp\/v2\/posts\/21135"}],"collection":[{"href":"https:\/\/www.salvatorianas.org.br\/blog\/wp-json\/wp\/v2\/posts"}],"about":[{"href":"https:\/\/www.salvatorianas.org.br\/blog\/wp-json\/wp\/v2\/types\/post"}],"author":[{"embeddable":true,"href":"https:\/\/www.salvatorianas.org.br\/blog\/wp-json\/wp\/v2\/users\/2"}],"replies":[{"embeddable":true,"href":"https:\/\/www.salvatorianas.org.br\/blog\/wp-json\/wp\/v2\/comments?post=21135"}],"version-history":[{"count":1,"href":"https:\/\/www.salvatorianas.org.br\/blog\/wp-json\/wp\/v2\/posts\/21135\/revisions"}],"predecessor-version":[{"id":21137,"href":"https:\/\/www.salvatorianas.org.br\/blog\/wp-json\/wp\/v2\/posts\/21135\/revisions\/21137"}],"wp:featuredmedia":[{"embeddable":true,"href":"https:\/\/www.salvatorianas.org.br\/blog\/wp-json\/wp\/v2\/media\/21136"}],"wp:attachment":[{"href":"https:\/\/www.salvatorianas.org.br\/blog\/wp-json\/wp\/v2\/media?parent=21135"}],"wp:term":[{"taxonomy":"category","embeddable":true,"href":"https:\/\/www.salvatorianas.org.br\/blog\/wp-json\/wp\/v2\/categories?post=21135"},{"taxonomy":"post_tag","embeddable":true,"href":"https:\/\/www.salvatorianas.org.br\/blog\/wp-json\/wp\/v2\/tags?post=21135"}],"curies":[{"name":"wp","href":"https:\/\/api.w.org\/{rel}","templated":true}]}}