{"id":21127,"date":"2023-09-17T01:27:00","date_gmt":"2023-09-17T01:27:00","guid":{"rendered":"https:\/\/www.salvatorianas.org.br\/blog\/?p=21127"},"modified":"2023-09-15T19:30:50","modified_gmt":"2023-09-15T19:30:50","slug":"24o-domingo-do-tempo-comum-ano-a","status":"publish","type":"post","link":"https:\/\/www.salvatorianas.org.br\/blog\/24o-domingo-do-tempo-comum-ano-a\/","title":{"rendered":"24\u00ba Domingo do Tempo Comum, Ano A"},"content":{"rendered":"\n<p>Ouvi, Senhor, as preces do vosso servo e do vosso povo eleito: dai a paz \u00e0queles que esperam em v\u00f3s, para que os vossos profetas sejam verdadeiros (Eclo 36,18).<\/p>\n\n\n\n<p><em>Somos convidados pelo Senhor bondoso e misericordioso a celebrar a vida nova do seu Reino, que se manifesta em todos os que buscam viver a reconcilia\u00e7\u00e3o e o perd\u00e3o. Porque pertencemos a Jesus, rancor e raiva n\u00e3o podem ter lugar em nosso cora\u00e7\u00e3o.<\/em>&nbsp;<em>A Palavra e a Eucaristia nos ensinem a espelhar nosso agir no amor sem limites de Deus por n\u00f3s.<\/em><\/p>\n\n\n\n<p>Primeira Leitura:&nbsp;<strong>Eclesi\u00e1stico 27,33-28,9<\/strong><\/p>\n\n\n\n<p>Leitura do livro do Eclesi\u00e1stico \u2013&nbsp;<sup>33<\/sup>O rancor e a raiva s\u00e3o coisas detest\u00e1veis; at\u00e9 o pecador procura domin\u00e1-las.&nbsp;<sup>28,1<\/sup>Quem se vingar encontrar\u00e1 a vingan\u00e7a do Senhor, que pedir\u00e1 severas contas dos seus pecados.&nbsp;<sup>2<\/sup>Perdoa a injusti\u00e7a cometida por teu pr\u00f3ximo: assim, quando orares, teus pecados ser\u00e3o perdoados.&nbsp;<sup>3<\/sup>Se algu\u00e9m guarda raiva contra o outro, como poder\u00e1 pedir a Deus a cura?&nbsp;<sup>4<\/sup>Se n\u00e3o tem compaix\u00e3o do seu semelhante, como poder\u00e1 pedir perd\u00e3o dos seus pecados?&nbsp;<sup>5<\/sup>Se ele, que \u00e9 um mortal, guarda rancor, quem \u00e9 que vai alcan\u00e7ar perd\u00e3o para os seus pecados?&nbsp;<sup>6<\/sup>Lembra-te do teu fim e deixa de odiar;&nbsp;<sup>7<\/sup>pensa na destrui\u00e7\u00e3o e na morte e persevera nos mandamentos.&nbsp;<sup>8<\/sup>Pensa nos mandamentos e n\u00e3o guardes rancor ao teu pr\u00f3ximo.&nbsp;<sup>9<\/sup>Pensa na alian\u00e7a do Alt\u00edssimo e n\u00e3o leves em conta a falta alheia! \u2013 Palavra do Senhor.<\/p>\n\n\n\n<p>Salmo Responsorial:&nbsp;<strong>102(103)<\/strong><\/p>\n\n\n\n<p><em><strong>O Senhor \u00e9 bondoso, compassivo e carinhoso.<\/strong><\/em><\/p>\n\n\n\n<p>1. Bendize, \u00f3 minha alma, ao Senhor,&nbsp;\/&nbsp;e todo o meu ser, seu santo nome!&nbsp;\/&nbsp;Bendize, \u00f3 minha alma, ao Senhor,&nbsp;\/&nbsp;n\u00e3o te esque\u00e7as de nenhum de seus favores!&nbsp;\u2013 R.<\/p>\n\n\n\n<p>2. Pois ele te perdoa toda culpa&nbsp;\/&nbsp;e cura toda a tua enfermidade;&nbsp;\/&nbsp;da sepultura ele salva a tua vida&nbsp;\/&nbsp;e te cerca de carinho e compaix\u00e3o.&nbsp;\u2013 R.<\/p>\n\n\n\n<p>3. N\u00e3o fica sempre repetindo as suas queixas&nbsp;\/&nbsp;nem guarda eternamente o seu rancor.&nbsp;\/&nbsp;N\u00e3o nos trata como exigem nossas faltas&nbsp;\/&nbsp;nem nos pune em propor\u00e7\u00e3o \u00e0s nossas culpas.&nbsp;\u2013 R.<\/p>\n\n\n\n<p>4. Quanto os c\u00e9us por sobre a terra se elevam,&nbsp;\/&nbsp;tanto \u00e9 grande o seu amor aos que o temem;&nbsp;\/&nbsp;quanto dista o nascente do poente,&nbsp;\/&nbsp;tanto afasta para longe nossos crimes.&nbsp;\u2013 R.<\/p>\n\n\n\n<p>Segunda Leitura:&nbsp;<strong>Romanos 14,7-9<\/strong><\/p>\n\n\n\n<p>Leitura da carta de S\u00e3o Paulo aos Romanos \u2013 Irm\u00e3os,&nbsp;<sup>7<\/sup>ningu\u00e9m dentre n\u00f3s vive para si mesmo ou morre para si mesmo.&nbsp;<sup>8<\/sup>Se estamos vivos, \u00e9 para o Senhor que vivemos; se morremos, \u00e9 para o Senhor que morremos. Portanto, vivos ou mortos, pertencemos ao Senhor.&nbsp;<sup>9<\/sup>Cristo morreu e ressuscitou exatamente para isto, para ser o Senhor dos mortos e dos vivos. \u2013 Palavra do Senhor.<\/p>\n\n\n\n<p>Evangelho:&nbsp;<strong>Mateus 18,21-35<\/strong><\/p>\n\n\n\n<p><strong><em>Aleluia<\/em><em>, aleluia, aleluia.<\/em><\/strong><\/p>\n\n\n\n<p><strong>Eu vos dou este novo mandamento,&nbsp;\/&nbsp;nova ordem, agora, vos dou;&nbsp;\/&nbsp;que, tamb\u00e9m, vos ameis uns aos outros,&nbsp;\/&nbsp;como eu vos amei, diz o Senhor (Jo 13,34).&nbsp;\u2013 R.<\/strong><\/p>\n\n\n\n<p>Proclama\u00e7\u00e3o do Evangelho de Jesus Cristo segundo Mateus \u2013 Naquele tempo,&nbsp;<sup>21<\/sup>Pedro aproximou-se de Jesus e perguntou: \u201cSenhor, quantas vezes devo perdoar se meu irm\u00e3o pecar contra mim? At\u00e9 sete vezes?\u201d&nbsp;<sup>22<\/sup>Jesus respondeu: \u201cN\u00e3o te digo at\u00e9 sete vezes, mas at\u00e9 setenta vezes sete.&nbsp;<sup>23<\/sup>Porque o Reino dos C\u00e9us \u00e9 como um rei que resolveu acertar as contas com seus empregados.&nbsp;<sup>24<\/sup>Quando come\u00e7ou o acerto, levaram-lhe um que lhe devia uma enorme fortuna.&nbsp;<sup>25<\/sup>Como o empregado n\u00e3o tivesse com que pagar, o patr\u00e3o mandou que fosse vendido como escravo, junto com a mulher e os filhos e tudo o que possu\u00eda, para que pagasse a d\u00edvida.&nbsp;<sup>26<\/sup>O empregado, por\u00e9m, caiu aos p\u00e9s do patr\u00e3o e, prostrado, suplicava: \u2018D\u00e1-me um prazo, e eu te pagarei tudo!\u2019&nbsp;<sup>27<\/sup>Diante disso, o patr\u00e3o teve compaix\u00e3o, soltou o empregado e perdoou-lhe a d\u00edvida.&nbsp;<sup>28<\/sup>Ao sair dali, aquele empregado encontrou um dos seus companheiros que lhe devia apenas cem moedas. Ele o agarrou e come\u00e7ou a sufoc\u00e1-lo, dizendo: \u2018Paga o que me deves\u2019.&nbsp;<sup>29<\/sup>O companheiro, caindo aos seus p\u00e9s, suplicava: \u2018D\u00e1-me um prazo, e eu te pagarei!\u2019&nbsp;<sup>30<\/sup>Mas o empregado n\u00e3o quis saber disso. Saiu e mandou jog\u00e1-lo na pris\u00e3o, at\u00e9 que pagasse o que devia.&nbsp;<sup>31<\/sup>Vendo o que havia acontecido, os outros empregados ficaram muito tristes, procuraram o patr\u00e3o e lhe contaram tudo.&nbsp;<sup>32<\/sup>Ent\u00e3o o patr\u00e3o mandou cham\u00e1-lo e lhe disse: \u2018Empregado perverso, eu te perdoei toda a tua d\u00edvida, porque tu me suplicaste.&nbsp;<sup>33<\/sup>N\u00e3o devias tu tamb\u00e9m ter compaix\u00e3o do teu companheiro, como eu tive compaix\u00e3o de ti?\u2019&nbsp;<sup>34<\/sup>O patr\u00e3o indignou-se e mandou entregar aquele empregado aos torturadores, at\u00e9 que pagasse toda a sua d\u00edvida.&nbsp;<sup>35<\/sup>\u00c9 assim que o meu Pai que est\u00e1 nos c\u00e9us far\u00e1 convosco se cada um n\u00e3o perdoar de cora\u00e7\u00e3o ao seu irm\u00e3o\u201d. \u2013 Palavra da salva\u00e7\u00e3o.<\/p>\n\n\n\n<p>Reflex\u00e3o:<\/p>\n\n\n\n<p><em>Os Evangelhos registram v\u00e1rias advert\u00eancias de Jesus sobre o perd\u00e3o. Por exemplo: \u201cSe voc\u00eas perdoarem as faltas das pessoas, tamb\u00e9m o Pai celeste perdoar\u00e1 a voc\u00eas. Mas, se voc\u00eas n\u00e3o perdoarem as pessoas, o Pai tamb\u00e9m n\u00e3o perdoar\u00e1 as faltas de voc\u00eas\u201d (Mt 6,14-15). As compara\u00e7\u00f5es usadas por Jesus, na mensagem de hoje, causam impacto e mexem com a nossa sensibilidade. Mostram como nosso cora\u00e7\u00e3o humano tem dificuldades para perdoar. Necessitamos do perd\u00e3o e o imploramos a Deus. Cheio de bondade e miseric\u00f3rdia, Deus nos perdoa, cancela nossas d\u00edvidas (ofensas, pecados). N\u00f3s, no entanto, em vez de perdoar, temos vontade de castigar a quem nos ofendeu. N\u00e3o \u00e9 assim que Deus age. A par\u00e1bola mostra que Deus leva a s\u00e9rio este assunto: se n\u00e3o perdoarmos, ficaremos em d\u00edvida com Deus. At\u00e9 quando?<\/em><\/p>\n","protected":false},"excerpt":{"rendered":"<p>Ouvi, Senhor, as preces do vosso servo e do vosso povo eleito: dai a paz \u00e0queles que esperam em v\u00f3s, para que os vossos profetas sejam verdadeiros (Eclo 36,18). Somos convidados pelo Senhor&#8230;<\/p>\n","protected":false},"author":2,"featured_media":21128,"comment_status":"open","ping_status":"open","sticky":false,"template":"","format":"standard","meta":[],"categories":[7],"tags":[],"_links":{"self":[{"href":"https:\/\/www.salvatorianas.org.br\/blog\/wp-json\/wp\/v2\/posts\/21127"}],"collection":[{"href":"https:\/\/www.salvatorianas.org.br\/blog\/wp-json\/wp\/v2\/posts"}],"about":[{"href":"https:\/\/www.salvatorianas.org.br\/blog\/wp-json\/wp\/v2\/types\/post"}],"author":[{"embeddable":true,"href":"https:\/\/www.salvatorianas.org.br\/blog\/wp-json\/wp\/v2\/users\/2"}],"replies":[{"embeddable":true,"href":"https:\/\/www.salvatorianas.org.br\/blog\/wp-json\/wp\/v2\/comments?post=21127"}],"version-history":[{"count":1,"href":"https:\/\/www.salvatorianas.org.br\/blog\/wp-json\/wp\/v2\/posts\/21127\/revisions"}],"predecessor-version":[{"id":21129,"href":"https:\/\/www.salvatorianas.org.br\/blog\/wp-json\/wp\/v2\/posts\/21127\/revisions\/21129"}],"wp:featuredmedia":[{"embeddable":true,"href":"https:\/\/www.salvatorianas.org.br\/blog\/wp-json\/wp\/v2\/media\/21128"}],"wp:attachment":[{"href":"https:\/\/www.salvatorianas.org.br\/blog\/wp-json\/wp\/v2\/media?parent=21127"}],"wp:term":[{"taxonomy":"category","embeddable":true,"href":"https:\/\/www.salvatorianas.org.br\/blog\/wp-json\/wp\/v2\/categories?post=21127"},{"taxonomy":"post_tag","embeddable":true,"href":"https:\/\/www.salvatorianas.org.br\/blog\/wp-json\/wp\/v2\/tags?post=21127"}],"curies":[{"name":"wp","href":"https:\/\/api.w.org\/{rel}","templated":true}]}}