{"id":21115,"date":"2023-09-15T13:00:44","date_gmt":"2023-09-15T13:00:44","guid":{"rendered":"https:\/\/www.salvatorianas.org.br\/blog\/?p=21115"},"modified":"2023-09-15T20:11:44","modified_gmt":"2023-09-15T20:11:44","slug":"membros-do-conselho-geral-de-roma-visitam-comunidades-do-regional-do-rio-grande-do-sul","status":"publish","type":"post","link":"https:\/\/www.salvatorianas.org.br\/blog\/membros-do-conselho-geral-de-roma-visitam-comunidades-do-regional-do-rio-grande-do-sul\/","title":{"rendered":"Membros do Conselho Geral de Roma visitam comunidades do Regional do Rio Grande do Sul"},"content":{"rendered":"\n<p>A Prov\u00edncia Santa Catarina, das Irm\u00e3s Salvatorianas continua agraciada com a visita das Irs Lilly Kurian, vice-Geral e Ren\u00e1ria Bezerra, Conselheira Geral. Elas foram acompanhadas pelas irm\u00e3s Lisete Buganti, Coordenadora Provincial, Wanderleia Dalla Costa, vice-provincial e Beatriz Baseggio, conselheira, alternando-se nas comunidades. Foram visitadas as seguintes comunidades:<\/p>\n\n\n\n<figure class=\"wp-block-image size-large\"><img decoding=\"async\" loading=\"lazy\" width=\"1024\" height=\"544\" src=\"https:\/\/www.salvatorianas.org.br\/blog\/wp-content\/uploads\/2023\/09\/2-2-1024x544.jpg\" alt=\"\" class=\"wp-image-21117\" srcset=\"https:\/\/www.salvatorianas.org.br\/blog\/wp-content\/uploads\/2023\/09\/2-2-1024x544.jpg 1024w, https:\/\/www.salvatorianas.org.br\/blog\/wp-content\/uploads\/2023\/09\/2-2-300x159.jpg 300w, https:\/\/www.salvatorianas.org.br\/blog\/wp-content\/uploads\/2023\/09\/2-2-768x408.jpg 768w, https:\/\/www.salvatorianas.org.br\/blog\/wp-content\/uploads\/2023\/09\/2-2.jpg 1356w\" sizes=\"(max-width: 1024px) 100vw, 1024px\" \/><\/figure>\n\n\n\n<p>Com. Nossa Senhora de Lourdes &#8211; Porto Alegre\/RS<\/p>\n\n\n\n<figure class=\"wp-block-image size-large\"><img decoding=\"async\" loading=\"lazy\" width=\"1024\" height=\"892\" src=\"https:\/\/www.salvatorianas.org.br\/blog\/wp-content\/uploads\/2023\/09\/3-2-1024x892.jpg\" alt=\"\" class=\"wp-image-21118\" srcset=\"https:\/\/www.salvatorianas.org.br\/blog\/wp-content\/uploads\/2023\/09\/3-2-1024x892.jpg 1024w, https:\/\/www.salvatorianas.org.br\/blog\/wp-content\/uploads\/2023\/09\/3-2-300x261.jpg 300w, https:\/\/www.salvatorianas.org.br\/blog\/wp-content\/uploads\/2023\/09\/3-2-768x669.jpg 768w, https:\/\/www.salvatorianas.org.br\/blog\/wp-content\/uploads\/2023\/09\/3-2.jpg 1102w\" sizes=\"(max-width: 1024px) 100vw, 1024px\" \/><\/figure>\n\n\n\n<p>Comunidade Jesus Libertador &#8211; Passo Fundo\/RS<\/p>\n\n\n\n<figure class=\"wp-block-image size-large\"><img decoding=\"async\" loading=\"lazy\" width=\"798\" height=\"1024\" src=\"https:\/\/www.salvatorianas.org.br\/blog\/wp-content\/uploads\/2023\/09\/4-2-798x1024.jpg\" alt=\"\" class=\"wp-image-21119\" srcset=\"https:\/\/www.salvatorianas.org.br\/blog\/wp-content\/uploads\/2023\/09\/4-2-798x1024.jpg 798w, https:\/\/www.salvatorianas.org.br\/blog\/wp-content\/uploads\/2023\/09\/4-2-234x300.jpg 234w, https:\/\/www.salvatorianas.org.br\/blog\/wp-content\/uploads\/2023\/09\/4-2-768x985.jpg 768w, https:\/\/www.salvatorianas.org.br\/blog\/wp-content\/uploads\/2023\/09\/4-2.jpg 944w\" sizes=\"(max-width: 798px) 100vw, 798px\" \/><\/figure>\n\n\n\n<p>Comunidade Horizonte &#8211; Passo Fundo\/RS<\/p>\n\n\n\n<figure class=\"wp-block-image size-large\"><img decoding=\"async\" loading=\"lazy\" width=\"1024\" height=\"673\" src=\"https:\/\/www.salvatorianas.org.br\/blog\/wp-content\/uploads\/2023\/09\/5-2-1024x673.jpg\" alt=\"\" class=\"wp-image-21120\" srcset=\"https:\/\/www.salvatorianas.org.br\/blog\/wp-content\/uploads\/2023\/09\/5-2-1024x673.jpg 1024w, https:\/\/www.salvatorianas.org.br\/blog\/wp-content\/uploads\/2023\/09\/5-2-300x197.jpg 300w, https:\/\/www.salvatorianas.org.br\/blog\/wp-content\/uploads\/2023\/09\/5-2-768x505.jpg 768w, https:\/\/www.salvatorianas.org.br\/blog\/wp-content\/uploads\/2023\/09\/5-2.jpg 1172w\" sizes=\"(max-width: 1024px) 100vw, 1024px\" \/><\/figure>\n\n\n\n<p>Comunidade Santa Isabel &#8211; Passo Fundo\/RS<\/p>\n\n\n\n<figure class=\"wp-block-image size-large\"><img decoding=\"async\" loading=\"lazy\" width=\"801\" height=\"1024\" src=\"https:\/\/www.salvatorianas.org.br\/blog\/wp-content\/uploads\/2023\/09\/6-1-801x1024.jpg\" alt=\"\" class=\"wp-image-21121\" srcset=\"https:\/\/www.salvatorianas.org.br\/blog\/wp-content\/uploads\/2023\/09\/6-1-801x1024.jpg 801w, https:\/\/www.salvatorianas.org.br\/blog\/wp-content\/uploads\/2023\/09\/6-1-235x300.jpg 235w, https:\/\/www.salvatorianas.org.br\/blog\/wp-content\/uploads\/2023\/09\/6-1-768x982.jpg 768w, https:\/\/www.salvatorianas.org.br\/blog\/wp-content\/uploads\/2023\/09\/6-1.jpg 1200w\" sizes=\"(max-width: 801px) 100vw, 801px\" \/><\/figure>\n\n\n\n<p>Comunidade M\u00e3e do Bom Conselho &#8211; Passo Fundo\/RS<\/p>\n\n\n\n<figure class=\"wp-block-image size-large\"><img decoding=\"async\" loading=\"lazy\" width=\"970\" height=\"1024\" src=\"https:\/\/www.salvatorianas.org.br\/blog\/wp-content\/uploads\/2023\/09\/7-1-970x1024.jpg\" alt=\"\" class=\"wp-image-21122\" srcset=\"https:\/\/www.salvatorianas.org.br\/blog\/wp-content\/uploads\/2023\/09\/7-1-970x1024.jpg 970w, https:\/\/www.salvatorianas.org.br\/blog\/wp-content\/uploads\/2023\/09\/7-1-284x300.jpg 284w, https:\/\/www.salvatorianas.org.br\/blog\/wp-content\/uploads\/2023\/09\/7-1-768x811.jpg 768w, https:\/\/www.salvatorianas.org.br\/blog\/wp-content\/uploads\/2023\/09\/7-1.jpg 1138w\" sizes=\"(max-width: 970px) 100vw, 970px\" \/><\/figure>\n\n\n\n<p>Comunidade \u00c1gua Viva &#8211; Cir\u00edaco\/RS<\/p>\n\n\n\n<p><\/p>\n\n\n\n<p>\u201cA visita das Irm\u00e3s conselheiras fez meu cora\u00e7\u00e3o continuar ardendo por Jesus na Miss\u00e3o, Espiritualidade e Carisma Salvatoriano e, com os disc\u00edpulos de Ema\u00fas, nos colocamos a caminho como mulheres da esperan\u00e7a que buscam reconhecer o Mestre no ordin\u00e1rio do cotidiano que se transforma em extraordin\u00e1rio de simplicidade na sororidade. E assim, com a presen\u00e7a delas, me tocou profundamente a oportunidade de visualizar atrav\u00e9s de fotos e ouvir a nossa caminhada atual, enquanto congrega\u00e7\u00e3o, nos 4 continentes de forma ousada, criativa e prof\u00e9tica como as Mulheres da Madrugada que ousaram sair e experienciar Jesus Ressuscitado, tornando-se assim, as primeiras anunciadoras da Ressurrei\u00e7\u00e3o de Jesus. Bendito seja Deus pela presen\u00e7a iluminada e jovial das Irm\u00e3s Conselheiras em nosso regional e comunidades\u201d, salienta Ir. Patr\u00edcia Santana de Arag\u00e3o Silva.<\/p>\n\n\n\n<p>E Ir. Gema Andreani tamb\u00e9m destaca: \u201cA visita foi enriquecida pela simplicidade, testemunho de vida, irm\u00e3s abertas \u00e0 escuta, valorizando e respeitando a individualidade de cada uma. Visitaram nosso trabalho, isso nos incentivou a nos motivou a continuarmos no trabalho com os mais pobres, especialmente as mulheres\u201d.<\/p>\n\n\n\n<p>Louvemos ao nosso Deus Salvador por tantas experi\u00eancias de sua bondade e salva\u00e7\u00e3o no meio de n\u00f3s! Obrigada Irm\u00e3s da Equipe Geral e Provincial.<\/p>\n","protected":false},"excerpt":{"rendered":"<p>A Prov\u00edncia Santa Catarina, das Irm\u00e3s Salvatorianas continua agraciada com a visita das Irs Lilly Kurian, vice-Geral e Ren\u00e1ria Bezerra, Conselheira Geral. Elas foram acompanhadas pelas irm\u00e3s Lisete Buganti, Coordenadora Provincial, Wanderleia Dalla&#8230;<\/p>\n","protected":false},"author":2,"featured_media":21105,"comment_status":"open","ping_status":"open","sticky":false,"template":"","format":"standard","meta":[],"categories":[1],"tags":[],"_links":{"self":[{"href":"https:\/\/www.salvatorianas.org.br\/blog\/wp-json\/wp\/v2\/posts\/21115"}],"collection":[{"href":"https:\/\/www.salvatorianas.org.br\/blog\/wp-json\/wp\/v2\/posts"}],"about":[{"href":"https:\/\/www.salvatorianas.org.br\/blog\/wp-json\/wp\/v2\/types\/post"}],"author":[{"embeddable":true,"href":"https:\/\/www.salvatorianas.org.br\/blog\/wp-json\/wp\/v2\/users\/2"}],"replies":[{"embeddable":true,"href":"https:\/\/www.salvatorianas.org.br\/blog\/wp-json\/wp\/v2\/comments?post=21115"}],"version-history":[{"count":5,"href":"https:\/\/www.salvatorianas.org.br\/blog\/wp-json\/wp\/v2\/posts\/21115\/revisions"}],"predecessor-version":[{"id":21133,"href":"https:\/\/www.salvatorianas.org.br\/blog\/wp-json\/wp\/v2\/posts\/21115\/revisions\/21133"}],"wp:featuredmedia":[{"embeddable":true,"href":"https:\/\/www.salvatorianas.org.br\/blog\/wp-json\/wp\/v2\/media\/21105"}],"wp:attachment":[{"href":"https:\/\/www.salvatorianas.org.br\/blog\/wp-json\/wp\/v2\/media?parent=21115"}],"wp:term":[{"taxonomy":"category","embeddable":true,"href":"https:\/\/www.salvatorianas.org.br\/blog\/wp-json\/wp\/v2\/categories?post=21115"},{"taxonomy":"post_tag","embeddable":true,"href":"https:\/\/www.salvatorianas.org.br\/blog\/wp-json\/wp\/v2\/tags?post=21115"}],"curies":[{"name":"wp","href":"https:\/\/api.w.org\/{rel}","templated":true}]}}