{"id":21096,"date":"2023-09-14T19:08:02","date_gmt":"2023-09-14T19:08:02","guid":{"rendered":"https:\/\/www.salvatorianas.org.br\/blog\/?p=21096"},"modified":"2023-09-14T19:09:54","modified_gmt":"2023-09-14T19:09:54","slug":"nota-de-apoio-a-cnbb","status":"publish","type":"post","link":"https:\/\/www.salvatorianas.org.br\/blog\/nota-de-apoio-a-cnbb\/","title":{"rendered":"Nota de apoio \u00e0 CNBB"},"content":{"rendered":"\n<p>As Irm\u00e3s Salvatorianas, da Prov\u00edncia Santa Catarina, manifestam total apoio a esta nota da CNBB e comungam de todos os esfor\u00e7os para que a VIDA seja defendida desde a sua concep\u00e7\u00e3o at\u00e9 sua morte natural.<\/p>\n\n\n\n<p>Vida e dignidade para todos!<\/p>\n\n\n\n<figure class=\"wp-block-image size-large\"><img decoding=\"async\" loading=\"lazy\" width=\"1024\" height=\"542\" src=\"https:\/\/www.salvatorianas.org.br\/blog\/wp-content\/uploads\/2023\/09\/image-1024x542.png\" alt=\"\" class=\"wp-image-21097\" srcset=\"https:\/\/www.salvatorianas.org.br\/blog\/wp-content\/uploads\/2023\/09\/image-1024x542.png 1024w, https:\/\/www.salvatorianas.org.br\/blog\/wp-content\/uploads\/2023\/09\/image-300x159.png 300w, https:\/\/www.salvatorianas.org.br\/blog\/wp-content\/uploads\/2023\/09\/image-768x406.png 768w, https:\/\/www.salvatorianas.org.br\/blog\/wp-content\/uploads\/2023\/09\/image.png 1202w\" sizes=\"(max-width: 1024px) 100vw, 1024px\" \/><\/figure>\n\n\n\n<p>NBB SOBRE A TRAMITA\u00c7\u00c3O DA ADPF 442: \u201cJAMAIS ACEITAREMOS QUAISQUER INICIATIVAS QUE PRETENDAM APOIAR E PROMOVER O ABORTO\u201d<\/p>\n\n\n\n<p>No link a seguir, acesse a mat\u00e9ria na \u00edntegra:<\/p>\n\n\n\n<ul>\n<li><a href=\"https:\/\/www.cnbb.org.br\/cnbb-nota-vida-direito-inviolavel-adpf-442\/\" target=\"_blank\" rel=\"noreferrer noopener\">https:\/\/www.cnbb.org.br\/cnbb-nota-vida-direito-inviolavel-adpf-442\/<\/a><\/li>\n<\/ul>\n","protected":false},"excerpt":{"rendered":"<p>As Irm\u00e3s Salvatorianas, da Prov\u00edncia Santa Catarina, manifestam total apoio a esta nota da CNBB e comungam de todos os esfor\u00e7os para que a VIDA seja defendida desde a sua concep\u00e7\u00e3o at\u00e9 sua&#8230;<\/p>\n","protected":false},"author":2,"featured_media":0,"comment_status":"open","ping_status":"open","sticky":false,"template":"","format":"standard","meta":[],"categories":[1],"tags":[],"_links":{"self":[{"href":"https:\/\/www.salvatorianas.org.br\/blog\/wp-json\/wp\/v2\/posts\/21096"}],"collection":[{"href":"https:\/\/www.salvatorianas.org.br\/blog\/wp-json\/wp\/v2\/posts"}],"about":[{"href":"https:\/\/www.salvatorianas.org.br\/blog\/wp-json\/wp\/v2\/types\/post"}],"author":[{"embeddable":true,"href":"https:\/\/www.salvatorianas.org.br\/blog\/wp-json\/wp\/v2\/users\/2"}],"replies":[{"embeddable":true,"href":"https:\/\/www.salvatorianas.org.br\/blog\/wp-json\/wp\/v2\/comments?post=21096"}],"version-history":[{"count":3,"href":"https:\/\/www.salvatorianas.org.br\/blog\/wp-json\/wp\/v2\/posts\/21096\/revisions"}],"predecessor-version":[{"id":21100,"href":"https:\/\/www.salvatorianas.org.br\/blog\/wp-json\/wp\/v2\/posts\/21096\/revisions\/21100"}],"wp:attachment":[{"href":"https:\/\/www.salvatorianas.org.br\/blog\/wp-json\/wp\/v2\/media?parent=21096"}],"wp:term":[{"taxonomy":"category","embeddable":true,"href":"https:\/\/www.salvatorianas.org.br\/blog\/wp-json\/wp\/v2\/categories?post=21096"},{"taxonomy":"post_tag","embeddable":true,"href":"https:\/\/www.salvatorianas.org.br\/blog\/wp-json\/wp\/v2\/tags?post=21096"}],"curies":[{"name":"wp","href":"https:\/\/api.w.org\/{rel}","templated":true}]}}