{"id":21090,"date":"2023-09-16T01:31:00","date_gmt":"2023-09-16T01:31:00","guid":{"rendered":"https:\/\/www.salvatorianas.org.br\/blog\/?p=21090"},"modified":"2023-09-14T18:32:25","modified_gmt":"2023-09-14T18:32:25","slug":"santos-cornelio-papa-e-cipriano-bispo-martires-memoria","status":"publish","type":"post","link":"https:\/\/www.salvatorianas.org.br\/blog\/santos-cornelio-papa-e-cipriano-bispo-martires-memoria\/","title":{"rendered":"Santos Corn\u00e9lio, papa, e Cipriano, bispo, m\u00e1rtires, Mem\u00f3ria"},"content":{"rendered":"\n<p>Alegram-se nos c\u00e9us os santos que na terra seguiram a Cristo. Por seu amor, derramaram o pr\u00f3prio sangue; exultar\u00e3o com ele eternamente.<\/p>\n\n\n\n<p><em>Corn\u00e9lio e Cipriano, ambos do s\u00e9culo 3\u00ba, sofreram o mart\u00edrio em nome da f\u00e9 e da unidade da Igreja. Corn\u00e9lio, papa, morreu no ex\u00edlio em 253. Cipriano, bispo, organizou a Igreja na \u00c1frica e foi grande mestre de moral crist\u00e3. Estimulados por t\u00e3o corajosas testemunhas, supliquemos a fortaleza da f\u00e9 a fim de sermos fi\u00e9is aos compromissos crist\u00e3os em todas as circunst\u00e2ncias.<\/em><\/p>\n\n\n\n<p>Primeira Leitura:&nbsp;<strong>1 Tim\u00f3teo 1,15-17<\/strong><\/p>\n\n\n\n<p>Leitura da primeira carta de S\u00e3o Paulo a Tim\u00f3teo \u2013 Car\u00edssimo,&nbsp;<sup>15<\/sup>segura e digna de ser acolhida por todos \u00e9 esta palavra: Cristo veio ao mundo para salvar os pecadores. E eu sou o primeiro deles!&nbsp;<sup>16<\/sup>Por isso encontrei miseric\u00f3rdia, para que em mim, como primeiro, Cristo Jesus demonstrasse toda a grandeza de seu cora\u00e7\u00e3o; ele fez de mim um modelo de todos os que crerem nele para alcan\u00e7ar a vida eterna.&nbsp;<sup>17<\/sup>Ao rei dos s\u00e9culos, ao \u00fanico Deus, imortal e invis\u00edvel, honra e gl\u00f3ria pelos s\u00e9culos dos s\u00e9culos. Am\u00e9m! \u2013 Palavra do Senhor.<\/p>\n\n\n\n<p>Salmo Responsorial:&nbsp;<strong>112(113)<\/strong><\/p>\n\n\n\n<p><em><strong>Bendito seja o nome do Senhor,&nbsp;\/&nbsp;agora e para sempre!<\/strong><\/em><\/p>\n\n\n\n<p>1. Louvai, louvai, \u00f3 servos do Senhor,&nbsp;\/&nbsp;louvai, louvai o nome do Senhor!&nbsp;\/&nbsp;Bendito seja o nome do Senhor,&nbsp;\/&nbsp;agora e por toda a eternidade!&nbsp;\u2013 R.<\/p>\n\n\n\n<p>2. Do nascer do sol at\u00e9 o seu ocaso,&nbsp;\/&nbsp;louvado seja o nome do Senhor!&nbsp;\/&nbsp;O Senhor est\u00e1 acima das na\u00e7\u00f5es,&nbsp;\/&nbsp;sua gl\u00f3ria vai al\u00e9m dos altos c\u00e9us.&nbsp;\u2013 R.<\/p>\n\n\n\n<p>3. Quem pode comparar-se ao nosso Deus,&nbsp;\/&nbsp;que se inclina para olhar o c\u00e9u e a terra?&nbsp;\/&nbsp;Levanta da poeira o indigente&nbsp;\/&nbsp;e do lixo ele retira o pobrezinho.&nbsp;\u2013 R.<\/p>\n\n\n\n<p>Evangelho:&nbsp;<strong>Lucas 6,43-49<\/strong><\/p>\n\n\n\n<p><strong><em>Aleluia, aleluia, aleluia.<\/em><\/strong><\/p>\n\n\n\n<p><strong>Quem me ama, realmente, guardar\u00e1 minha Palavra&nbsp;\/&nbsp;e meu Pai o amar\u00e1, e a ele n\u00f3s viremos (Jo 14,23).&nbsp;\u2013 R.<\/strong><\/p>\n\n\n\n<p>Proclama\u00e7\u00e3o do Evangelho de Jesus Cristo segundo Lucas \u2013 Naquele tempo, disse Jesus aos seus disc\u00edpulos:&nbsp;<sup>43<\/sup>\u201cN\u00e3o existe \u00e1rvore boa que d\u00ea frutos ruins nem \u00e1rvore ruim que d\u00ea frutos bons.&nbsp;<sup>44<\/sup>Toda \u00e1rvore \u00e9 reconhecida pelos seus frutos. N\u00e3o se colhem figos de espinheiros nem uvas de plantas espinhosas.&nbsp;<sup>45<\/sup>O homem bom tira coisas boas do bom tesouro do seu cora\u00e7\u00e3o. Mas o homem mau tira coisas m\u00e1s do seu mau tesouro, pois sua boca fala do que o cora\u00e7\u00e3o est\u00e1 cheio.&nbsp;<sup>46<\/sup>Por que me chamais: \u2018Senhor! Senhor!\u2019, mas n\u00e3o fazeis o que eu digo?&nbsp;<sup>47<\/sup>Vou mostrar-vos com quem se parece todo aquele que vem a mim, ouve as minhas palavras e as p\u00f5e em pr\u00e1tica.&nbsp;<sup>48<\/sup>\u00c9 semelhante a um homem que construiu uma casa: cavou fundo e colocou o alicerce sobre a rocha. Veio a enchente, a torrente deu contra a casa, mas n\u00e3o conseguiu derrub\u00e1-la, porque estava bem constru\u00edda.&nbsp;<sup>49<\/sup>Aquele, por\u00e9m, que ouve e n\u00e3o p\u00f5e em pr\u00e1tica \u00e9 semelhante a um homem que construiu uma casa no ch\u00e3o, sem alicerce. A torrente deu contra a casa, e ela imediatamente desabou; e foi grande a ru\u00edna dessa casa\u201d. \u2013 Palavra da salva\u00e7\u00e3o.<\/p>\n\n\n\n<p>Reflex\u00e3o:<\/p>\n\n\n\n<p><em>A primeira parte \u00e9 um alerta de Jesus contra o perigo da falsidade. Ningu\u00e9m se deixe levar pelo aspecto exterior: boa apar\u00eancia, belos discursos, promessas sedutoras. \u00c9 preciso prestar aten\u00e7\u00e3o ao testemunho de vida honesta e de amor sincero. Portanto, o que conta \u00e9 o que vem do \u00edntimo da pessoa. Quem tem consci\u00eancia reta tamb\u00e9m pratica a\u00e7\u00f5es corretas. Antes ou depois, cada um revela o que de fato \u00e9. A segunda parte denuncia uma f\u00e9 vazia, superficial, que n\u00e3o corresponde a uma vida alicer\u00e7ada em Cristo. A casa de nossa vida ter\u00e1 valor aos olhos de Deus se for constru\u00edda sobre o alicerce inabal\u00e1vel da Palavra de Deus. Se n\u00e3o, enganamos a n\u00f3s mesmos e aos outros, pois todos os projetos de vida que n\u00e3o levam em conta Jesus Cristo e seu Reino est\u00e3o destinados a desmoronar.<\/em><\/p>\n","protected":false},"excerpt":{"rendered":"<p>Alegram-se nos c\u00e9us os santos que na terra seguiram a Cristo. Por seu amor, derramaram o pr\u00f3prio sangue; exultar\u00e3o com ele eternamente. Corn\u00e9lio e Cipriano, ambos do s\u00e9culo 3\u00ba, sofreram o mart\u00edrio em&#8230;<\/p>\n","protected":false},"author":2,"featured_media":21091,"comment_status":"open","ping_status":"open","sticky":false,"template":"","format":"standard","meta":[],"categories":[7],"tags":[],"_links":{"self":[{"href":"https:\/\/www.salvatorianas.org.br\/blog\/wp-json\/wp\/v2\/posts\/21090"}],"collection":[{"href":"https:\/\/www.salvatorianas.org.br\/blog\/wp-json\/wp\/v2\/posts"}],"about":[{"href":"https:\/\/www.salvatorianas.org.br\/blog\/wp-json\/wp\/v2\/types\/post"}],"author":[{"embeddable":true,"href":"https:\/\/www.salvatorianas.org.br\/blog\/wp-json\/wp\/v2\/users\/2"}],"replies":[{"embeddable":true,"href":"https:\/\/www.salvatorianas.org.br\/blog\/wp-json\/wp\/v2\/comments?post=21090"}],"version-history":[{"count":1,"href":"https:\/\/www.salvatorianas.org.br\/blog\/wp-json\/wp\/v2\/posts\/21090\/revisions"}],"predecessor-version":[{"id":21092,"href":"https:\/\/www.salvatorianas.org.br\/blog\/wp-json\/wp\/v2\/posts\/21090\/revisions\/21092"}],"wp:featuredmedia":[{"embeddable":true,"href":"https:\/\/www.salvatorianas.org.br\/blog\/wp-json\/wp\/v2\/media\/21091"}],"wp:attachment":[{"href":"https:\/\/www.salvatorianas.org.br\/blog\/wp-json\/wp\/v2\/media?parent=21090"}],"wp:term":[{"taxonomy":"category","embeddable":true,"href":"https:\/\/www.salvatorianas.org.br\/blog\/wp-json\/wp\/v2\/categories?post=21090"},{"taxonomy":"post_tag","embeddable":true,"href":"https:\/\/www.salvatorianas.org.br\/blog\/wp-json\/wp\/v2\/tags?post=21090"}],"curies":[{"name":"wp","href":"https:\/\/api.w.org\/{rel}","templated":true}]}}