{"id":21083,"date":"2023-09-15T01:23:00","date_gmt":"2023-09-15T01:23:00","guid":{"rendered":"https:\/\/www.salvatorianas.org.br\/blog\/?p=21083"},"modified":"2023-09-14T18:26:54","modified_gmt":"2023-09-14T18:26:54","slug":"bem-aventurada-virgem-maria-das-dores-memoria","status":"publish","type":"post","link":"https:\/\/www.salvatorianas.org.br\/blog\/bem-aventurada-virgem-maria-das-dores-memoria\/","title":{"rendered":"Bem-aventurada Virgem Maria das Dores, Mem\u00f3ria"},"content":{"rendered":"\n<p>Sime\u00e3o disse a Maria: Teu filho ser\u00e1 causa de queda e de ressurrei\u00e7\u00e3o para muitos. Ele ser\u00e1 sinal de contradi\u00e7\u00e3o, e teu cora\u00e7\u00e3o ser\u00e1 transpassado como por uma espada (Lc 2,34s).<\/p>\n\n\n\n<p><em>A devo\u00e7\u00e3o a Nossa Senhora das Dores sintetiza as tribula\u00e7\u00f5es de toda a vida de Maria. Ela viveu na pr\u00f3pria alma os sofrimentos do filho. Esta mem\u00f3ria lit\u00fargica foi inserida no calend\u00e1rio romano pelo papa Pio 7\u00ba, servo de Deus, no s\u00e9culo 19. Pe\u00e7amos a Maria que, intercedendo por n\u00f3s, nos ajude a superar as dificuldades e afli\u00e7\u00f5es de nossa caminhada.<\/em><\/p>\n\n\n\n<p>Primeira Leitura:&nbsp;<strong>Hebreus 5,7-9<\/strong><\/p>\n\n\n\n<p>Leitura da carta aos Hebreus \u2013&nbsp;<sup>7<\/sup>Cristo, nos dias de sua vida terrestre, dirigiu preces e s\u00faplicas, com forte clamor e l\u00e1grimas, \u00e0quele que era capaz de salv\u00e1-lo da morte. E foi atendido, por causa de sua entrega a Deus.&nbsp;<sup>8<\/sup>Mesmo sendo Filho, aprendeu o que significa a obedi\u00eancia a Deus por aquilo que ele sofreu.&nbsp;<sup>9<\/sup>Mas, na consuma\u00e7\u00e3o de sua vida, tornou-se causa de salva\u00e7\u00e3o eterna para todos os que lhe obedecem. \u2013 Palavra do Senhor.<\/p>\n\n\n\n<p>Salmo Responsorial:&nbsp;<strong>30(31)<\/strong><\/p>\n\n\n\n<p><em><strong>Salvai-me pela vossa compaix\u00e3o, \u00f3 Senhor Deus!<\/strong><\/em><\/p>\n\n\n\n<p>1. Senhor, eu ponho em v\u00f3s minha esperan\u00e7a;&nbsp;\/&nbsp;que eu n\u00e3o fique envergonhado eternamente!&nbsp;\/&nbsp;Porque sois justo, defendei-me e libertai-me,&nbsp;\/&nbsp;apressai-vos, \u00f3 Senhor, em socorrer-me!&nbsp;\u2013 R.<\/p>\n\n\n\n<p>2. Sede uma rocha protetora para mim,&nbsp;\/&nbsp;um abrigo bem seguro que me salve!&nbsp;\/&nbsp;Sim, sois v\u00f3s a minha rocha e fortaleza;&nbsp;\/&nbsp;por vossa honra, orientai-me e conduzi-me!&nbsp;\u2013 R.<\/p>\n\n\n\n<p>3. Retirai-me desta rede trai\u00e7oeira,&nbsp;\/&nbsp;porque sois o meu ref\u00fagio protetor!&nbsp;\/&nbsp;Em vossas m\u00e3os, Senhor, entrego o meu esp\u00edrito,&nbsp;\/&nbsp;porque v\u00f3s me salvareis, \u00f3 Deus fiel!&nbsp;\u2013 R.<\/p>\n\n\n\n<p>4. A v\u00f3s, por\u00e9m, \u00f3 meu Senhor, eu me confio&nbsp;\/&nbsp;e afirmo que s\u00f3 v\u00f3s sois o meu Deus!&nbsp;\/&nbsp;Eu entrego em vossas m\u00e3os o meu destino;&nbsp;\/&nbsp;libertai-me do inimigo e do opressor!&nbsp;\u2013 R.<\/p>\n\n\n\n<p>5. Como \u00e9 grande, \u00f3 Senhor, vossa bondade,&nbsp;\/&nbsp;que reservastes para aqueles que vos temem!&nbsp;\/&nbsp;Para aqueles que em v\u00f3s se refugiam,&nbsp;\/&nbsp;mostrando, assim, o vosso amor perante os homens.&nbsp;\u2013 R.<\/p>\n\n\n\n<p>Evangelho:&nbsp;<strong>Jo\u00e3o 19,25-27<\/strong><\/p>\n\n\n\n<p><strong><em>Aleluia, aleluia, aleluia.<\/em><\/strong><\/p>\n\n\n\n<p><strong>Feliz a Virgem Maria, que, sem passar pela morte,&nbsp;\/&nbsp;do mart\u00edrio ganha a palma, ao p\u00e9 da cruz do Senhor!&nbsp;\u2013 R.<\/strong><\/p>\n\n\n\n<p>Proclama\u00e7\u00e3o do Evangelho de Jesus Cristo segundo Jo\u00e3o \u2013 Naquele tempo,&nbsp;<sup>25<\/sup>perto da cruz de Jesus, estavam de p\u00e9 a sua m\u00e3e, a irm\u00e3 da sua m\u00e3e, Maria de Cl\u00e9ofas, e Maria Madalena.&nbsp;<sup>26<\/sup>Jesus, ao ver sua m\u00e3e e, ao lado dela, o disc\u00edpulo que ele amava, disse \u00e0 m\u00e3e: \u201cMulher, este \u00e9 o teu filho\u201d.&nbsp;<sup>27<\/sup>Depois disse ao disc\u00edpulo: \u201cEsta \u00e9 a tua m\u00e3e\u201d. Daquela hora em diante, o disc\u00edpulo a acolheu consigo. \u2013 Palavra da salva\u00e7\u00e3o.<\/p>\n\n\n\n<p><strong>Evangelho opcional:&nbsp;Lucas 2,33-35.<\/strong><\/p>\n\n\n\n<p>Reflex\u00e3o:<\/p>\n\n\n\n<p><em>A celebra\u00e7\u00e3o lit\u00fargica das Sete Dores da Virgem foi acolhida no Calend\u00e1rio romano pelo papa Pio VII (s\u00e9culo XVII). Pio X fixou a data definitiva para 15 de setembro, conservada no atual calend\u00e1rio lit\u00fargico que mudou o t\u00edtulo da festa: de Sete Dores de Maria, para Nossa Senhora das Dores. A \u201cpaix\u00e3o\u201d de Maria se concentra na cena em que ela est\u00e1 de p\u00e9 junto \u00e0 cruz de seu Filho. Sabemos, por\u00e9m, que Maria, durante toda a sua vida, com seu cora\u00e7\u00e3o de m\u00e3e, conheceu e experimentou o sofrimento ao ver seu Filho rejeitado pelos advers\u00e1rios. Por isso a devo\u00e7\u00e3o popular enumerou os principais momentos dolorosos de Maria, suas Sete Dores: a profecia de Sime\u00e3o, a fuga para o Egito, a perda de Jesus, o caminho para o Calv\u00e1rio, a crucifica\u00e7\u00e3o, a deposi\u00e7\u00e3o da cruz, o sepultamento de Jesus.<\/em><\/p>\n","protected":false},"excerpt":{"rendered":"<p>Sime\u00e3o disse a Maria: Teu filho ser\u00e1 causa de queda e de ressurrei\u00e7\u00e3o para muitos. Ele ser\u00e1 sinal de contradi\u00e7\u00e3o, e teu cora\u00e7\u00e3o ser\u00e1 transpassado como por uma espada (Lc 2,34s). A devo\u00e7\u00e3o&#8230;<\/p>\n","protected":false},"author":2,"featured_media":21085,"comment_status":"open","ping_status":"open","sticky":false,"template":"","format":"standard","meta":[],"categories":[7],"tags":[],"_links":{"self":[{"href":"https:\/\/www.salvatorianas.org.br\/blog\/wp-json\/wp\/v2\/posts\/21083"}],"collection":[{"href":"https:\/\/www.salvatorianas.org.br\/blog\/wp-json\/wp\/v2\/posts"}],"about":[{"href":"https:\/\/www.salvatorianas.org.br\/blog\/wp-json\/wp\/v2\/types\/post"}],"author":[{"embeddable":true,"href":"https:\/\/www.salvatorianas.org.br\/blog\/wp-json\/wp\/v2\/users\/2"}],"replies":[{"embeddable":true,"href":"https:\/\/www.salvatorianas.org.br\/blog\/wp-json\/wp\/v2\/comments?post=21083"}],"version-history":[{"count":1,"href":"https:\/\/www.salvatorianas.org.br\/blog\/wp-json\/wp\/v2\/posts\/21083\/revisions"}],"predecessor-version":[{"id":21086,"href":"https:\/\/www.salvatorianas.org.br\/blog\/wp-json\/wp\/v2\/posts\/21083\/revisions\/21086"}],"wp:featuredmedia":[{"embeddable":true,"href":"https:\/\/www.salvatorianas.org.br\/blog\/wp-json\/wp\/v2\/media\/21085"}],"wp:attachment":[{"href":"https:\/\/www.salvatorianas.org.br\/blog\/wp-json\/wp\/v2\/media?parent=21083"}],"wp:term":[{"taxonomy":"category","embeddable":true,"href":"https:\/\/www.salvatorianas.org.br\/blog\/wp-json\/wp\/v2\/categories?post=21083"},{"taxonomy":"post_tag","embeddable":true,"href":"https:\/\/www.salvatorianas.org.br\/blog\/wp-json\/wp\/v2\/tags?post=21083"}],"curies":[{"name":"wp","href":"https:\/\/api.w.org\/{rel}","templated":true}]}}