{"id":2106,"date":"2015-06-11T00:00:00","date_gmt":"2015-06-11T00:00:00","guid":{"rendered":"https:\/\/www.salvatorianas.org.br\/blog\/o-trafico-de-seres-humanos-novo-areopago-da-vida-consagrada-na-america-latina\/"},"modified":"2015-06-11T00:00:00","modified_gmt":"2015-06-11T00:00:00","slug":"o-trafico-de-seres-humanos-novo-areopago-da-vida-consagrada-na-america-latina","status":"publish","type":"post","link":"https:\/\/www.salvatorianas.org.br\/blog\/o-trafico-de-seres-humanos-novo-areopago-da-vida-consagrada-na-america-latina\/","title":{"rendered":"O tr\u00e1fico de seres humanos: novo are\u00f3pago da vida consagrada na Am\u00e9rica Latina"},"content":{"rendered":"<p style=\"text-align: justify;\">[imagem3]<\/p>\n<p style=\"text-align: justify;\">&nbsp;<\/p>\n<p style=\"text-align: justify;\">Durante o Congresso da Vida Consagrada, organizado pela Confer&ecirc;ncia Latino-Americana dos Religiosos (Clar), a se realizar em Bogot&aacute;, Col&ocirc;mbia, de 18 a 21 de junho, haver&aacute; a mesa-redonda &#8220;O tr&aacute;fico de seres humanos: um novo are&oacute;pago onde a vida grita, interpela e desafia a Vida Consagrada&rdquo;. A mesa ser&aacute; presidida pela Irm&atilde; Genoveva Nieto, HC, que tem longa experi&ecirc;ncia na pastoral das periferias para libertar as mulheres deste flagelo.<\/p>\n<p style=\"text-align: justify;\">Segundo os organizadores, &ldquo;os workshop d&atilde;o &lsquo;esp&iacute;rito e vida&rsquo; ao Congresso&rdquo;, que &eacute; caracterizado por uma forte proje&ccedil;&atilde;o sobre o futuro da vida consagrada e, por isso, &ldquo;precisa de perspectivas sugestivas, de germes e est&iacute;mulos. Portanto, eles s&atilde;o &lsquo;fogo que acende outros fogos&rsquo; diante da urg&ecirc;ncia de promover e acompanhar novas comunidades de Vida Consagrada, com o compromisso com a nova evangeliza&ccedil;&atilde;o, por uma Igreja em sa&iacute;da e dos pobres e para a chegada do Reino&rdquo;.<\/p>\n<p style=\"text-align: justify;\">O Congresso tem o tema &ldquo;Horizontes de novidades ao viver os nossos carismas hoje&rdquo; e dentre os objetivos concretos, quer-se &ldquo;propor alternativas novas na Vida Consagrada, identificar os caminhos para uma Vida Consagrada disc&iacute;pula mission&aacute;ria&rdquo;. O tema do tr&aacute;fico de seres humanos foi levado em considera&ccedil;&atilde;o pela CLAR desde 2013, no Panam&aacute;, quando se realizou um semin&aacute;rio para verificar a gravidade do problema e o compromisso neste setor de muitas comunidades religiosas em diversas partes do continente latino-americano.<\/p>\n<p style=\"text-align: justify;\"><strong>Miss&atilde;o para Libertar<\/strong><\/p>\n<p style=\"text-align: justify;\">A Campanha Mission&aacute;ria de 2014 que trouxe em seu tema &ldquo;Miss&atilde;o para Libertar&rdquo;, denunciou em um dos dias da novena a escravid&atilde;o e explora&ccedil;&atilde;o sexual no mundo. O v&iacute;deo abaixo apresenta o testemunho da irm&atilde; Eugenia Bonetti, que trabalham contra esse tipo de explora&ccedil;&atilde;o h&aacute; 24 anos.<\/p>\n<p style=\"text-align: justify;\"><object data=\"http:\/\/www.youtube.com\/v\/GS7ChoJN-0g\" type=\"application\/x-shockwave-flash\" width=\"500\" height=\"412\"><\/object><\/p>\n<p style=\"text-align: justify;\"><strong>O tr&aacute;fico humano<\/strong><\/p>\n<p style=\"text-align: justify;\">O tr&aacute;fico humano, tamb&eacute;m chamado de tr&aacute;fico de pessoas, &eacute; uma das atividades ilegais que mais se expandiu no s&eacute;culo XXI. Na busca por melhores condi&ccedil;&otilde;es de vida, muitas pessoas s&atilde;o ludibriadas por criminosos que oferecem empregos com alta remunera&ccedil;&atilde;o. Esses &ldquo;agentes&rdquo; atuam em escala regional, nacional e internacional, privando a liberdade de indiv&iacute;duos que sonham um futuro melhor.<\/p>\n<p style=\"text-align: justify;\">De acordo com o Protocolo Adicional &agrave; Conven&ccedil;&atilde;o das Na&ccedil;&otilde;es Unidas contra o Crime Organizado Transnacional relativo &agrave; Preven&ccedil;&atilde;o, Repress&atilde;o e Puni&ccedil;&atilde;o do Tr&aacute;fico de Pessoas, em especial de Mulheres e Crian&ccedil;as, o tr&aacute;fico humano &eacute; caracterizado como: &ldquo;o recrutamento, o transporte, a transfer&ecirc;ncia, o alojamento ou acolhimento de pessoas, recorrendo &agrave; amea&ccedil;a ou uso da for&ccedil;a ou outras formas de coa&ccedil;&atilde;o, ao rapto, &agrave; fraude, ao engano, ao abuso de autoridade ou &agrave; situa&ccedil;&atilde;o de vulnerabilidade ou &agrave; entrega ou aceita&ccedil;&atilde;o de pagamentos ou benef&iacute;cios para obter o consentimento de uma pessoa que tenha autoridade sobre outra para fins de explora&ccedil;&atilde;o.&rdquo;<\/p>\n<p>Fonte: POM<\/p>\n","protected":false},"excerpt":{"rendered":"<p>[imagem3] &nbsp; Durante o Congresso da Vida Consagrada, organizado pela Confer&ecirc;ncia Latino-Americana dos Religiosos (Clar), a se realizar em Bogot&aacute;, Col&ocirc;mbia, de 18 a 21 de junho, haver&aacute; a mesa-redonda &#8220;O tr&aacute;fico de&#8230;<\/p>\n","protected":false},"author":1,"featured_media":2453,"comment_status":"open","ping_status":"open","sticky":false,"template":"","format":"standard","meta":[],"categories":[1],"tags":[],"_links":{"self":[{"href":"https:\/\/www.salvatorianas.org.br\/blog\/wp-json\/wp\/v2\/posts\/2106"}],"collection":[{"href":"https:\/\/www.salvatorianas.org.br\/blog\/wp-json\/wp\/v2\/posts"}],"about":[{"href":"https:\/\/www.salvatorianas.org.br\/blog\/wp-json\/wp\/v2\/types\/post"}],"author":[{"embeddable":true,"href":"https:\/\/www.salvatorianas.org.br\/blog\/wp-json\/wp\/v2\/users\/1"}],"replies":[{"embeddable":true,"href":"https:\/\/www.salvatorianas.org.br\/blog\/wp-json\/wp\/v2\/comments?post=2106"}],"version-history":[{"count":0,"href":"https:\/\/www.salvatorianas.org.br\/blog\/wp-json\/wp\/v2\/posts\/2106\/revisions"}],"wp:featuredmedia":[{"embeddable":true,"href":"https:\/\/www.salvatorianas.org.br\/blog\/wp-json\/wp\/v2\/media\/2453"}],"wp:attachment":[{"href":"https:\/\/www.salvatorianas.org.br\/blog\/wp-json\/wp\/v2\/media?parent=2106"}],"wp:term":[{"taxonomy":"category","embeddable":true,"href":"https:\/\/www.salvatorianas.org.br\/blog\/wp-json\/wp\/v2\/categories?post=2106"},{"taxonomy":"post_tag","embeddable":true,"href":"https:\/\/www.salvatorianas.org.br\/blog\/wp-json\/wp\/v2\/tags?post=2106"}],"curies":[{"name":"wp","href":"https:\/\/api.w.org\/{rel}","templated":true}]}}