{"id":21057,"date":"2023-09-14T01:59:00","date_gmt":"2023-09-14T01:59:00","guid":{"rendered":"https:\/\/www.salvatorianas.org.br\/blog\/?p=21057"},"modified":"2023-09-11T17:00:50","modified_gmt":"2023-09-11T17:00:50","slug":"exaltacao-da-santa-cruz-festa-ano-a","status":"publish","type":"post","link":"https:\/\/www.salvatorianas.org.br\/blog\/exaltacao-da-santa-cruz-festa-ano-a\/","title":{"rendered":"Exalta\u00e7\u00e3o da Santa Cruz, Festa, Ano A"},"content":{"rendered":"\n<p>A cruz de nosso Senhor Jesus Cristo deve ser a nossa gl\u00f3ria: nele est\u00e1 nossa vida e ressurrei\u00e7\u00e3o; foi ele que nos salvou e libertou (Gl 6,14).<\/p>\n\n\n\n<p><em>A festa de hoje relaciona-se \u00e0 dedica\u00e7\u00e3o de duas importantes bas\u00edlicas do s\u00e9culo 4\u00ba: uma no G\u00f3lgota e outra sobre o santo sepulcro. Pelo mist\u00e9rio da cruz, Deus, na pessoa do seu Filho, estabelece uma rela\u00e7\u00e3o de amor com cada um de n\u00f3s: \u201cEle carregou nossos pecados em seu corpo, no madeiro, a fim de que, mortos para os pecados, vivamos para a justi\u00e7a\u201d (1Pd 2,24). Lembremos tantos irm\u00e3os e irm\u00e3s perseguidos e mortos por causa de sua fidelidade a Cristo.<\/em><\/p>\n\n\n\n<p>Primeira Leitura:&nbsp;<strong>N\u00fameros 21,4-9<\/strong><\/p>\n\n\n\n<p>Leitura do livro dos N\u00fameros \u2013 Naqueles dias,&nbsp;<sup>4<\/sup>os filhos de Israel partiram do monte Hor, pelo caminho que leva ao mar Vermelho, para contornarem o pa\u00eds de Edom. Durante a viagem, o povo come\u00e7ou a impacientar-se&nbsp;<sup>5<\/sup>e se p\u00f4s a falar contra Deus e contra Mois\u00e9s, dizendo: \u201cPor que nos fizestes sair do Egito para morrermos no deserto? N\u00e3o h\u00e1 p\u00e3o, falta \u00e1gua, e j\u00e1 estamos com nojo desse alimento miser\u00e1vel\u201d.&nbsp;<sup>6<\/sup>Ent\u00e3o o Senhor mandou contra o povo serpentes venenosas, que os mordiam; e morreu muita gente em Israel.&nbsp;<sup>7<\/sup>O povo foi ter com Mois\u00e9s e disse: \u201cPecamos, falando contra o Senhor e contra ti. Roga ao Senhor que afaste de n\u00f3s as serpentes\u201d. Mois\u00e9s intercedeu pelo povo,&nbsp;<sup>8<\/sup>e o Senhor respondeu: \u201cFaze uma serpente de bronze e coloca-a como sinal sobre uma haste; aquele que for mordido e olhar para ela viver\u00e1\u201d.&nbsp;<sup>9<\/sup>Mois\u00e9s fez, pois, uma serpente de bronze e colocou-a como sinal sobre uma haste. Quando algu\u00e9m era mordido por uma serpente e olhava para a serpente de bronze, ficava curado. \u2013 Palavra do Senhor.<\/p>\n\n\n\n<p><strong>Leitura opcional:&nbsp;Filipenses 2,6-11.<\/strong><\/p>\n\n\n\n<p>Salmo Responsorial:&nbsp;<strong>77(78)<\/strong><\/p>\n\n\n\n<p><em><strong>Das obras do Senhor, \u00f3 meu povo, n\u00e3o te esque\u00e7as!<\/strong><\/em><\/p>\n\n\n\n<p>1. Escuta, \u00f3 meu povo, a minha lei,&nbsp;\/&nbsp;ouve atento as palavras que eu te digo;&nbsp;\/&nbsp;abrirei a minha boca em par\u00e1bolas,&nbsp;\/&nbsp;os mist\u00e9rios do passado lembrarei.&nbsp;\u2013 R.<\/p>\n\n\n\n<p>2. Quando os feria, eles ent\u00e3o o procuravam,&nbsp;\/&nbsp;convertiam-se, correndo para ele;&nbsp;\/&nbsp;recordavam que o Senhor \u00e9 sua rocha&nbsp;\/&nbsp;e que Deus, seu redentor, \u00e9 o Deus alt\u00edssimo.&nbsp;\u2013 R.<\/p>\n\n\n\n<p>3. Mas apenas o honravam com seus l\u00e1bios&nbsp;\/&nbsp;e mentiam ao Senhor com suas l\u00ednguas;&nbsp;\/&nbsp;seus cora\u00e7\u00f5es enganadores eram falsos&nbsp;\/&nbsp;e, infi\u00e9is, eles rompiam a Alian\u00e7a.&nbsp;\u2013 R.<\/p>\n\n\n\n<p>4. Mas o Senhor, sempre benigno e compassivo,&nbsp;\/&nbsp;n\u00e3o os matava e perdoava seu pecado;&nbsp;\/&nbsp;quantas vezes dominou a sua ira&nbsp;\/&nbsp;e n\u00e3o deu largas \u00e0 vaz\u00e3o de seu furor.&nbsp;\u2013 R.<\/p>\n\n\n\n<p>Evangelho:&nbsp;<strong>Jo\u00e3o 3,13-17<\/strong><\/p>\n\n\n\n<p><strong><em>Aleluia, aleluia, aleluia.<\/em><\/strong><\/p>\n\n\n\n<p><strong>N\u00f3s vos adoramos, Senhor Jesus Cristo, e vos bendizemos,&nbsp;\/&nbsp;porque pela cruz remistes o mundo!&nbsp;\u2013 R.<\/strong><\/p>\n\n\n\n<p>Proclama\u00e7\u00e3o do Evangelho de Jesus Cristo segundo Jo\u00e3o \u2013 Naquele tempo, disse Jesus a Nicodemos:&nbsp;<sup>13<\/sup>\u201cNingu\u00e9m subiu ao c\u00e9u, a n\u00e3o ser aquele que desceu do c\u00e9u, o Filho do Homem.&nbsp;<sup>14<\/sup>Do mesmo modo como Mois\u00e9s levantou a serpente no deserto, assim \u00e9 necess\u00e1rio que o Filho do Homem seja levantado,&nbsp;<sup>15<\/sup>para que todos os que nele crerem tenham a vida eterna.&nbsp;<sup>16<\/sup>Pois Deus amou tanto o mundo, que deu o seu Filho unig\u00eanito para que n\u00e3o morra todo o que nele crer, mas tenha a vida eterna.&nbsp;<sup>17<\/sup>De fato, Deus n\u00e3o enviou o seu Filho ao mundo para condenar o mundo, mas para que o mundo seja salvo por ele\u201d. \u2013 Palavra da salva\u00e7\u00e3o.<\/p>\n\n\n\n<p>Reflex\u00e3o:<\/p>\n\n\n\n<p><em>O imperador Constantino mandou construir em Jerusal\u00e9m duas bas\u00edlicas, uma sobre o G\u00f3lgota (morte de Jesus), e outra sobre o sepulcro de Jesus. A dedica\u00e7\u00e3o dessas bas\u00edlicas se realizou em 13 de setembro do ano 335. No dia seguinte, lembrando o significado profundo das duas igrejas, mostrou-se ao povo o que restava do lenho da cruz do Salvador. Anualmente se repete esse ritual. Da\u00ed originou-se a celebra\u00e7\u00e3o do dia 14 de setembro, que se faz tamb\u00e9m em Roma, desde o s\u00e9culo VII. \u201cA cruz \u00e9, ao mesmo tempo, o sofrimento e o trof\u00e9u de Deus. \u00c9 seu sofrimento, porque foi nela que ele morreu voluntariamente; ela \u00e9 seu triunfo, porque o diabo foi ferido e derrotado e, com ele, foi vencida a morte. A cruz \u00e9 proclamada como gl\u00f3ria de Cristo e sua exalta\u00e7\u00e3o\u201d (Santo Andr\u00e9 de Creta, s\u00e9culo VII).<\/em><\/p>\n","protected":false},"excerpt":{"rendered":"<p>A cruz de nosso Senhor Jesus Cristo deve ser a nossa gl\u00f3ria: nele est\u00e1 nossa vida e ressurrei\u00e7\u00e3o; foi ele que nos salvou e libertou (Gl 6,14). A festa de hoje relaciona-se \u00e0&#8230;<\/p>\n","protected":false},"author":2,"featured_media":21058,"comment_status":"open","ping_status":"open","sticky":false,"template":"","format":"standard","meta":[],"categories":[7],"tags":[],"_links":{"self":[{"href":"https:\/\/www.salvatorianas.org.br\/blog\/wp-json\/wp\/v2\/posts\/21057"}],"collection":[{"href":"https:\/\/www.salvatorianas.org.br\/blog\/wp-json\/wp\/v2\/posts"}],"about":[{"href":"https:\/\/www.salvatorianas.org.br\/blog\/wp-json\/wp\/v2\/types\/post"}],"author":[{"embeddable":true,"href":"https:\/\/www.salvatorianas.org.br\/blog\/wp-json\/wp\/v2\/users\/2"}],"replies":[{"embeddable":true,"href":"https:\/\/www.salvatorianas.org.br\/blog\/wp-json\/wp\/v2\/comments?post=21057"}],"version-history":[{"count":1,"href":"https:\/\/www.salvatorianas.org.br\/blog\/wp-json\/wp\/v2\/posts\/21057\/revisions"}],"predecessor-version":[{"id":21059,"href":"https:\/\/www.salvatorianas.org.br\/blog\/wp-json\/wp\/v2\/posts\/21057\/revisions\/21059"}],"wp:featuredmedia":[{"embeddable":true,"href":"https:\/\/www.salvatorianas.org.br\/blog\/wp-json\/wp\/v2\/media\/21058"}],"wp:attachment":[{"href":"https:\/\/www.salvatorianas.org.br\/blog\/wp-json\/wp\/v2\/media?parent=21057"}],"wp:term":[{"taxonomy":"category","embeddable":true,"href":"https:\/\/www.salvatorianas.org.br\/blog\/wp-json\/wp\/v2\/categories?post=21057"},{"taxonomy":"post_tag","embeddable":true,"href":"https:\/\/www.salvatorianas.org.br\/blog\/wp-json\/wp\/v2\/tags?post=21057"}],"curies":[{"name":"wp","href":"https:\/\/api.w.org\/{rel}","templated":true}]}}