{"id":21048,"date":"2023-09-12T01:51:00","date_gmt":"2023-09-12T01:51:00","guid":{"rendered":"https:\/\/www.salvatorianas.org.br\/blog\/?p=21048"},"modified":"2023-09-11T16:54:10","modified_gmt":"2023-09-11T16:54:10","slug":"sao-joao-crisostomo-bispo-e-doutor-da-igreja-memoria","status":"publish","type":"post","link":"https:\/\/www.salvatorianas.org.br\/blog\/sao-joao-crisostomo-bispo-e-doutor-da-igreja-memoria\/","title":{"rendered":"23\u00aa Semana do Tempo Comum, Ano \u00cdmpar (I)"},"content":{"rendered":"\n<p>V\u00f3s sois justo, Senhor, e justa \u00e9 a vossa senten\u00e7a; tratai o vosso servo segundo a vossa miseric\u00f3rdia (Sl 118,137.124).<\/p>\n\n\n\n<p><em>Pelo batismo nos tornamos participantes da morte e ressurrei\u00e7\u00e3o do Senhor. Por isso, somos exortados a continuar \u201cenraizados nele e edificados sobre ele, apoiados na f\u00e9\u201d. Demos gra\u00e7as a Deus pela vida nova que recebemos por Cristo e pelo chamado \u00e0 miss\u00e3o que ele dia a dia nos faz.<\/em><\/p>\n\n\n\n<p>Primeira Leitura:&nbsp;<strong>Colossenses 2,6-15<\/strong><\/p>\n\n\n\n<p>Leitura da carta de S\u00e3o Paulo aos Colossenses \u2013 Irm\u00e3os,&nbsp;<sup>6<\/sup>assim como aceitastes a Cristo Jesus como Senhor, assim continuai a guiar-vos por ele:&nbsp;<sup>7<\/sup>enraizados nele e edificados sobre ele, apoiados na f\u00e9 que vos foi ensinada, dando-lhe muitas a\u00e7\u00f5es de gra\u00e7as.&nbsp;<sup>8<\/sup>Estai alerta, para que ningu\u00e9m vos enrede com sua filosofia e com doutrina falsa, baseando-se em tradi\u00e7\u00e3o humana e remontando \u00e0s for\u00e7as elementares do mundo, sem se fundamentar em Cristo.&nbsp;<sup>9<\/sup>Pois nele habita corporalmente toda a plenitude da divindade.&nbsp;<sup>10<\/sup>Dele tamb\u00e9m v\u00f3s estais repletos, pois ele \u00e9 a Cabe\u00e7a de todas as for\u00e7as e de todos os poderes.&nbsp;<sup>11<\/sup>Nele v\u00f3s tamb\u00e9m recebestes uma circuncis\u00e3o, n\u00e3o feita por m\u00e3o humana, mas uma circuncis\u00e3o que \u00e9 de Cristo, pela qual renunciais ao corpo perec\u00edvel.&nbsp;<sup>12<\/sup>Com Cristo fostes sepultados no batismo; com ele tamb\u00e9m fostes ressuscitados por meio da f\u00e9 no poder de Deus, que ressuscitou a Cristo dentre os mortos.&nbsp;<sup>13<\/sup>Ora, v\u00f3s est\u00e1veis mortos por causa dos vossos pecados, e vossos corpos n\u00e3o tinham recebido a circuncis\u00e3o, at\u00e9 que Deus vos trouxe para a vida, junto com Cristo, e a todos n\u00f3s perdoou os pecados.&nbsp;<sup>14<\/sup>Existia contra n\u00f3s uma conta a ser paga, mas ele a cancelou, apesar das obriga\u00e7\u00f5es legais, e a eliminou, pregando-a na cruz.&nbsp;<sup>15<\/sup>Ele despojou as autoridades e os poderes sobre-humanos e os exp\u00f4s publicamente em espet\u00e1culo, levando-os em cortejo triunfal. \u2013 Palavra do Senhor.<\/p>\n\n\n\n<p>Salmo Responsorial:&nbsp;<strong>144(145)<\/strong><\/p>\n\n\n\n<p><em><strong>O Senhor \u00e9 muito bom para com todos.<\/strong><\/em><\/p>\n\n\n\n<p>1. \u00d3 meu Deus, quero exaltar-vos, \u00f3 meu rei,&nbsp;\/&nbsp;e bendizer o vosso nome pelos s\u00e9culos.&nbsp;\/&nbsp;Todos os dias haverei de bendizer-vos,&nbsp;\/&nbsp;hei de louvar o vosso nome para sempre.&nbsp;\u2013 R.<\/p>\n\n\n\n<p>2. Miseric\u00f3rdia e piedade \u00e9 o Senhor,&nbsp;\/&nbsp;ele \u00e9 amor, \u00e9 paci\u00eancia, \u00e9 compaix\u00e3o.&nbsp;\/&nbsp;O Senhor \u00e9 muito bom para com todos,&nbsp;\/&nbsp;sua ternura abra\u00e7a toda criatura.&nbsp;\u2013 R.<\/p>\n\n\n\n<p>3. Que vossas obras, \u00f3 Senhor, vos glorifiquem&nbsp;\/&nbsp;e os vossos santos, com louvores, vos bendigam!&nbsp;\/&nbsp;Narrem a gl\u00f3ria e o esplendor do vosso reino&nbsp;\/&nbsp;e saibam proclamar vosso poder!&nbsp;\u2013 R.<\/p>\n\n\n\n<p>Evangelho:&nbsp;<strong>Lucas 6,12-19<\/strong><\/p>\n\n\n\n<p><strong><em>Aleluia, aleluia, aleluia.<\/em><\/strong><\/p>\n\n\n\n<p><strong>Eu vos escolhi a fim de que deis,&nbsp;\/&nbsp;no meio do mundo, um fruto que dure (Jo 15,16).&nbsp;\u2013 R.<\/strong><\/p>\n\n\n\n<p>Proclama\u00e7\u00e3o do Evangelho de Jesus Cristo segundo Lucas \u2013&nbsp;<sup>12<\/sup>Naqueles dias, Jesus foi \u00e0 montanha para rezar. E passou a noite toda em ora\u00e7\u00e3o a Deus.&nbsp;<sup>13<\/sup>Ao amanhecer, chamou seus disc\u00edpulos e escolheu doze dentre eles, aos quais deu o nome de ap\u00f3stolos:&nbsp;<sup>14<\/sup>Sim\u00e3o, a quem imp\u00f4s o nome de Pedro, e seu irm\u00e3o Andr\u00e9; Tiago e Jo\u00e3o; Filipe e Bartolomeu;<sup>&nbsp;15<\/sup>Mateus e Tom\u00e9; Tiago, filho de Alfeu, e Sim\u00e3o, chamado Zelota;&nbsp;<sup>16<\/sup>Judas, filho de Tiago, e Judas Iscariotes, aquele que se tornou traidor.&nbsp;<sup>17<\/sup>Jesus desceu da montanha com eles e parou num lugar plano. Ali estavam muitos dos seus disc\u00edpulos e grande multid\u00e3o de gente de toda a Judeia e de Jerusal\u00e9m, do litoral de Tiro e Sid\u00f4nia.&nbsp;<sup>18<\/sup>Vieram para ouvir Jesus e serem curados de suas doen\u00e7as. E aqueles que estavam atormentados por esp\u00edritos maus tamb\u00e9m foram curados.<sup>&nbsp;19<\/sup>A multid\u00e3o toda procurava tocar em Jesus, porque uma for\u00e7a sa\u00eda dele e curava a todos. \u2013 Palavra da salva\u00e7\u00e3o.<\/p>\n\n\n\n<p>Reflex\u00e3o:<\/p>\n\n\n\n<p><em>Lucas condensa aqui v\u00e1rias informa\u00e7\u00f5es importantes sobre o minist\u00e9rio de Jesus. A primeira \u00e9 que ele sobe \u00e0 montanha e passa a noite inteira em ora\u00e7\u00e3o a Deus. Nesse col\u00f3quio com o Pai, Jesus se prepara para a escolha que est\u00e1 prestes a fazer: selecionar e nomear, dentre seus disc\u00edpulos, os doze ap\u00f3stolos, aos quais vai dedicar uma forma\u00e7\u00e3o especial. Era a maneira de garantir a miss\u00e3o da Igreja. Ao descer da montanha, juntamente com os disc\u00edpulos, Jesus se depara com outros disc\u00edpulos e com imensa multid\u00e3o, sedentos de ouvir sua palavra e serem curados de suas doen\u00e7as. A escolha dos ap\u00f3stolos n\u00e3o fez Jesus esquecer as massas aflitas e abandonadas. Uma nota pr\u00f3pria de Lucas \u00e9 a energia boa que de Jesus procede e que \u00e9 capaz de curar a todos. Claro que \u201ctoda a multid\u00e3o\u201d queria tocar nele!<\/em><\/p>\n","protected":false},"excerpt":{"rendered":"<p>V\u00f3s sois justo, Senhor, e justa \u00e9 a vossa senten\u00e7a; tratai o vosso servo segundo a vossa miseric\u00f3rdia (Sl 118,137.124). Pelo batismo nos tornamos participantes da morte e ressurrei\u00e7\u00e3o do Senhor. Por isso,&#8230;<\/p>\n","protected":false},"author":2,"featured_media":21049,"comment_status":"open","ping_status":"open","sticky":false,"template":"","format":"standard","meta":[],"categories":[7],"tags":[],"_links":{"self":[{"href":"https:\/\/www.salvatorianas.org.br\/blog\/wp-json\/wp\/v2\/posts\/21048"}],"collection":[{"href":"https:\/\/www.salvatorianas.org.br\/blog\/wp-json\/wp\/v2\/posts"}],"about":[{"href":"https:\/\/www.salvatorianas.org.br\/blog\/wp-json\/wp\/v2\/types\/post"}],"author":[{"embeddable":true,"href":"https:\/\/www.salvatorianas.org.br\/blog\/wp-json\/wp\/v2\/users\/2"}],"replies":[{"embeddable":true,"href":"https:\/\/www.salvatorianas.org.br\/blog\/wp-json\/wp\/v2\/comments?post=21048"}],"version-history":[{"count":2,"href":"https:\/\/www.salvatorianas.org.br\/blog\/wp-json\/wp\/v2\/posts\/21048\/revisions"}],"predecessor-version":[{"id":21052,"href":"https:\/\/www.salvatorianas.org.br\/blog\/wp-json\/wp\/v2\/posts\/21048\/revisions\/21052"}],"wp:featuredmedia":[{"embeddable":true,"href":"https:\/\/www.salvatorianas.org.br\/blog\/wp-json\/wp\/v2\/media\/21049"}],"wp:attachment":[{"href":"https:\/\/www.salvatorianas.org.br\/blog\/wp-json\/wp\/v2\/media?parent=21048"}],"wp:term":[{"taxonomy":"category","embeddable":true,"href":"https:\/\/www.salvatorianas.org.br\/blog\/wp-json\/wp\/v2\/categories?post=21048"},{"taxonomy":"post_tag","embeddable":true,"href":"https:\/\/www.salvatorianas.org.br\/blog\/wp-json\/wp\/v2\/tags?post=21048"}],"curies":[{"name":"wp","href":"https:\/\/api.w.org\/{rel}","templated":true}]}}