{"id":21038,"date":"2023-09-11T12:31:03","date_gmt":"2023-09-11T12:31:03","guid":{"rendered":"https:\/\/www.salvatorianas.org.br\/blog\/?p=21038"},"modified":"2023-09-12T14:00:05","modified_gmt":"2023-09-12T14:00:05","slug":"renovacao-dos-compromissos-dos-leigos-salvatorianos-chimoio-mocambique","status":"publish","type":"post","link":"https:\/\/www.salvatorianas.org.br\/blog\/renovacao-dos-compromissos-dos-leigos-salvatorianos-chimoio-mocambique\/","title":{"rendered":"Renova\u00e7\u00e3o dos compromissos dos Leigos salvatorianos &#8211; Chimoio, Mo\u00e7ambique"},"content":{"rendered":"\n<p><\/p>\n\n\n\n<p>Aconteceu no dia 10 de Setembro a renova\u00e7\u00e3o do compromisso dos 31 leigos Salvatorianos na par\u00f3quia de S\u00e3o Mateus, Chimoio, Mo\u00e7ambique e de tr\u00eas leigas de Messica, Mo\u00e7ambique que tamb\u00e9m se fizeram presentes para juntos celebrar este dia t\u00e3o significativo para eles e para toda a fam\u00edlia salvatoriana.<\/p>\n\n\n\n<p>Ap\u00f3s a celebra\u00e7\u00e3o eucar\u00edstica, os leigos e irm\u00e3s se confraternizaram num almo\u00e7o festivo. &nbsp;Foi um momento de muita partilha, alegria e divers\u00e3o. Por fim tiveram um momento de avalia\u00e7\u00e3o que contou com a participa\u00e7\u00e3o ativa dos membros integrantes do grupo e ora\u00e7\u00e3o final.&nbsp;<\/p>\n\n\n\n<figure class=\"wp-block-image size-large\"><img decoding=\"async\" loading=\"lazy\" width=\"1024\" height=\"465\" src=\"https:\/\/www.salvatorianas.org.br\/blog\/wp-content\/uploads\/2023\/09\/1-1-1024x465.jpg\" alt=\"\" class=\"wp-image-21040\" srcset=\"https:\/\/www.salvatorianas.org.br\/blog\/wp-content\/uploads\/2023\/09\/1-1-1024x465.jpg 1024w, https:\/\/www.salvatorianas.org.br\/blog\/wp-content\/uploads\/2023\/09\/1-1-300x136.jpg 300w, https:\/\/www.salvatorianas.org.br\/blog\/wp-content\/uploads\/2023\/09\/1-1-768x349.jpg 768w, https:\/\/www.salvatorianas.org.br\/blog\/wp-content\/uploads\/2023\/09\/1-1-1536x697.jpg 1536w, https:\/\/www.salvatorianas.org.br\/blog\/wp-content\/uploads\/2023\/09\/1-1-2048x930.jpg 2048w\" sizes=\"(max-width: 1024px) 100vw, 1024px\" \/><\/figure>\n\n\n\n<p><\/p>\n\n\n\n<figure class=\"wp-block-image size-large\"><img decoding=\"async\" loading=\"lazy\" width=\"1024\" height=\"634\" src=\"https:\/\/www.salvatorianas.org.br\/blog\/wp-content\/uploads\/2023\/09\/2-1-1024x634.jpg\" alt=\"\" class=\"wp-image-21041\" srcset=\"https:\/\/www.salvatorianas.org.br\/blog\/wp-content\/uploads\/2023\/09\/2-1-1024x634.jpg 1024w, https:\/\/www.salvatorianas.org.br\/blog\/wp-content\/uploads\/2023\/09\/2-1-300x186.jpg 300w, https:\/\/www.salvatorianas.org.br\/blog\/wp-content\/uploads\/2023\/09\/2-1-768x475.jpg 768w, https:\/\/www.salvatorianas.org.br\/blog\/wp-content\/uploads\/2023\/09\/2-1-1536x951.jpg 1536w, https:\/\/www.salvatorianas.org.br\/blog\/wp-content\/uploads\/2023\/09\/2-1.jpg 1546w\" sizes=\"(max-width: 1024px) 100vw, 1024px\" \/><\/figure>\n\n\n\n<p><\/p>\n\n\n\n<figure class=\"wp-block-image size-large\"><img decoding=\"async\" loading=\"lazy\" width=\"1024\" height=\"620\" src=\"https:\/\/www.salvatorianas.org.br\/blog\/wp-content\/uploads\/2023\/09\/3-1-1024x620.jpg\" alt=\"\" class=\"wp-image-21042\" srcset=\"https:\/\/www.salvatorianas.org.br\/blog\/wp-content\/uploads\/2023\/09\/3-1-1024x620.jpg 1024w, https:\/\/www.salvatorianas.org.br\/blog\/wp-content\/uploads\/2023\/09\/3-1-300x182.jpg 300w, https:\/\/www.salvatorianas.org.br\/blog\/wp-content\/uploads\/2023\/09\/3-1-768x465.jpg 768w, https:\/\/www.salvatorianas.org.br\/blog\/wp-content\/uploads\/2023\/09\/3-1-1536x929.jpg 1536w, https:\/\/www.salvatorianas.org.br\/blog\/wp-content\/uploads\/2023\/09\/3-1.jpg 1755w\" sizes=\"(max-width: 1024px) 100vw, 1024px\" \/><\/figure>\n\n\n\n<p><\/p>\n\n\n\n<figure class=\"wp-block-image size-large\"><img decoding=\"async\" loading=\"lazy\" width=\"1024\" height=\"494\" src=\"https:\/\/www.salvatorianas.org.br\/blog\/wp-content\/uploads\/2023\/09\/4-1-1024x494.jpg\" alt=\"\" class=\"wp-image-21043\" srcset=\"https:\/\/www.salvatorianas.org.br\/blog\/wp-content\/uploads\/2023\/09\/4-1-1024x494.jpg 1024w, https:\/\/www.salvatorianas.org.br\/blog\/wp-content\/uploads\/2023\/09\/4-1-300x145.jpg 300w, https:\/\/www.salvatorianas.org.br\/blog\/wp-content\/uploads\/2023\/09\/4-1-768x370.jpg 768w, https:\/\/www.salvatorianas.org.br\/blog\/wp-content\/uploads\/2023\/09\/4-1-1536x741.jpg 1536w, https:\/\/www.salvatorianas.org.br\/blog\/wp-content\/uploads\/2023\/09\/4-1-2048x988.jpg 2048w\" sizes=\"(max-width: 1024px) 100vw, 1024px\" \/><\/figure>\n\n\n\n<p><\/p>\n\n\n\n<figure class=\"wp-block-image size-large\"><img decoding=\"async\" loading=\"lazy\" width=\"1024\" height=\"570\" src=\"https:\/\/www.salvatorianas.org.br\/blog\/wp-content\/uploads\/2023\/09\/5-1-1024x570.jpg\" alt=\"\" class=\"wp-image-21044\" srcset=\"https:\/\/www.salvatorianas.org.br\/blog\/wp-content\/uploads\/2023\/09\/5-1-1024x570.jpg 1024w, https:\/\/www.salvatorianas.org.br\/blog\/wp-content\/uploads\/2023\/09\/5-1-300x167.jpg 300w, https:\/\/www.salvatorianas.org.br\/blog\/wp-content\/uploads\/2023\/09\/5-1-768x428.jpg 768w, https:\/\/www.salvatorianas.org.br\/blog\/wp-content\/uploads\/2023\/09\/5-1-1536x856.jpg 1536w, https:\/\/www.salvatorianas.org.br\/blog\/wp-content\/uploads\/2023\/09\/5-1-2048x1141.jpg 2048w\" sizes=\"(max-width: 1024px) 100vw, 1024px\" \/><\/figure>\n","protected":false},"excerpt":{"rendered":"<p>Aconteceu no dia 10 de Setembro a renova\u00e7\u00e3o do compromisso dos 31 leigos Salvatorianos na par\u00f3quia de S\u00e3o Mateus, Chimoio, Mo\u00e7ambique e de tr\u00eas leigas de Messica, Mo\u00e7ambique que tamb\u00e9m se fizeram presentes&#8230;<\/p>\n","protected":false},"author":2,"featured_media":21039,"comment_status":"open","ping_status":"open","sticky":false,"template":"","format":"standard","meta":[],"categories":[1],"tags":[],"_links":{"self":[{"href":"https:\/\/www.salvatorianas.org.br\/blog\/wp-json\/wp\/v2\/posts\/21038"}],"collection":[{"href":"https:\/\/www.salvatorianas.org.br\/blog\/wp-json\/wp\/v2\/posts"}],"about":[{"href":"https:\/\/www.salvatorianas.org.br\/blog\/wp-json\/wp\/v2\/types\/post"}],"author":[{"embeddable":true,"href":"https:\/\/www.salvatorianas.org.br\/blog\/wp-json\/wp\/v2\/users\/2"}],"replies":[{"embeddable":true,"href":"https:\/\/www.salvatorianas.org.br\/blog\/wp-json\/wp\/v2\/comments?post=21038"}],"version-history":[{"count":3,"href":"https:\/\/www.salvatorianas.org.br\/blog\/wp-json\/wp\/v2\/posts\/21038\/revisions"}],"predecessor-version":[{"id":21064,"href":"https:\/\/www.salvatorianas.org.br\/blog\/wp-json\/wp\/v2\/posts\/21038\/revisions\/21064"}],"wp:featuredmedia":[{"embeddable":true,"href":"https:\/\/www.salvatorianas.org.br\/blog\/wp-json\/wp\/v2\/media\/21039"}],"wp:attachment":[{"href":"https:\/\/www.salvatorianas.org.br\/blog\/wp-json\/wp\/v2\/media?parent=21038"}],"wp:term":[{"taxonomy":"category","embeddable":true,"href":"https:\/\/www.salvatorianas.org.br\/blog\/wp-json\/wp\/v2\/categories?post=21038"},{"taxonomy":"post_tag","embeddable":true,"href":"https:\/\/www.salvatorianas.org.br\/blog\/wp-json\/wp\/v2\/tags?post=21038"}],"curies":[{"name":"wp","href":"https:\/\/api.w.org\/{rel}","templated":true}]}}