{"id":21035,"date":"2023-09-11T01:09:00","date_gmt":"2023-09-11T01:09:00","guid":{"rendered":"https:\/\/www.salvatorianas.org.br\/blog\/?p=21035"},"modified":"2023-09-08T18:10:43","modified_gmt":"2023-09-08T18:10:43","slug":"23a-semana-do-tempo-comum-ano-impar-i","status":"publish","type":"post","link":"https:\/\/www.salvatorianas.org.br\/blog\/23a-semana-do-tempo-comum-ano-impar-i\/","title":{"rendered":"23\u00aa Semana do Tempo Comum, Ano \u00cdmpar (I)"},"content":{"rendered":"\n<p>V\u00f3s sois justo, Senhor, e justa \u00e9 a vossa senten\u00e7a; tratai o vosso servo segundo a vossa miseric\u00f3rdia (Sl 118,137.124).<\/p>\n\n\n\n<p><em>Quem se p\u00f5e a servi\u00e7o da Igreja encontra na Palavra de Deus o sentido das tribula\u00e7\u00f5es que envolvem sua miss\u00e3o, a saber: para que os fi\u00e9is \u201csejam consolados e se mantenham unidos na caridade\u201d. Abramos o cora\u00e7\u00e3o ao Senhor e pe\u00e7amos que torne nossas m\u00e3os sempre dispostas para todo bem.<\/em><\/p>\n\n\n\n<p>Primeira Leitura:&nbsp;<strong>Colossenses 1,24-2,3<\/strong><\/p>\n\n\n\n<p>Leitura da carta de S\u00e3o Paulo aos Colossenses \u2013 Irm\u00e3os,&nbsp;<sup>24<\/sup>alegro-me de tudo o que j\u00e1 sofri por v\u00f3s e procuro completar na minha pr\u00f3pria carne o que falta das tribula\u00e7\u00f5es de Cristo, em solidariedade com o seu corpo, isto \u00e9, a Igreja.&nbsp;<sup>25<\/sup>A ela eu sirvo, exercendo o cargo que Deus me confiou de vos transmitir a Palavra de Deus em sua plenitude:&nbsp;<sup>26<\/sup>o mist\u00e9rio escondido por s\u00e9culos e gera\u00e7\u00f5es, mas agora revelado aos seus santos.&nbsp;<sup>27<\/sup>A estes Deus quis manifestar como \u00e9 rico e glorioso entre as na\u00e7\u00f5es este mist\u00e9rio: a presen\u00e7a de Cristo em v\u00f3s, a esperan\u00e7a da gl\u00f3ria.&nbsp;<sup>28<\/sup>N\u00f3s o anunciamos, admoestando a todos e ensinando a todos, com toda sabedoria, para a todos tornar perfeitos em sua uni\u00e3o com Cristo.&nbsp;<sup>29<\/sup>Para isso eu me esfor\u00e7o com todo o empenho, sustentado pela sua for\u00e7a, que em mim opera.&nbsp;<sup>2,1<\/sup>Quero, pois, que saibais que luta dif\u00edcil sustento por v\u00f3s, pelos fi\u00e9is de Laodiceia e por tantos outros, que n\u00e3o me conhecem pessoalmente,&nbsp;<sup>2<\/sup>para que sejam consolados e se mantenham unidos na caridade, para que eles cheguem a entender, profunda e plenamente, o mist\u00e9rio de Deus Pai e de Cristo Jesus,&nbsp;<sup>3<\/sup>no qual est\u00e3o encerrados todos os tesouros da sabedoria e da ci\u00eancia. \u2013 Palavra do Senhor.<\/p>\n\n\n\n<p>Salmo Responsorial:&nbsp;<strong>61(62)<\/strong><\/p>\n\n\n\n<p><em><strong>A minha gl\u00f3ria e salva\u00e7\u00e3o est\u00e3o em Deus.<\/strong><\/em><\/p>\n\n\n\n<p>1. S\u00f3 em Deus a minha alma tem repouso,&nbsp;\/&nbsp;porque dele \u00e9 que me vem a salva\u00e7\u00e3o!&nbsp;\/&nbsp;S\u00f3 ele \u00e9 meu rochedo e salva\u00e7\u00e3o,&nbsp;\/&nbsp;a fortaleza, onde encontro seguran\u00e7a!&nbsp;\u2013 R.<\/p>\n\n\n\n<p>2. Povo todo, esperai sempre no Senhor&nbsp;\u2020&nbsp;e abri diante dele o cora\u00e7\u00e3o:&nbsp;\/&nbsp;nosso Deus \u00e9 um ref\u00fagio para n\u00f3s!&nbsp;\u2013 R.<\/p>\n\n\n\n<p>Evangelho:&nbsp;<strong>Lucas 6,6-11<\/strong><\/p>\n\n\n\n<p><strong><em>Aleluia, aleluia, aleluia.<\/em><\/strong><\/p>\n\n\n\n<p><strong>Minhas ovelhas escutam minha voz,&nbsp;\/&nbsp;eu as conhe\u00e7o e elas me seguem (Jo 10,27).&nbsp;\u2013 R.<\/strong><\/p>\n\n\n\n<p>Proclama\u00e7\u00e3o do Evangelho de Jesus Cristo segundo Lucas \u2013 Aconteceu, num dia de s\u00e1bado,&nbsp;<sup>6<\/sup>que Jesus entrou na sinagoga e come\u00e7ou a ensinar. A\u00ed havia um homem cuja m\u00e3o direita era seca.&nbsp;<sup>7<\/sup>Os mestres da Lei e os fariseus o observavam, para verem se Jesus iria cur\u00e1-lo em dia de s\u00e1bado e assim encontrarem motivo para acus\u00e1-lo.&nbsp;<sup>8<\/sup>Jesus, por\u00e9m, conhecendo seus pensamentos, disse ao homem da m\u00e3o seca: \u201cLevanta-te e fica aqui no meio\u201d. Ele se levantou e ficou de p\u00e9.&nbsp;<sup>9<\/sup>Disse-lhes Jesus: \u201cEu vos pergunto, o que \u00e9 permitido fazer no s\u00e1bado: o bem ou o mal, salvar uma vida ou deixar que se perca?\u201d&nbsp;<sup>10<\/sup>Ent\u00e3o Jesus olhou para todos os que estavam ao seu redor e disse ao homem: \u201cEstende a tua m\u00e3o\u201d. O homem assim o fez e sua m\u00e3o ficou curada.&nbsp;<sup>11<\/sup>Eles ficaram com muita raiva e come\u00e7aram a discutir entre si sobre o que poderiam fazer contra Jesus. \u2013 Palavra da salva\u00e7\u00e3o.<\/p>\n\n\n\n<p>Reflex\u00e3o:<\/p>\n\n\n\n<p><em>Volta a quest\u00e3o da observ\u00e2ncia do S\u00c1BADO. Desta vez, na sinagoga, enquanto Jesus ensina, doutores da Lei e fariseus o observam \u201cpara assim terem motivo de acus\u00e1-lo\u201d. O benef\u00edcio redunda em favor de um homem com a m\u00e3o paralisada. Antes de cur\u00e1-lo, Jesus deixa mudos os advers\u00e1rios, dirigindo-lhes a pergunta: No S\u00c1BADO, deve-se ou n\u00e3o se deve fazer o bem, salvar uma vida ou destru\u00ed-la? Com certeza, o povo simples, a quem o Pai revela seus segredos (cf. Lc 10,21), sabia responder: tudo o que \u00e9 bom glorifica a Deus. Mas os doutores da Lei e fariseus \u201cse encheram de raiva\u201d. Buscam, na verdade, motivos para eliminar Jesus. Ao curar esse enfermo, Jesus reafirma sua posi\u00e7\u00e3o tomada anteriormente: a salva\u00e7\u00e3o de uma vida diminu\u00edda est\u00e1 acima das disposi\u00e7\u00f5es negativas da lei do S\u00c1BADO.<\/em><\/p>\n","protected":false},"excerpt":{"rendered":"<p>V\u00f3s sois justo, Senhor, e justa \u00e9 a vossa senten\u00e7a; tratai o vosso servo segundo a vossa miseric\u00f3rdia (Sl 118,137.124). Quem se p\u00f5e a servi\u00e7o da Igreja encontra na Palavra de Deus o&#8230;<\/p>\n","protected":false},"author":2,"featured_media":21036,"comment_status":"open","ping_status":"open","sticky":false,"template":"","format":"standard","meta":[],"categories":[7],"tags":[],"_links":{"self":[{"href":"https:\/\/www.salvatorianas.org.br\/blog\/wp-json\/wp\/v2\/posts\/21035"}],"collection":[{"href":"https:\/\/www.salvatorianas.org.br\/blog\/wp-json\/wp\/v2\/posts"}],"about":[{"href":"https:\/\/www.salvatorianas.org.br\/blog\/wp-json\/wp\/v2\/types\/post"}],"author":[{"embeddable":true,"href":"https:\/\/www.salvatorianas.org.br\/blog\/wp-json\/wp\/v2\/users\/2"}],"replies":[{"embeddable":true,"href":"https:\/\/www.salvatorianas.org.br\/blog\/wp-json\/wp\/v2\/comments?post=21035"}],"version-history":[{"count":1,"href":"https:\/\/www.salvatorianas.org.br\/blog\/wp-json\/wp\/v2\/posts\/21035\/revisions"}],"predecessor-version":[{"id":21037,"href":"https:\/\/www.salvatorianas.org.br\/blog\/wp-json\/wp\/v2\/posts\/21035\/revisions\/21037"}],"wp:featuredmedia":[{"embeddable":true,"href":"https:\/\/www.salvatorianas.org.br\/blog\/wp-json\/wp\/v2\/media\/21036"}],"wp:attachment":[{"href":"https:\/\/www.salvatorianas.org.br\/blog\/wp-json\/wp\/v2\/media?parent=21035"}],"wp:term":[{"taxonomy":"category","embeddable":true,"href":"https:\/\/www.salvatorianas.org.br\/blog\/wp-json\/wp\/v2\/categories?post=21035"},{"taxonomy":"post_tag","embeddable":true,"href":"https:\/\/www.salvatorianas.org.br\/blog\/wp-json\/wp\/v2\/tags?post=21035"}],"curies":[{"name":"wp","href":"https:\/\/api.w.org\/{rel}","templated":true}]}}