{"id":21032,"date":"2023-09-10T01:08:00","date_gmt":"2023-09-10T01:08:00","guid":{"rendered":"https:\/\/www.salvatorianas.org.br\/blog\/?p=21032"},"modified":"2023-09-08T18:09:37","modified_gmt":"2023-09-08T18:09:37","slug":"23o-domingo-do-tempo-comum-ano-a","status":"publish","type":"post","link":"https:\/\/www.salvatorianas.org.br\/blog\/23o-domingo-do-tempo-comum-ano-a\/","title":{"rendered":"23\u00ba Domingo do Tempo Comum, Ano A"},"content":{"rendered":"\n<p>V\u00f3s sois justo, Senhor, e justa \u00e9 a vossa senten\u00e7a; tratai o vosso servo segundo a vossa miseric\u00f3rdia (Sl 118,137.124).<\/p>\n\n\n\n<p><em>Reunidos em nome de Jesus, temos a garantia de sua presen\u00e7a entre n\u00f3s. A liturgia nos motiva a valorizar a corre\u00e7\u00e3o fraterna, a qual, agindo na caridade, procura o bem do pr\u00f3ximo e estreita os la\u00e7os que nos unem como disc\u00edpulos e disc\u00edpulas do Senhor. Somos convidados a superar os conflitos com di\u00e1logo e amor m\u00fatuo, a fim de que a harmonia e a paz reinem em nosso meio.<\/em><\/p>\n\n\n\n<p>Primeira Leitura:&nbsp;<strong>Ezequiel 33,7-9<\/strong><\/p>\n\n\n\n<p>Leitura da profecia de Ezequiel \u2013 Assim diz o Senhor:&nbsp;<sup>7<\/sup>\u201cQuanto a ti, filho do homem, eu te estabeleci como vigia para a casa de Israel. Logo que ouvires alguma palavra de minha boca, tu os deves advertir em meu nome.&nbsp;<sup>8<\/sup>Se eu disser ao \u00edmpio que ele vai morrer, e tu n\u00e3o lhe falares, advertindo-o a respeito de sua conduta, o \u00edmpio vai morrer por pr\u00f3pria culpa, mas eu te pedirei contas da sua morte.&nbsp;<sup>9<\/sup>Mas, se advertires o \u00edmpio a respeito de sua conduta, para que se arrependa, e ele n\u00e3o se arrepender, o \u00edmpio morrer\u00e1 por pr\u00f3pria culpa, por\u00e9m tu salvar\u00e1s tua vida\u201d. \u2013 Palavra do Senhor.<\/p>\n\n\n\n<p>Salmo Responsorial:&nbsp;<strong>94(95)<\/strong><\/p>\n\n\n\n<p><em><strong>N\u00e3o fecheis o cora\u00e7\u00e3o; ouvi hoje a voz de Deus!<\/strong><\/em><\/p>\n\n\n\n<p>1. Vinde, exultemos de alegria no Senhor,&nbsp;\/&nbsp;aclamemos o rochedo que nos salva!&nbsp;\/&nbsp;Ao seu encontro caminhemos com louvores&nbsp;\/&nbsp;e, com cantos de alegria, o celebremos!&nbsp;\u2013 R.<\/p>\n\n\n\n<p>2. Vinde, adoremos e prostremo-nos por terra,&nbsp;\/&nbsp;e ajoelhemos ante o Deus que nos criou!&nbsp;\/&nbsp;Porque ele \u00e9 o nosso Deus, nosso pastor,&nbsp;\u2020&nbsp;e n\u00f3s somos o seu povo e seu rebanho,&nbsp;\/&nbsp;as ovelhas que conduz com sua m\u00e3o.&nbsp;\u2013 R.<\/p>\n\n\n\n<p>3. Oxal\u00e1 ouv\u00edsseis hoje a sua voz:&nbsp;\/&nbsp;\u201cN\u00e3o fecheis os cora\u00e7\u00f5es como em Meriba,&nbsp;\/&nbsp;como em Massa, no deserto, aquele dia,&nbsp;\u2020&nbsp;em que outrora vossos pais me provocaram,&nbsp;\/&nbsp;apesar de terem visto as minhas obras\u201d.&nbsp;\u2013 R.<\/p>\n\n\n\n<p>Segunda Leitura:&nbsp;<strong>Romanos 13,8-10<\/strong><\/p>\n\n\n\n<p>Leitura da carta de S\u00e3o Paulo aos Romanos \u2013 Irm\u00e3os,&nbsp;<sup>8<\/sup>n\u00e3o fiqueis devendo nada a ningu\u00e9m, a n\u00e3o ser o amor m\u00fatuo, pois quem ama o pr\u00f3ximo est\u00e1 cumprindo a Lei.&nbsp;<sup>9<\/sup>De fato, os mandamentos: \u201cN\u00e3o cometer\u00e1s adult\u00e9rio\u201d, \u201cn\u00e3o matar\u00e1s\u201d, \u201cn\u00e3o roubar\u00e1s\u201d, \u201cn\u00e3o cobi\u00e7ar\u00e1s\u201d e qualquer outro mandamento se resumem neste: \u201cAmar\u00e1s ao teu pr\u00f3ximo como a ti mesmo\u201d.&nbsp;<sup>10<\/sup>O amor n\u00e3o faz nenhum mal contra o pr\u00f3ximo. Portanto, o amor \u00e9 o cumprimento perfeito da Lei. \u2013 Palavra do Senhor.<\/p>\n\n\n\n<p>Evangelho:&nbsp;<strong>Mateus 18,15-20<\/strong><\/p>\n\n\n\n<p><strong><em>Aleluia, aleluia, aleluia.<\/em><\/strong><\/p>\n\n\n\n<p><strong>O Senhor reconciliou o mundo em Cristo,&nbsp;\/&nbsp;confiando-nos sua Palavra;&nbsp;\/&nbsp;a Palavra da reconcilia\u00e7\u00e3o,&nbsp;\/&nbsp;a Palavra que hoje, aqui, nos salva (2Cor 5,19).&nbsp;\u2013 R.<\/strong><\/p>\n\n\n\n<p>Proclama\u00e7\u00e3o do Evangelho de Jesus Cristo segundo Mateus \u2013 Naquele tempo, Jesus disse a seus disc\u00edpulos:&nbsp;<sup>15<\/sup>\u201cSe o teu irm\u00e3o pecar contra ti, vai corrigi-lo, mas em particular, a s\u00f3s contigo! Se ele te ouvir, tu ganhaste o teu irm\u00e3o.&nbsp;<sup>16<\/sup>Se ele n\u00e3o te ouvir, toma contigo mais uma ou duas pessoas, para que toda a quest\u00e3o seja decidida sob a palavra de duas ou tr\u00eas testemunhas.&nbsp;<sup>17<\/sup>Se ele n\u00e3o vos der ouvido, dize-o \u00e0 Igreja. Se nem mesmo \u00e0 Igreja ele ouvir, seja tratado como se fosse um pag\u00e3o ou um pecador p\u00fablico.&nbsp;<sup>18<\/sup>Em verdade vos digo, tudo o que ligardes na terra ser\u00e1 ligado no c\u00e9u, e tudo o que desligardes na terra ser\u00e1 desligado no c\u00e9u.&nbsp;<sup>19<\/sup>De novo, eu vos digo: se dois de v\u00f3s estiverem de acordo na terra sobre qualquer coisa que quiserem pedir, isso lhes ser\u00e1 concedido por meu Pai que est\u00e1 nos c\u00e9us.&nbsp;<sup>20<\/sup>Pois, onde dois ou tr\u00eas estiverem reunidos em meu nome, eu estou a\u00ed, no meio deles\u201d. \u2013 Palavra da salva\u00e7\u00e3o.<\/p>\n\n\n\n<p>Reflex\u00e3o:<\/p>\n\n\n\n<p><em>A comunidade crist\u00e3 \u00e9 convidada \u00e0 corre\u00e7\u00e3o fraterna. N\u00e3o se trata de vasculhar a vida do irm\u00e3o com o fim de julg\u00e1-lo e conden\u00e1-lo. A corre\u00e7\u00e3o passa pelo crivo da miseric\u00f3rdia, uma vez que todos n\u00f3s estamos sujeitos a cometer erros. Por isso, a corre\u00e7\u00e3o ao irm\u00e3o que erra se faz por etapas e se reveste de grande dose de toler\u00e2ncia e compreens\u00e3o. Do di\u00e1logo interpessoal, passa-se ao apelo de duas ou tr\u00eas testemunhas; em \u00faltimo caso, n\u00e3o havendo convers\u00e3o, pede-se a ajuda da comunidade. Tudo se fa\u00e7a em clima de ora\u00e7\u00e3o comunit\u00e1ria, da qual participa o pr\u00f3prio Jesus ressuscitado: \u201cPois onde dois ou tr\u00eas estiverem reunidos em meu nome, a\u00ed estou eu no meio deles\u201d. Nossas comunidades t\u00eam longo caminho a percorrer quando se trata do exerc\u00edcio da corre\u00e7\u00e3o fraterna, pois corrigir \u00e9 obra do amor.<\/em><\/p>\n","protected":false},"excerpt":{"rendered":"<p>V\u00f3s sois justo, Senhor, e justa \u00e9 a vossa senten\u00e7a; tratai o vosso servo segundo a vossa miseric\u00f3rdia (Sl 118,137.124). Reunidos em nome de Jesus, temos a garantia de sua presen\u00e7a entre n\u00f3s&#8230;.<\/p>\n","protected":false},"author":2,"featured_media":21033,"comment_status":"open","ping_status":"open","sticky":false,"template":"","format":"standard","meta":[],"categories":[7],"tags":[],"_links":{"self":[{"href":"https:\/\/www.salvatorianas.org.br\/blog\/wp-json\/wp\/v2\/posts\/21032"}],"collection":[{"href":"https:\/\/www.salvatorianas.org.br\/blog\/wp-json\/wp\/v2\/posts"}],"about":[{"href":"https:\/\/www.salvatorianas.org.br\/blog\/wp-json\/wp\/v2\/types\/post"}],"author":[{"embeddable":true,"href":"https:\/\/www.salvatorianas.org.br\/blog\/wp-json\/wp\/v2\/users\/2"}],"replies":[{"embeddable":true,"href":"https:\/\/www.salvatorianas.org.br\/blog\/wp-json\/wp\/v2\/comments?post=21032"}],"version-history":[{"count":1,"href":"https:\/\/www.salvatorianas.org.br\/blog\/wp-json\/wp\/v2\/posts\/21032\/revisions"}],"predecessor-version":[{"id":21034,"href":"https:\/\/www.salvatorianas.org.br\/blog\/wp-json\/wp\/v2\/posts\/21032\/revisions\/21034"}],"wp:featuredmedia":[{"embeddable":true,"href":"https:\/\/www.salvatorianas.org.br\/blog\/wp-json\/wp\/v2\/media\/21033"}],"wp:attachment":[{"href":"https:\/\/www.salvatorianas.org.br\/blog\/wp-json\/wp\/v2\/media?parent=21032"}],"wp:term":[{"taxonomy":"category","embeddable":true,"href":"https:\/\/www.salvatorianas.org.br\/blog\/wp-json\/wp\/v2\/categories?post=21032"},{"taxonomy":"post_tag","embeddable":true,"href":"https:\/\/www.salvatorianas.org.br\/blog\/wp-json\/wp\/v2\/tags?post=21032"}],"curies":[{"name":"wp","href":"https:\/\/api.w.org\/{rel}","templated":true}]}}