{"id":21029,"date":"2023-09-09T01:06:00","date_gmt":"2023-09-09T01:06:00","guid":{"rendered":"https:\/\/www.salvatorianas.org.br\/blog\/?p=21029"},"modified":"2023-09-08T18:08:41","modified_gmt":"2023-09-08T18:08:41","slug":"22a-semana-do-tempo-comum-ano-impar-i-5","status":"publish","type":"post","link":"https:\/\/www.salvatorianas.org.br\/blog\/22a-semana-do-tempo-comum-ano-impar-i-5\/","title":{"rendered":"22\u00aa Semana do Tempo Comum, Ano \u00cdmpar (I)"},"content":{"rendered":"\n<p>Tende compaix\u00e3o de mim, Senhor, clamo por v\u00f3s o dia inteiro; Senhor, sois bom e clemente, cheio de miseric\u00f3rdia para aqueles que vos invocam (Sl 85,3.5).<\/p>\n\n\n\n<p><em>Ao amor de Cristo \u2013 o qual nos reconciliou e acolheu \u201cpela morte que sofreu no seu corpo mortal\u201d -, somos convidados a responder com gratid\u00e3o, amando a Deus e aos irm\u00e3os e irm\u00e3s mediante uma f\u00e9 livre de todo rigorismo que obscurece a benevol\u00eancia divina.<\/em><\/p>\n\n\n\n<p>Primeira Leitura:&nbsp;<strong>Colossenses 1,21-23<\/strong><\/p>\n\n\n\n<p>Leitura da carta de S\u00e3o Paulo aos Colossenses \u2013 Irm\u00e3os,&nbsp;<sup>21<\/sup>v\u00f3s, que outrora \u00e9reis estrangeiros e inimigos pelas manifestas m\u00e1s obras,&nbsp;<sup>22<\/sup>eis que agora Cristo vos reconciliou pela morte que sofreu no seu corpo mortal, para vos apresentar como santos, imaculados, irrepreens\u00edveis diante de si.&nbsp;<sup>23<\/sup>Mas \u00e9 necess\u00e1rio que permane\u00e7ais inabal\u00e1veis e firmes na f\u00e9, sem vos afastardes da esperan\u00e7a que vos d\u00e1 o Evangelho, que ouvistes, que foi anunciado a toda criatura debaixo do c\u00e9u e do qual eu, Paulo, me tornei ministro. \u2013 Palavra do Senhor.<\/p>\n\n\n\n<p>Salmo Responsorial:&nbsp;<strong>53(54)<\/strong><\/p>\n\n\n\n<p><em><strong>Quem me protege e me ampara \u00e9 meu Deus.<\/strong><\/em><\/p>\n\n\n\n<p>1. Por vosso nome, salvai-me, Senhor,&nbsp;\/&nbsp;e dai-me a vossa justi\u00e7a!&nbsp;\/&nbsp;\u00d3 meu Deus, atendei minha prece&nbsp;\/&nbsp;e escutai as palavras que eu digo!&nbsp;\u2013 R.<\/p>\n\n\n\n<p>2. Quem me protege e me ampara \u00e9 meu Deus;&nbsp;\/&nbsp;\u00e9 o Senhor quem sustenta minha vida!&nbsp;\/&nbsp;Quero ofertar-vos o meu sacrif\u00edcio&nbsp;\/&nbsp;de cora\u00e7\u00e3o e com muita alegria;&nbsp;\/&nbsp;quero louvar, \u00f3 Senhor, vosso nome,&nbsp;\/&nbsp;quero cantar vosso nome, que \u00e9 bom!&nbsp;\u2013 R.<\/p>\n\n\n\n<p>Evangelho:&nbsp;<strong>Lucas 6,1-5<\/strong><\/p>\n\n\n\n<p><strong><em>Aleluia, aleluia, aleluia.<\/em><\/strong><\/p>\n\n\n\n<p><strong>Sou o caminho, a verdade e a vida:&nbsp;\/&nbsp;ningu\u00e9m vem ao Pai, sen\u00e3o por mim (Jo 14,6).&nbsp;\u2013 R.<\/strong><\/p>\n\n\n\n<p>Proclama\u00e7\u00e3o do Evangelho de Jesus Cristo segundo Lucas \u2013&nbsp;<sup>1<\/sup>Num s\u00e1bado, Jesus estava passando atrav\u00e9s de planta\u00e7\u00f5es de trigo. Seus disc\u00edpulos arrancavam e comiam as espigas, debulhando-as com as m\u00e3os.&nbsp;<sup>2<\/sup>Ent\u00e3o alguns fariseus disseram: \u201cPor que fazeis o que n\u00e3o \u00e9 permitido em dia de s\u00e1bado?\u201d&nbsp;<sup>3<\/sup>Jesus respondeu-lhes: \u201cAcaso v\u00f3s n\u00e3o lestes o que Davi e seus companheiros fizeram quando estavam sentindo fome?&nbsp;<sup>4<\/sup>Davi entrou na casa de Deus, pegou dos p\u00e3es oferecidos a Deus e os comeu, e ainda por cima os deu a seus companheiros. No entanto, s\u00f3 os sacerdotes podem comer desses p\u00e3es\u201d.&nbsp;<sup>5<\/sup>E Jesus acrescentou: \u201cO Filho do Homem \u00e9 senhor tamb\u00e9m do s\u00e1bado\u201d. \u2013 Palavra da salva\u00e7\u00e3o.<\/p>\n\n\n\n<p>Reflex\u00e3o:<\/p>\n\n\n\n<p><em>Os disc\u00edpulos de Jesus colhem espigas e as comem. Interpretando o fato de debulhar espigas como colheita e, portanto, como viola\u00e7\u00e3o ao repouso sab\u00e1tico, os fariseus recriminam a atitude dos disc\u00edpulos. Apoiado em passagem da Escritura e citando o respeitado nome de Davi, Jesus enuncia um princ\u00edpio decisivo: em caso de necessidade, a manuten\u00e7\u00e3o da vida tem preced\u00eancia sobre o respeito \u00e0s proibi\u00e7\u00f5es religiosas. Sem alimentar-se, n\u00e3o h\u00e1 ser humano, que \u00e9 maior do que qualquer prescri\u00e7\u00e3o, pois \u201co S\u00c1BADO foi feito para o homem\u201d (Mc 2,27). Ao dizer \u201co Filho do Homem \u00e9 senhor do S\u00c1BADO\u201d, Jesus nos ensina que as institui\u00e7\u00f5es, estruturas, leis e costumes devem estar a servi\u00e7o do homem: podem ser abolidos e cair para segundo plano em qualquer circunst\u00e2ncia em que uma necessidade urgente o exigir.<\/em><\/p>\n","protected":false},"excerpt":{"rendered":"<p>Tende compaix\u00e3o de mim, Senhor, clamo por v\u00f3s o dia inteiro; Senhor, sois bom e clemente, cheio de miseric\u00f3rdia para aqueles que vos invocam (Sl 85,3.5). Ao amor de Cristo \u2013 o qual&#8230;<\/p>\n","protected":false},"author":2,"featured_media":21030,"comment_status":"open","ping_status":"open","sticky":false,"template":"","format":"standard","meta":[],"categories":[7],"tags":[],"_links":{"self":[{"href":"https:\/\/www.salvatorianas.org.br\/blog\/wp-json\/wp\/v2\/posts\/21029"}],"collection":[{"href":"https:\/\/www.salvatorianas.org.br\/blog\/wp-json\/wp\/v2\/posts"}],"about":[{"href":"https:\/\/www.salvatorianas.org.br\/blog\/wp-json\/wp\/v2\/types\/post"}],"author":[{"embeddable":true,"href":"https:\/\/www.salvatorianas.org.br\/blog\/wp-json\/wp\/v2\/users\/2"}],"replies":[{"embeddable":true,"href":"https:\/\/www.salvatorianas.org.br\/blog\/wp-json\/wp\/v2\/comments?post=21029"}],"version-history":[{"count":1,"href":"https:\/\/www.salvatorianas.org.br\/blog\/wp-json\/wp\/v2\/posts\/21029\/revisions"}],"predecessor-version":[{"id":21031,"href":"https:\/\/www.salvatorianas.org.br\/blog\/wp-json\/wp\/v2\/posts\/21029\/revisions\/21031"}],"wp:featuredmedia":[{"embeddable":true,"href":"https:\/\/www.salvatorianas.org.br\/blog\/wp-json\/wp\/v2\/media\/21030"}],"wp:attachment":[{"href":"https:\/\/www.salvatorianas.org.br\/blog\/wp-json\/wp\/v2\/media?parent=21029"}],"wp:term":[{"taxonomy":"category","embeddable":true,"href":"https:\/\/www.salvatorianas.org.br\/blog\/wp-json\/wp\/v2\/categories?post=21029"},{"taxonomy":"post_tag","embeddable":true,"href":"https:\/\/www.salvatorianas.org.br\/blog\/wp-json\/wp\/v2\/tags?post=21029"}],"curies":[{"name":"wp","href":"https:\/\/api.w.org\/{rel}","templated":true}]}}