{"id":21024,"date":"2023-09-08T01:14:00","date_gmt":"2023-09-08T01:14:00","guid":{"rendered":"https:\/\/www.salvatorianas.org.br\/blog\/?p=21024"},"modified":"2023-09-06T20:15:12","modified_gmt":"2023-09-06T20:15:12","slug":"natividade-da-bem-aventurada-virgem-maria-festa-ano-a","status":"publish","type":"post","link":"https:\/\/www.salvatorianas.org.br\/blog\/natividade-da-bem-aventurada-virgem-maria-festa-ano-a\/","title":{"rendered":"Natividade da Bem-aventurada Virgem Maria, Festa, Ano A"},"content":{"rendered":"\n<p>Celebremos com alegria o nascimento da Virgem Maria: por ela nos veio o sol da justi\u00e7a, o Cristo, nosso Deus.<\/p>\n\n\n\n<p><em>A festa da Natividade de Nossa Senhora foi introduzida na Igreja pelo papa S\u00e9rgio 1\u00ba, no s\u00e9culo 7\u00ba. Celebrar o nascimento de Maria \u00e9 apontar a realiza\u00e7\u00e3o da vinda do Messias. A Virgem Maria veio ao mundo para cumprir o plano divino de dar ao mundo o Salvador. Celebremos, com alegria e gratid\u00e3o, o natal da M\u00e3e de Jesus.<\/em><\/p>\n\n\n\n<p>Primeira Leitura:&nbsp;<strong>Miqueias 5,1-4<\/strong><\/p>\n\n\n\n<p>Leitura da profecia de Miqueias \u2013 Assim diz o Senhor:&nbsp;<sup>1<\/sup>\u201cTu, Bel\u00e9m de \u00c9frata, pequenina entre os mil povoados de Jud\u00e1, de ti h\u00e1 de sair aquele que dominar\u00e1 em Israel; sua origem vem de tempos remotos, desde os dias da eternidade.&nbsp;<sup>2<\/sup>Deus deixar\u00e1 seu povo ao abandono, at\u00e9 o tempo em que uma m\u00e3e der \u00e0 luz; e o resto de seus irm\u00e3os se voltar\u00e1 para os filhos de Israel.&nbsp;<sup>3<\/sup>Ele n\u00e3o recuar\u00e1, apascentar\u00e1 com a for\u00e7a do Senhor e com a majestade do nome do Senhor seu Deus; os homens viver\u00e3o em paz, pois ele agora estender\u00e1 o poder at\u00e9 os confins da terra,&nbsp;<sup>4<\/sup>e ele mesmo ser\u00e1 a Paz\u201d. \u2013 Palavra do Senhor.<\/p>\n\n\n\n<p><strong>Leitura opcional:&nbsp;Romanos 8,28-30.<\/strong><\/p>\n\n\n\n<p>Salmo Responsorial:&nbsp;<strong>70(71); 12(13)<\/strong><\/p>\n\n\n\n<p><em><strong>Exulto de alegria no Senhor.<\/strong><\/em><\/p>\n\n\n\n<p>1. Sois meu apoio desde antes que eu nascesse,&nbsp;\u2020&nbsp;desde o seio maternal, o meu amparo:&nbsp;\/&nbsp;para v\u00f3s o meu louvor eternamente!&nbsp;\u2013 R.<\/p>\n\n\n\n<p>2. Uma vez que confiei no vosso amor,&nbsp;\u2020&nbsp;meu cora\u00e7\u00e3o, por vosso aux\u00edlio, rejubile,&nbsp;\/&nbsp;e que eu vos cante pelo bem que me fizestes!&nbsp;\u2013 R.<\/p>\n\n\n\n<p>Evangelho:&nbsp;<strong>Mateus 1,1-16.18-23 ou 18-23<\/strong><\/p>\n\n\n\n<p><strong>[A forma breve est\u00e1 entre colchetes.]<\/strong><\/p>\n\n\n\n<p><strong><em>Aleluia, aleluia, aleluia.<\/em><\/strong><\/p>\n\n\n\n<p><strong>Sois feliz, Virgem Maria, e mereceis todo louvor,&nbsp;\/&nbsp;pois de v\u00f3s se levantou o sol brilhante da justi\u00e7a,&nbsp;\/&nbsp;que \u00e9 Cristo, nosso Deus, pelo qual n\u00f3s fomos salvos!&nbsp;\u2013 R.<\/strong><\/p>\n\n\n\n<p>Proclama\u00e7\u00e3o do Evangelho de Jesus Cristo segundo Mateus \u2013&nbsp;<sup>1<\/sup>Livro da origem de Jesus Cristo, filho de Davi, filho de Abra\u00e3o.&nbsp;<sup>2<\/sup>Abra\u00e3o gerou Isaac; Isaac gerou Jac\u00f3; Jac\u00f3 gerou Jud\u00e1 e seus irm\u00e3os.&nbsp;<sup>3<\/sup>Jud\u00e1 gerou Far\u00e9s e Zara, cuja m\u00e3e era Tamar. Far\u00e9s gerou Esrom; Esrom gerou Aram;&nbsp;<sup>4<\/sup>Aram gerou Aminadab; Aminadab gerou Naasson; Naasson gerou Salmon;&nbsp;<sup>5<\/sup>Salmon gerou Booz, cuja m\u00e3e era Raab. Booz gerou Obed, cuja m\u00e3e era Rute. Obed gerou Jess\u00e9.&nbsp;<sup>6<\/sup>Jess\u00e9 gerou o rei Davi. Davi gerou Salom\u00e3o, daquela que tinha sido a mulher de Urias.&nbsp;<sup>7<\/sup>Salom\u00e3o gerou Robo\u00e3o; Robo\u00e3o gerou Abias; Abias gerou Asa;&nbsp;<sup>8<\/sup>Asa gerou Josaf\u00e1; Josaf\u00e1 gerou Jor\u00e3o; Jor\u00e3o gerou Ozias;&nbsp;<sup>9<\/sup>Ozias gerou Jot\u00e3o; Jot\u00e3o gerou Acaz; Acaz gerou Ezequias;&nbsp;<sup>10<\/sup>Ezequias gerou Manass\u00e9s; Manass\u00e9s gerou Amon; Amon gerou Josias.&nbsp;<sup>11<\/sup>Josias gerou Jeconias e seus irm\u00e3os, no tempo do ex\u00edlio na Babil\u00f4nia.&nbsp;<sup>12<\/sup>Depois do ex\u00edlio na Babil\u00f4nia, Jeconias gerou Salatiel; Salatiel gerou Zorobabel;&nbsp;<sup>13<\/sup>Zorobabel gerou Abiud; Abiud gerou Eliaquim; Eliaquim gerou Azor;&nbsp;<sup>14<\/sup>Azor gerou Sadoc; Sadoc gerou Aquim; Aquim gerou Eliud;&nbsp;<sup>15<\/sup>Eliud gerou Eleazar; Eleazar gerou Mat\u00e3; Mat\u00e3 gerou Jac\u00f3.&nbsp;<sup>16<\/sup>Jac\u00f3 gerou Jos\u00e9, o esposo de Maria, da qual nasceu Jesus, que \u00e9 chamado o Cristo.&nbsp;<strong>[<\/strong><sup>18<\/sup>A origem de Jesus Cristo foi assim: Maria, sua m\u00e3e, estava prometida em casamento a Jos\u00e9 e, antes de viverem juntos, ela ficou gr\u00e1vida pela a\u00e7\u00e3o do Esp\u00edrito Santo.&nbsp;<sup>19<\/sup>Jos\u00e9, seu marido, era justo e, n\u00e3o querendo denunci\u00e1-la, resolveu abandonar Maria em segredo.&nbsp;<sup>20<\/sup>Enquanto Jos\u00e9 pensava nisso, eis que o anjo do Senhor apareceu-lhe em sonho e lhe disse: \u201cJos\u00e9, filho de Davi, n\u00e3o tenhas medo de receber Maria como tua esposa, porque ela concebeu pela a\u00e7\u00e3o do Esp\u00edrito Santo.&nbsp;<sup>21<\/sup>Ela dar\u00e1 \u00e0 luz um filho, e tu lhe dar\u00e1s o nome de Jesus, pois ele vai salvar o seu povo dos seus pecados\u201d.&nbsp;<sup>22<\/sup>Tudo isso aconteceu para se cumprir o que o Senhor havia dito pelo profeta:&nbsp;<sup>23<\/sup>\u201cEis que a virgem conceber\u00e1 e dar\u00e1 \u00e0 luz um filho. Ele ser\u00e1 chamado pelo nome de Emanuel, que significa: Deus est\u00e1 conosco\u201d.<strong>]<\/strong>&nbsp;\u2013 Palavra da salva\u00e7\u00e3o.<\/p>\n\n\n\n<p>Reflex\u00e3o:<\/p>\n\n\n\n<p><em>A comemora\u00e7\u00e3o da natividade de Maria tem origem no s\u00e9culo V. Segundo a tradi\u00e7\u00e3o, foi constru\u00edda em Jerusal\u00e9m uma igreja no lugar onde havia a casa de Joaquim e Ana, pais de Maria. Mais tarde, outra igreja foi a\u00ed edificada e recebia grande n\u00famero de peregrinos que iam venerar o nascimento de Maria. No Ocidente, a festa foi acolhida pela Igreja de Roma ao longo do s\u00e9culo VII. Difundida por toda a Europa, tornou-se, a partir da Idade M\u00e9dia, uma festa muito valorizada. Ao contemplar o nascimento de Maria, S\u00e3o Jo\u00e3o Damasceno exclama: \u201cFormou-se um c\u00e9u sobre a terra, porque est\u00e1 para iniciar a salva\u00e7\u00e3o\u201d. Deus olha e admira a menina que descansa tranquila nos bra\u00e7os de Sant\u2019Ana e a prepara para o futuro: um dia ela dar\u00e1 \u00e0 luz aquele que o universo n\u00e3o pode conter.<\/em><\/p>\n","protected":false},"excerpt":{"rendered":"<p>Celebremos com alegria o nascimento da Virgem Maria: por ela nos veio o sol da justi\u00e7a, o Cristo, nosso Deus. A festa da Natividade de Nossa Senhora foi introduzida na Igreja pelo papa&#8230;<\/p>\n","protected":false},"author":2,"featured_media":21025,"comment_status":"open","ping_status":"open","sticky":false,"template":"","format":"standard","meta":[],"categories":[7],"tags":[],"_links":{"self":[{"href":"https:\/\/www.salvatorianas.org.br\/blog\/wp-json\/wp\/v2\/posts\/21024"}],"collection":[{"href":"https:\/\/www.salvatorianas.org.br\/blog\/wp-json\/wp\/v2\/posts"}],"about":[{"href":"https:\/\/www.salvatorianas.org.br\/blog\/wp-json\/wp\/v2\/types\/post"}],"author":[{"embeddable":true,"href":"https:\/\/www.salvatorianas.org.br\/blog\/wp-json\/wp\/v2\/users\/2"}],"replies":[{"embeddable":true,"href":"https:\/\/www.salvatorianas.org.br\/blog\/wp-json\/wp\/v2\/comments?post=21024"}],"version-history":[{"count":1,"href":"https:\/\/www.salvatorianas.org.br\/blog\/wp-json\/wp\/v2\/posts\/21024\/revisions"}],"predecessor-version":[{"id":21026,"href":"https:\/\/www.salvatorianas.org.br\/blog\/wp-json\/wp\/v2\/posts\/21024\/revisions\/21026"}],"wp:featuredmedia":[{"embeddable":true,"href":"https:\/\/www.salvatorianas.org.br\/blog\/wp-json\/wp\/v2\/media\/21025"}],"wp:attachment":[{"href":"https:\/\/www.salvatorianas.org.br\/blog\/wp-json\/wp\/v2\/media?parent=21024"}],"wp:term":[{"taxonomy":"category","embeddable":true,"href":"https:\/\/www.salvatorianas.org.br\/blog\/wp-json\/wp\/v2\/categories?post=21024"},{"taxonomy":"post_tag","embeddable":true,"href":"https:\/\/www.salvatorianas.org.br\/blog\/wp-json\/wp\/v2\/tags?post=21024"}],"curies":[{"name":"wp","href":"https:\/\/api.w.org\/{rel}","templated":true}]}}