{"id":21021,"date":"2023-09-07T01:11:00","date_gmt":"2023-09-07T01:11:00","guid":{"rendered":"https:\/\/www.salvatorianas.org.br\/blog\/?p=21021"},"modified":"2023-09-06T20:19:08","modified_gmt":"2023-09-06T20:19:08","slug":"22a-semana-do-tempo-comum-ano-impar-i-4","status":"publish","type":"post","link":"https:\/\/www.salvatorianas.org.br\/blog\/22a-semana-do-tempo-comum-ano-impar-i-4\/","title":{"rendered":"22\u00aa Semana do Tempo Comum, Ano \u00cdmpar (I)"},"content":{"rendered":"\n<p>Tende compaix\u00e3o de mim, Senhor, clamo por v\u00f3s o dia inteiro; Senhor, sois bom e clemente, cheio de miseric\u00f3rdia para aqueles que vos invocam (Sl 85,3.5).<\/p>\n\n\n\n<p><em>A comunidade crist\u00e3 ideal \u00e9 aquela cujos membros, deixando-se guiar pelo Esp\u00edrito Santo, fazem a vontade do Pai, o qual \u201cnos libertou do poder das trevas e nos recebeu no Reino do seu Filho amado\u201d. Reconhecendo-nos pecadores, disponhamo-nos a avan\u00e7ar para as \u00e1guas profundas do amor de Deus.<\/em><\/p>\n\n\n\n<p>Primeira Leitura:&nbsp;<strong>Colossenses 1,9-14<\/strong><\/p>\n\n\n\n<p>Leitura da carta de S\u00e3o Paulo aos Colossenses \u2013 Irm\u00e3os,&nbsp;<sup>9<\/sup>desde que recebemos essas not\u00edcias, n\u00e3o deixamos de rezar insistentemente por v\u00f3s, para que chegueis a conhecer plenamente a vontade de Deus, com toda a sabedoria e com o discernimento da luz do Esp\u00edrito.&nbsp;<sup>10<\/sup>Pois deveis levar uma vida digna do Senhor, para lhe serdes agrad\u00e1veis em tudo. Deveis produzir frutos em toda boa obra e crescer no conhecimento de Deus,&nbsp;<sup>11<\/sup>animados de muita for\u00e7a, pelo poder de sua gl\u00f3ria, de muita paci\u00eancia e const\u00e2ncia.&nbsp;<sup>12<\/sup>Com alegria dai gra\u00e7as ao Pai, que vos tornou capazes de participar da luz, que \u00e9 a heran\u00e7a dos santos.&nbsp;<sup>13<\/sup>Ele nos libertou do poder das trevas e nos recebeu no Reino de seu Filho amado,&nbsp;<sup>14<\/sup>por quem temos a reden\u00e7\u00e3o, o perd\u00e3o dos pecados. \u2013 Palavra do Senhor.<\/p>\n\n\n\n<p>Salmo Responsorial:&nbsp;<strong>97(98)<\/strong><\/p>\n\n\n\n<p><em><strong>O Senhor fez conhecer seu poder salvador \/ perante as na\u00e7\u00f5es.<\/strong><\/em><\/p>\n\n\n\n<p>1. O Senhor fez conhecer a salva\u00e7\u00e3o,&nbsp;\/&nbsp;e \u00e0s na\u00e7\u00f5es, sua justi\u00e7a;&nbsp;\/&nbsp;recordou o seu amor sempre fiel&nbsp;\/&nbsp;pela casa de Israel.&nbsp;\u2013 R.<\/p>\n\n\n\n<p>2. Os confins do universo contemplaram&nbsp;\/&nbsp;a salva\u00e7\u00e3o do nosso Deus.&nbsp;\/&nbsp;Aclamai o Senhor Deus, \u00f3 terra inteira,&nbsp;\/&nbsp;alegrai-vos e exultai!&nbsp;\u2013 R.<\/p>\n\n\n\n<p>3. Cantai salmos ao Senhor ao som da harpa&nbsp;\/&nbsp;e da c\u00edtara suave!&nbsp;\/&nbsp;Aclamai, com os clarins e as trombetas,&nbsp;\/&nbsp;ao Senhor, o nosso rei!&nbsp;\u2013 R.<\/p>\n\n\n\n<p>Evangelho:&nbsp;<strong>Lucas 5,1-11<\/strong><\/p>\n\n\n\n<p><strong><em>Aleluia, aleluia, aleluia.<\/em><\/strong><\/p>\n\n\n\n<p><strong>Vinde ap\u00f3s mim, disse o Senhor,&nbsp;\/&nbsp;e eu ensinarei a pescar gente (Mt 4,19).&nbsp;\u2013 R.<\/strong><\/p>\n\n\n\n<p>Proclama\u00e7\u00e3o do Evangelho de Jesus Cristo segundo Lucas \u2013 Naquele tempo,&nbsp;<sup>1<\/sup>Jesus estava na margem do lago de Genesar\u00e9, e a multid\u00e3o apertava-se ao seu redor para ouvir a Palavra de Deus.&nbsp;<sup>2<\/sup>Jesus viu duas barcas paradas na margem do lago. Os pescadores haviam desembarcado e lavavam as redes.&nbsp;<sup>3<\/sup>Subindo numa das barcas, que era de Sim\u00e3o, pediu que se afastasse um pouco da margem. Depois, sentou-se e, da barca, ensinava as multid\u00f5es.&nbsp;<sup>4<\/sup>Quando acabou de falar, disse a Sim\u00e3o: \u201cAvan\u00e7a para \u00e1guas mais profundas, e lan\u00e7ai vossas redes para a pesca\u201d.&nbsp;<sup>5<\/sup>Sim\u00e3o respondeu: \u201cMestre, n\u00f3s trabalhamos a noite inteira e nada pescamos. Mas, em aten\u00e7\u00e3o \u00e0 tua palavra, vou lan\u00e7ar as redes\u201d.&nbsp;<sup>6<\/sup>Assim fizeram, e apanharam tamanha quantidade de peixes, que as redes se rompiam.&nbsp;<sup>7<\/sup>Ent\u00e3o fizeram sinal aos companheiros da outra barca, para que viessem ajud\u00e1-los. Eles vieram, e encheram as duas barcas, a ponto de quase afundarem.&nbsp;<sup>8<\/sup>Ao ver aquilo, Sim\u00e3o Pedro atirou-se aos p\u00e9s de Jesus, dizendo: \u201cSenhor, afasta-te de mim, porque sou um pecador!\u201d&nbsp;<sup>9<\/sup>\u00c9 que o espanto se apoderara de Sim\u00e3o e de todos os seus companheiros, por causa da pesca que acabavam de fazer.&nbsp;<sup>10<\/sup>Tiago e Jo\u00e3o, filhos de Zebedeu, que eram s\u00f3cios de Sim\u00e3o, tamb\u00e9m ficaram espantados. Jesus, por\u00e9m, disse a Sim\u00e3o: \u201cN\u00e3o tenhas medo! De hoje em diante, tu ser\u00e1s pescador de homens\u201d.&nbsp;<sup>11<\/sup>Ent\u00e3o levaram as barcas para a margem, deixaram tudo e seguiram a Jesus. \u2013 Palavra da salva\u00e7\u00e3o.<\/p>\n\n\n\n<p>Reflex\u00e3o:<\/p>\n\n\n\n<p><em>Uma p\u00e1gina a respeito da miss\u00e3o de Jesus e dos disc\u00edpulos. As multid\u00f5es comprimiam-se ao redor de Jesus a fim de ouvirem a Palavra de Deus. O ensinamento se d\u00e1 a partir da barca, s\u00edmbolo da Igreja. Sem Jesus, a miss\u00e3o \u00e9 est\u00e9ril. \u00c9 ele quem garante a efic\u00e1cia da a\u00e7\u00e3o, por mais dif\u00edcil que seja a situa\u00e7\u00e3o. Diante do sucesso, Pedro sente o poder de Deus e se reconhece pecador. Sem comentar a atitude humilde de Pedro, Jesus o projeta para obras grandiosas: \u201cA partir de agora, voc\u00ea vai ser pescador de gente\u201d. Os outros s\u00f3cios de Sim\u00e3o tamb\u00e9m s\u00e3o chamados a compor o grupo dos ap\u00f3stolos. Em v\u00e1rias ocasi\u00f5es, os tr\u00eas \u2013 Sim\u00e3o, Tiago e Jo\u00e3o \u2013 ser\u00e3o convidados a testemunhar situa\u00e7\u00f5es significativas na vida do Mestre (transfigura\u00e7\u00e3o, paix\u00e3o). Certamente para consolid\u00e1-los na f\u00e9 em Jesus, o Filho de Deus.<\/em><\/p>\n","protected":false},"excerpt":{"rendered":"<p>Tende compaix\u00e3o de mim, Senhor, clamo por v\u00f3s o dia inteiro; Senhor, sois bom e clemente, cheio de miseric\u00f3rdia para aqueles que vos invocam (Sl 85,3.5). A comunidade crist\u00e3 ideal \u00e9 aquela cujos&#8230;<\/p>\n","protected":false},"author":2,"featured_media":21028,"comment_status":"open","ping_status":"open","sticky":false,"template":"","format":"standard","meta":[],"categories":[7],"tags":[],"_links":{"self":[{"href":"https:\/\/www.salvatorianas.org.br\/blog\/wp-json\/wp\/v2\/posts\/21021"}],"collection":[{"href":"https:\/\/www.salvatorianas.org.br\/blog\/wp-json\/wp\/v2\/posts"}],"about":[{"href":"https:\/\/www.salvatorianas.org.br\/blog\/wp-json\/wp\/v2\/types\/post"}],"author":[{"embeddable":true,"href":"https:\/\/www.salvatorianas.org.br\/blog\/wp-json\/wp\/v2\/users\/2"}],"replies":[{"embeddable":true,"href":"https:\/\/www.salvatorianas.org.br\/blog\/wp-json\/wp\/v2\/comments?post=21021"}],"version-history":[{"count":1,"href":"https:\/\/www.salvatorianas.org.br\/blog\/wp-json\/wp\/v2\/posts\/21021\/revisions"}],"predecessor-version":[{"id":21022,"href":"https:\/\/www.salvatorianas.org.br\/blog\/wp-json\/wp\/v2\/posts\/21021\/revisions\/21022"}],"wp:featuredmedia":[{"embeddable":true,"href":"https:\/\/www.salvatorianas.org.br\/blog\/wp-json\/wp\/v2\/media\/21028"}],"wp:attachment":[{"href":"https:\/\/www.salvatorianas.org.br\/blog\/wp-json\/wp\/v2\/media?parent=21021"}],"wp:term":[{"taxonomy":"category","embeddable":true,"href":"https:\/\/www.salvatorianas.org.br\/blog\/wp-json\/wp\/v2\/categories?post=21021"},{"taxonomy":"post_tag","embeddable":true,"href":"https:\/\/www.salvatorianas.org.br\/blog\/wp-json\/wp\/v2\/tags?post=21021"}],"curies":[{"name":"wp","href":"https:\/\/api.w.org\/{rel}","templated":true}]}}