{"id":21016,"date":"2023-09-06T01:48:00","date_gmt":"2023-09-06T01:48:00","guid":{"rendered":"https:\/\/www.salvatorianas.org.br\/blog\/?p=21016"},"modified":"2023-09-04T16:49:27","modified_gmt":"2023-09-04T16:49:27","slug":"22a-semana-do-tempo-comum-ano-impar-i-3","status":"publish","type":"post","link":"https:\/\/www.salvatorianas.org.br\/blog\/22a-semana-do-tempo-comum-ano-impar-i-3\/","title":{"rendered":"22\u00aa Semana do Tempo Comum, Ano \u00cdmpar (I)"},"content":{"rendered":"\n<p>Tende compaix\u00e3o de mim, Senhor, clamo por v\u00f3s o dia inteiro; Senhor, sois bom e clemente, cheio de miseric\u00f3rdia para aqueles que vos invocam (Sl 85,3.5).<\/p>\n\n\n\n<p><em>A comunidade que vive de f\u00e9, esperan\u00e7a e amor fraterno \u00e9 o testemunho vivo do Cristo ressuscitado. Com tais caracter\u00edsticas, ela desperta a\u00e7\u00f5es de gra\u00e7as a Deus e revela o dinamismo do Esp\u00edrito Santo. Curados pelo Senhor, fortale\u00e7amos na liturgia a disposi\u00e7\u00e3o de amar e servir.<\/em><\/p>\n\n\n\n<p>Primeira Leitura:&nbsp;<strong>Colossenses 1,1-8<\/strong><\/p>\n\n\n\n<p>In\u00edcio da carta de S\u00e3o Paulo aos Colossenses \u2013&nbsp;<sup>1<\/sup>Paulo, ap\u00f3stolo de Cristo Jesus por vontade de Deus, e o irm\u00e3o Tim\u00f3teo&nbsp;<sup>2<\/sup>aos santos e fi\u00e9is irm\u00e3os em Cristo que est\u00e3o em Colossas: gra\u00e7a e paz da parte de Deus, nosso Pai.&nbsp;<sup>3<\/sup>Damos gra\u00e7as a Deus, Pai de nosso Senhor Jesus Cristo, sempre rezando por v\u00f3s,&nbsp;<sup>4<\/sup>pois ouvimos acerca da vossa f\u00e9 em Cristo Jesus e do amor que mostrais para com todos os santos,&nbsp;<sup>5<\/sup>animados pela esperan\u00e7a na posse do c\u00e9u. Disso j\u00e1 ouvistes falar no Evangelho, cuja palavra de verdade chegou at\u00e9 v\u00f3s.&nbsp;<sup>6<\/sup>E como no mundo inteiro, assim tamb\u00e9m entre v\u00f3s ela est\u00e1 produzindo frutos e se desenvolve desde o dia em que ouvistes a gra\u00e7a divina e conhecestes verdadeiramente.&nbsp;<sup>7<\/sup>Assim aprendestes de Epafras, nosso estimado companheiro, que \u00e9, junto de v\u00f3s, um aut\u00eantico mensageiro de Cristo.&nbsp;<sup>8<\/sup>Foi ele quem nos deu not\u00edcia sobre o amor que o Esp\u00edrito suscitou em v\u00f3s. \u2013 Palavra do Senhor.<\/p>\n\n\n\n<p>Salmo Responsorial:&nbsp;<strong>51(52)<\/strong><\/p>\n\n\n\n<p><em><strong>Confio na clem\u00eancia do meu Deus, agora e sempre!<\/strong><\/em><\/p>\n\n\n\n<p>1. Eu, por\u00e9m, como oliveira verdejante&nbsp;\/&nbsp;na casa do Senhor,&nbsp;\/&nbsp;confio na clem\u00eancia do meu Deus&nbsp;\/&nbsp;agora e para sempre!&nbsp;\u2013 R.<\/p>\n\n\n\n<p>2. Louvarei a vossa gra\u00e7a eternamente,&nbsp;\/&nbsp;porque v\u00f3s assim agistes;&nbsp;\/&nbsp;espero em vosso nome, porque \u00e9 bom,&nbsp;\/&nbsp;perante os vossos santos!&nbsp;\u2013 R.<\/p>\n\n\n\n<p>Evangelho:&nbsp;<strong>Lucas 4,38-44<\/strong><\/p>\n\n\n\n<p><strong><em>Aleluia, aleluia, aleluia.<\/em><\/strong><\/p>\n\n\n\n<p><strong>O Esp\u00edrito do Senhor repousa sobre mim&nbsp;\/&nbsp;e enviou-me a anunciar aos pobres o Evangelho (Lc 4,18).&nbsp;\u2013 R.<\/strong><\/p>\n\n\n\n<p>Proclama\u00e7\u00e3o do Evangelho de Jesus Cristo segundo Lucas \u2013 Naquele tempo,&nbsp;<sup>38<\/sup>Jesus saiu da sinagoga e entrou na casa de Sim\u00e3o. A sogra de Sim\u00e3o estava sofrendo com febre alta, e pediram a Jesus em favor dela.&nbsp;<sup>39<\/sup>Inclinando-se sobre ela, Jesus amea\u00e7ou a febre, e a febre a deixou. Imediatamente, ela se levantou e come\u00e7ou a servi-los.&nbsp;<sup>40<\/sup>Ao p\u00f4r do sol, todos os que tinham doentes atingidos por diversos males os levaram a Jesus. Jesus colocava as m\u00e3os em cada um deles e os curava.&nbsp;<sup>41<\/sup>De muitas pessoas tamb\u00e9m sa\u00edam dem\u00f4nios, gritando: \u201cTu \u00e9s o Filho de Deus\u201d. Jesus os amea\u00e7ava e n\u00e3o os deixava falar, porque sabiam que ele era o Messias.&nbsp;<sup>42<\/sup>Ao raiar do dia, Jesus saiu e foi para um lugar deserto. As multid\u00f5es o procuravam e, indo at\u00e9 ele, tentavam impedi-lo de que os deixasse.&nbsp;<sup>43<\/sup>Mas Jesus disse: \u201cEu devo anunciar a Boa-nova do Reino de Deus tamb\u00e9m a outras cidades, porque para isso \u00e9 que eu fui enviado\u201d.&nbsp;<sup>44<\/sup>E pregava nas sinagogas da Judeia. \u2013 Palavra da salva\u00e7\u00e3o.<\/p>\n\n\n\n<p>Reflex\u00e3o:<\/p>\n\n\n\n<p><em>Jesus leva a s\u00e9rio seu programa de liberta\u00e7\u00e3o, assumido na sinagoga de Nazar\u00e9 (Lc 4,16-22). Em Cafarnaum, liberta um homem possu\u00eddo pelo esp\u00edrito impuro. Da sinagoga, Jesus desloca-se para a casa de Sim\u00e3o, cuja sogra tem febre alta. Jesus \u201crepreendeu a febre\u201d, e a mulher recuperou a condi\u00e7\u00e3o de prestar servi\u00e7os \u00e0 comunidade. No final do dia, Jesus entra em contato com muito doentes, com diversos tipos de enfermidades, e liberta a todos, com a simples e poderosa imposi\u00e7\u00e3o das m\u00e3os. As multid\u00f5es, possivelmente por interesse, \u201co seguravam para que n\u00e3o fosse embora\u201d. Querem fechar o Mestre no seu pequeno c\u00edrculo. Jesus, por\u00e9m, movido pela for\u00e7a da ora\u00e7\u00e3o, retoma o sentido de sua miss\u00e3o: \u201cEu devo anunciar a Boa Not\u00edcia do Reino de Deus tamb\u00e9m a outras cidades, pois para isso \u00e9 que fui enviado\u201d.<\/em><\/p>\n","protected":false},"excerpt":{"rendered":"<p>Tende compaix\u00e3o de mim, Senhor, clamo por v\u00f3s o dia inteiro; Senhor, sois bom e clemente, cheio de miseric\u00f3rdia para aqueles que vos invocam (Sl 85,3.5). A comunidade que vive de f\u00e9, esperan\u00e7a&#8230;<\/p>\n","protected":false},"author":2,"featured_media":21017,"comment_status":"open","ping_status":"open","sticky":false,"template":"","format":"standard","meta":[],"categories":[7],"tags":[],"_links":{"self":[{"href":"https:\/\/www.salvatorianas.org.br\/blog\/wp-json\/wp\/v2\/posts\/21016"}],"collection":[{"href":"https:\/\/www.salvatorianas.org.br\/blog\/wp-json\/wp\/v2\/posts"}],"about":[{"href":"https:\/\/www.salvatorianas.org.br\/blog\/wp-json\/wp\/v2\/types\/post"}],"author":[{"embeddable":true,"href":"https:\/\/www.salvatorianas.org.br\/blog\/wp-json\/wp\/v2\/users\/2"}],"replies":[{"embeddable":true,"href":"https:\/\/www.salvatorianas.org.br\/blog\/wp-json\/wp\/v2\/comments?post=21016"}],"version-history":[{"count":1,"href":"https:\/\/www.salvatorianas.org.br\/blog\/wp-json\/wp\/v2\/posts\/21016\/revisions"}],"predecessor-version":[{"id":21018,"href":"https:\/\/www.salvatorianas.org.br\/blog\/wp-json\/wp\/v2\/posts\/21016\/revisions\/21018"}],"wp:featuredmedia":[{"embeddable":true,"href":"https:\/\/www.salvatorianas.org.br\/blog\/wp-json\/wp\/v2\/media\/21017"}],"wp:attachment":[{"href":"https:\/\/www.salvatorianas.org.br\/blog\/wp-json\/wp\/v2\/media?parent=21016"}],"wp:term":[{"taxonomy":"category","embeddable":true,"href":"https:\/\/www.salvatorianas.org.br\/blog\/wp-json\/wp\/v2\/categories?post=21016"},{"taxonomy":"post_tag","embeddable":true,"href":"https:\/\/www.salvatorianas.org.br\/blog\/wp-json\/wp\/v2\/tags?post=21016"}],"curies":[{"name":"wp","href":"https:\/\/api.w.org\/{rel}","templated":true}]}}