{"id":21013,"date":"2023-09-05T01:46:00","date_gmt":"2023-09-05T01:46:00","guid":{"rendered":"https:\/\/www.salvatorianas.org.br\/blog\/?p=21013"},"modified":"2023-09-04T16:48:36","modified_gmt":"2023-09-04T16:48:36","slug":"22a-semana-do-tempo-comum-ano-impar-i-2","status":"publish","type":"post","link":"https:\/\/www.salvatorianas.org.br\/blog\/22a-semana-do-tempo-comum-ano-impar-i-2\/","title":{"rendered":"22\u00aa Semana do Tempo Comum, Ano \u00cdmpar (I)"},"content":{"rendered":"\n<p>Tende compaix\u00e3o de mim, Senhor, clamo por v\u00f3s o dia inteiro; Senhor, sois bom e clemente, cheio de miseric\u00f3rdia para aqueles que vos invocam (Sl 85,3.5).<\/p>\n\n\n\n<p><em>Como \u201cfilhos da luz e filhos do dia\u201d, os crist\u00e3os n\u00e3o perdem tempo calculando quando Jesus vir\u00e1. Porque o Senhor vem a todo instante, no cotidiano da vida e na conclus\u00e3o da exist\u00eancia terrena. Celebremos sua bondade, que nos acompanha, e acolhamos a for\u00e7a de seus ensinamentos.<\/em><\/p>\n\n\n\n<p>Primeira Leitura:&nbsp;<strong>1 Tessalonicenses 5,1-6.9-11<\/strong><\/p>\n\n\n\n<p>Leitura da primeira carta de S\u00e3o Paulo aos Tessalonicenses \u2013&nbsp;<sup>1<\/sup>Quanto ao tempo e \u00e0 hora, meus irm\u00e3os, n\u00e3o h\u00e1 por que vos escrever.&nbsp;<sup>2<\/sup>V\u00f3s mesmos sabeis perfeitamente que o dia do Senhor vir\u00e1 como ladr\u00e3o, de noite.&nbsp;<sup>3<\/sup>Quando as pessoas disserem: \u201cPaz e seguran\u00e7a!\u201d, ent\u00e3o de repente sobrevir\u00e1 a destrui\u00e7\u00e3o, como as dores de parto sobre a mulher gr\u00e1vida. E n\u00e3o poder\u00e3o escapar.&nbsp;<sup>4<\/sup>Mas v\u00f3s, meus irm\u00e3os, n\u00e3o estais nas trevas, de modo que esse dia vos surpreenda como um ladr\u00e3o.&nbsp;<sup>5<\/sup>Todos v\u00f3s sois filhos da luz e filhos do dia. N\u00e3o somos da noite nem das trevas.&nbsp;<sup>6<\/sup>Portanto, n\u00e3o durmamos, como os outros, mas sejamos vigilantes e s\u00f3brios.&nbsp;<sup>9<\/sup>Deus n\u00e3o nos destinou para a ira, mas para alcan\u00e7armos a salva\u00e7\u00e3o por meio de nosso Senhor Jesus Cristo.&nbsp;<sup>10<\/sup>Ele morreu por n\u00f3s para que, quer vigiando nesta vida, quer adormecidos na morte, alcancemos a vida junto dele.&nbsp;<sup>11<\/sup>Por isso, exortai-vos e edificai-vos uns aos outros, como j\u00e1 costumais fazer. \u2013 Palavra do Senhor.<\/p>\n\n\n\n<p>Salmo Responsorial:&nbsp;<strong>26(27)<\/strong><\/p>\n\n\n\n<p><em><strong>Sei que a bondade do Senhor eu hei de ver \/ na terra dos viventes.<\/strong><\/em><\/p>\n\n\n\n<p>1. O Senhor \u00e9 minha luz e salva\u00e7\u00e3o;&nbsp;\/&nbsp;de quem eu terei medo?&nbsp;\/&nbsp;O Senhor \u00e9 a prote\u00e7\u00e3o da minha vida;&nbsp;\/&nbsp;perante quem eu tremerei?&nbsp;\u2013 R.<\/p>\n\n\n\n<p>2. Ao Senhor eu pe\u00e7o apenas uma coisa,&nbsp;\/&nbsp;e \u00e9 s\u00f3 isto que eu desejo:&nbsp;\/&nbsp;habitar no santu\u00e1rio do Senhor&nbsp;\/&nbsp;por toda a minha vida;&nbsp;\/&nbsp;saborear a suavidade do Senhor&nbsp;\/&nbsp;e contempl\u00e1-lo no seu templo.&nbsp;\u2013 R.<\/p>\n\n\n\n<p>3. Sei que a bondade do Senhor eu hei de ver&nbsp;\/&nbsp;na terra dos viventes.&nbsp;\/&nbsp;Espera no Senhor e tem coragem,&nbsp;\/&nbsp;espera no Senhor!&nbsp;\u2013 R.<\/p>\n\n\n\n<p>Evangelho:&nbsp;<strong>Lucas 4,31-37<\/strong><\/p>\n\n\n\n<p><strong><em>Aleluia, aleluia, aleluia.<\/em><\/strong><\/p>\n\n\n\n<p><strong>Um grande profeta surgiu entre n\u00f3s&nbsp;\/&nbsp;e Deus visitou o seu povo (Lc 7,16).&nbsp;\u2013 R.<\/strong><\/p>\n\n\n\n<p>Proclama\u00e7\u00e3o do Evangelho de Jesus Cristo segundo Lucas \u2013 Naquele tempo,&nbsp;<sup>31<\/sup>Jesus desceu a Cafarnaum, cidade da Galileia, e a\u00ed ensinava-os aos s\u00e1bados.&nbsp;<sup>32<\/sup>As pessoas ficavam admiradas com o seu ensinamento, porque Jesus falava com autoridade.&nbsp;<sup>33<\/sup>Na sinagoga havia um homem possu\u00eddo pelo esp\u00edrito de um dem\u00f4nio impuro, que gritou em alta voz:&nbsp;<sup>34<\/sup>\u201cO que queres de n\u00f3s, Jesus Nazareno? Vieste para nos destruir? Eu sei quem tu \u00e9s: tu \u00e9s o Santo de Deus!\u201d&nbsp;<sup>35<\/sup>Jesus o amea\u00e7ou, dizendo: \u201cCala-te e sai dele!\u201d Ent\u00e3o o dem\u00f4nio lan\u00e7ou o homem no ch\u00e3o, saiu dele e n\u00e3o lhe fez mal nenhum.&nbsp;<sup>36<\/sup>O espanto se apossou de todos, e eles comentavam entre si: \u201cQue palavra \u00e9 essa? Ele manda nos esp\u00edritos impuros com autoridade e poder, e eles saem\u201d.&nbsp;<sup>37<\/sup>E a fama de Jesus se espalhava em todos os lugares da redondeza. \u2013 Palavra da salva\u00e7\u00e3o.<\/p>\n\n\n\n<p>Reflex\u00e3o:<\/p>\n\n\n\n<p><em>Coerente com seu programa mission\u00e1rio libertador, assumido na sinagoga de Nazar\u00e9, Jesus vai a campo. Como de praxe, ensina nas sinagogas. Fala com autoridade, de modo que as for\u00e7as adversas (dem\u00f4nio impuro) lhe obedecem, e seus ouvintes ficam maravilhados. Com sua palavra eficaz, Jesus expulsa um esp\u00edrito impuro, que percebe estar diante de uma for\u00e7a superior: \u201cEu sei quem tu \u00e9s: o Santo de Deus\u201d. O espanto toma conta de todos, porque os esp\u00edritos impuros s\u00e3o submetidos \u00e0s ordens de Jesus, dadas com autoridade e poder. Era inevit\u00e1vel que a fama de Jesus se espalhasse por toda parte. Mais tarde, ele investir\u00e1 seus disc\u00edpulos com este mesmo poder, isto \u00e9, o de libertar o povo da escravid\u00e3o e de todas as amarras que o privam da vida plena que Deus quer para todos.<\/em><\/p>\n","protected":false},"excerpt":{"rendered":"<p>Tende compaix\u00e3o de mim, Senhor, clamo por v\u00f3s o dia inteiro; Senhor, sois bom e clemente, cheio de miseric\u00f3rdia para aqueles que vos invocam (Sl 85,3.5). Como \u201cfilhos da luz e filhos do&#8230;<\/p>\n","protected":false},"author":2,"featured_media":21014,"comment_status":"open","ping_status":"open","sticky":false,"template":"","format":"standard","meta":[],"categories":[7],"tags":[],"_links":{"self":[{"href":"https:\/\/www.salvatorianas.org.br\/blog\/wp-json\/wp\/v2\/posts\/21013"}],"collection":[{"href":"https:\/\/www.salvatorianas.org.br\/blog\/wp-json\/wp\/v2\/posts"}],"about":[{"href":"https:\/\/www.salvatorianas.org.br\/blog\/wp-json\/wp\/v2\/types\/post"}],"author":[{"embeddable":true,"href":"https:\/\/www.salvatorianas.org.br\/blog\/wp-json\/wp\/v2\/users\/2"}],"replies":[{"embeddable":true,"href":"https:\/\/www.salvatorianas.org.br\/blog\/wp-json\/wp\/v2\/comments?post=21013"}],"version-history":[{"count":1,"href":"https:\/\/www.salvatorianas.org.br\/blog\/wp-json\/wp\/v2\/posts\/21013\/revisions"}],"predecessor-version":[{"id":21015,"href":"https:\/\/www.salvatorianas.org.br\/blog\/wp-json\/wp\/v2\/posts\/21013\/revisions\/21015"}],"wp:featuredmedia":[{"embeddable":true,"href":"https:\/\/www.salvatorianas.org.br\/blog\/wp-json\/wp\/v2\/media\/21014"}],"wp:attachment":[{"href":"https:\/\/www.salvatorianas.org.br\/blog\/wp-json\/wp\/v2\/media?parent=21013"}],"wp:term":[{"taxonomy":"category","embeddable":true,"href":"https:\/\/www.salvatorianas.org.br\/blog\/wp-json\/wp\/v2\/categories?post=21013"},{"taxonomy":"post_tag","embeddable":true,"href":"https:\/\/www.salvatorianas.org.br\/blog\/wp-json\/wp\/v2\/tags?post=21013"}],"curies":[{"name":"wp","href":"https:\/\/api.w.org\/{rel}","templated":true}]}}