{"id":21003,"date":"2023-09-04T12:40:20","date_gmt":"2023-09-04T12:40:20","guid":{"rendered":"https:\/\/www.salvatorianas.org.br\/blog\/?p=21003"},"modified":"2023-09-12T14:05:59","modified_gmt":"2023-09-12T14:05:59","slug":"projeto-colorindo-a-vida","status":"publish","type":"post","link":"https:\/\/www.salvatorianas.org.br\/blog\/projeto-colorindo-a-vida\/","title":{"rendered":"Projeto Colorindo a vida"},"content":{"rendered":"\n<p><\/p>\n\n\n\n<p><\/p>\n\n\n\n<p>No dia 29 de agosto de 2023, o Projeto Colorindo a Vida, em Fortaleza\/CE, encerrou o curso de pintura em tecido e pl\u00e1sticos. O curso contou com a presen\u00e7a de 16 mulheres, com 24 horas de aula e dura\u00e7\u00e3o de 02 meses. Al\u00e9m de aprenderem a pintura foi uma profunda experi\u00eancia de terapia grupal; uma experi\u00eancia que ajudou a cada uma das participantes a elevarem a sua autoestima e descobrirem que trazem dentro de si a beleza da arte de criar e recriar. O curso de pintura foi realizado atrav\u00e9s da ajuda financeira das Irm\u00e3s Salvatorianas e de doa\u00e7\u00f5es de benfeitores. Nossa gratid\u00e3o por todos os que se envolvem e se comprometem para que os projetos sociais aqui em Fortaleza CE, sejam viabilizados.<\/p>\n\n\n\n<figure class=\"wp-block-image size-large\"><img decoding=\"async\" loading=\"lazy\" width=\"1024\" height=\"768\" src=\"https:\/\/www.salvatorianas.org.br\/blog\/wp-content\/uploads\/2023\/09\/2-1024x768.jpg\" alt=\"\" class=\"wp-image-21005\" srcset=\"https:\/\/www.salvatorianas.org.br\/blog\/wp-content\/uploads\/2023\/09\/2-1024x768.jpg 1024w, https:\/\/www.salvatorianas.org.br\/blog\/wp-content\/uploads\/2023\/09\/2-300x225.jpg 300w, https:\/\/www.salvatorianas.org.br\/blog\/wp-content\/uploads\/2023\/09\/2-768x576.jpg 768w, https:\/\/www.salvatorianas.org.br\/blog\/wp-content\/uploads\/2023\/09\/2-1536x1152.jpg 1536w, https:\/\/www.salvatorianas.org.br\/blog\/wp-content\/uploads\/2023\/09\/2.jpg 1600w\" sizes=\"(max-width: 1024px) 100vw, 1024px\" \/><\/figure>\n\n\n\n<figure class=\"wp-block-image size-large\"><img decoding=\"async\" loading=\"lazy\" width=\"1024\" height=\"768\" src=\"https:\/\/www.salvatorianas.org.br\/blog\/wp-content\/uploads\/2023\/09\/3-1024x768.jpg\" alt=\"\" class=\"wp-image-21006\" srcset=\"https:\/\/www.salvatorianas.org.br\/blog\/wp-content\/uploads\/2023\/09\/3-1024x768.jpg 1024w, https:\/\/www.salvatorianas.org.br\/blog\/wp-content\/uploads\/2023\/09\/3-300x225.jpg 300w, https:\/\/www.salvatorianas.org.br\/blog\/wp-content\/uploads\/2023\/09\/3-768x576.jpg 768w, https:\/\/www.salvatorianas.org.br\/blog\/wp-content\/uploads\/2023\/09\/3-1536x1152.jpg 1536w, https:\/\/www.salvatorianas.org.br\/blog\/wp-content\/uploads\/2023\/09\/3.jpg 1600w\" sizes=\"(max-width: 1024px) 100vw, 1024px\" \/><\/figure>\n\n\n\n<figure class=\"wp-block-image size-large\"><img decoding=\"async\" loading=\"lazy\" width=\"1024\" height=\"768\" src=\"https:\/\/www.salvatorianas.org.br\/blog\/wp-content\/uploads\/2023\/09\/4-1024x768.jpg\" alt=\"\" class=\"wp-image-21007\" srcset=\"https:\/\/www.salvatorianas.org.br\/blog\/wp-content\/uploads\/2023\/09\/4-1024x768.jpg 1024w, https:\/\/www.salvatorianas.org.br\/blog\/wp-content\/uploads\/2023\/09\/4-300x225.jpg 300w, https:\/\/www.salvatorianas.org.br\/blog\/wp-content\/uploads\/2023\/09\/4-768x576.jpg 768w, https:\/\/www.salvatorianas.org.br\/blog\/wp-content\/uploads\/2023\/09\/4-1536x1152.jpg 1536w, https:\/\/www.salvatorianas.org.br\/blog\/wp-content\/uploads\/2023\/09\/4.jpg 1600w\" sizes=\"(max-width: 1024px) 100vw, 1024px\" \/><\/figure>\n\n\n\n<figure class=\"wp-block-image size-large\"><img decoding=\"async\" loading=\"lazy\" width=\"768\" height=\"1024\" src=\"https:\/\/www.salvatorianas.org.br\/blog\/wp-content\/uploads\/2023\/09\/5-768x1024.jpg\" alt=\"\" class=\"wp-image-21008\" srcset=\"https:\/\/www.salvatorianas.org.br\/blog\/wp-content\/uploads\/2023\/09\/5-768x1024.jpg 768w, https:\/\/www.salvatorianas.org.br\/blog\/wp-content\/uploads\/2023\/09\/5-225x300.jpg 225w, https:\/\/www.salvatorianas.org.br\/blog\/wp-content\/uploads\/2023\/09\/5-1152x1536.jpg 1152w, https:\/\/www.salvatorianas.org.br\/blog\/wp-content\/uploads\/2023\/09\/5.jpg 1200w\" sizes=\"(max-width: 768px) 100vw, 768px\" \/><\/figure>\n\n\n\n<figure class=\"wp-block-image size-large\"><img decoding=\"async\" loading=\"lazy\" width=\"768\" height=\"1024\" src=\"https:\/\/www.salvatorianas.org.br\/blog\/wp-content\/uploads\/2023\/09\/6-768x1024.jpg\" alt=\"\" class=\"wp-image-21009\" srcset=\"https:\/\/www.salvatorianas.org.br\/blog\/wp-content\/uploads\/2023\/09\/6-768x1024.jpg 768w, https:\/\/www.salvatorianas.org.br\/blog\/wp-content\/uploads\/2023\/09\/6-225x300.jpg 225w, https:\/\/www.salvatorianas.org.br\/blog\/wp-content\/uploads\/2023\/09\/6-1152x1536.jpg 1152w, https:\/\/www.salvatorianas.org.br\/blog\/wp-content\/uploads\/2023\/09\/6.jpg 1200w\" sizes=\"(max-width: 768px) 100vw, 768px\" \/><\/figure>\n\n\n\n<figure class=\"wp-block-image size-large\"><img decoding=\"async\" loading=\"lazy\" width=\"768\" height=\"1024\" src=\"https:\/\/www.salvatorianas.org.br\/blog\/wp-content\/uploads\/2023\/09\/7-768x1024.jpg\" alt=\"\" class=\"wp-image-21010\" srcset=\"https:\/\/www.salvatorianas.org.br\/blog\/wp-content\/uploads\/2023\/09\/7-768x1024.jpg 768w, https:\/\/www.salvatorianas.org.br\/blog\/wp-content\/uploads\/2023\/09\/7-225x300.jpg 225w, https:\/\/www.salvatorianas.org.br\/blog\/wp-content\/uploads\/2023\/09\/7-1152x1536.jpg 1152w, https:\/\/www.salvatorianas.org.br\/blog\/wp-content\/uploads\/2023\/09\/7.jpg 1200w\" sizes=\"(max-width: 768px) 100vw, 768px\" \/><\/figure>\n","protected":false},"excerpt":{"rendered":"<p>No dia 29 de agosto de 2023, o Projeto Colorindo a Vida, em Fortaleza\/CE, encerrou o curso de pintura em tecido e pl\u00e1sticos. O curso contou com a presen\u00e7a de 16 mulheres, com&#8230;<\/p>\n","protected":false},"author":2,"featured_media":21004,"comment_status":"open","ping_status":"open","sticky":false,"template":"","format":"standard","meta":[],"categories":[1],"tags":[],"_links":{"self":[{"href":"https:\/\/www.salvatorianas.org.br\/blog\/wp-json\/wp\/v2\/posts\/21003"}],"collection":[{"href":"https:\/\/www.salvatorianas.org.br\/blog\/wp-json\/wp\/v2\/posts"}],"about":[{"href":"https:\/\/www.salvatorianas.org.br\/blog\/wp-json\/wp\/v2\/types\/post"}],"author":[{"embeddable":true,"href":"https:\/\/www.salvatorianas.org.br\/blog\/wp-json\/wp\/v2\/users\/2"}],"replies":[{"embeddable":true,"href":"https:\/\/www.salvatorianas.org.br\/blog\/wp-json\/wp\/v2\/comments?post=21003"}],"version-history":[{"count":3,"href":"https:\/\/www.salvatorianas.org.br\/blog\/wp-json\/wp\/v2\/posts\/21003\/revisions"}],"predecessor-version":[{"id":21065,"href":"https:\/\/www.salvatorianas.org.br\/blog\/wp-json\/wp\/v2\/posts\/21003\/revisions\/21065"}],"wp:featuredmedia":[{"embeddable":true,"href":"https:\/\/www.salvatorianas.org.br\/blog\/wp-json\/wp\/v2\/media\/21004"}],"wp:attachment":[{"href":"https:\/\/www.salvatorianas.org.br\/blog\/wp-json\/wp\/v2\/media?parent=21003"}],"wp:term":[{"taxonomy":"category","embeddable":true,"href":"https:\/\/www.salvatorianas.org.br\/blog\/wp-json\/wp\/v2\/categories?post=21003"},{"taxonomy":"post_tag","embeddable":true,"href":"https:\/\/www.salvatorianas.org.br\/blog\/wp-json\/wp\/v2\/tags?post=21003"}],"curies":[{"name":"wp","href":"https:\/\/api.w.org\/{rel}","templated":true}]}}