{"id":20991,"date":"2023-09-03T15:02:31","date_gmt":"2023-09-03T15:02:31","guid":{"rendered":"https:\/\/www.salvatorianas.org.br\/blog\/?p=20991"},"modified":"2023-09-12T14:09:09","modified_gmt":"2023-09-12T14:09:09","slug":"provincia-salvatoriana-santa-catarina-recebe-visita-de-membros-do-conselho-geral-de-roma-2","status":"publish","type":"post","link":"https:\/\/www.salvatorianas.org.br\/blog\/provincia-salvatoriana-santa-catarina-recebe-visita-de-membros-do-conselho-geral-de-roma-2\/","title":{"rendered":"Prov\u00edncia Salvatoriana Santa Catarina recebe visita de membros do Conselho Geral de Roma"},"content":{"rendered":"\n<p>As Irm\u00e3s Lilly Kurian, vice-Geral e Ren\u00e1ria Bezerra, Conselheira Geral continuam visitando as comunidades das Irm\u00e3s Salvatorianas da Prov\u00edncia Santa Catarina, acompanhadas da Ir. Lisete Buganti, Coordenadora Provincial. &nbsp;Esta visita \u00e9 um tempo forte de reflex\u00e3o, partilha e experi\u00eancias comunit\u00e1rias e junto com o povo de Deus nos espa\u00e7os de miss\u00e3o. \u201cMomento muito rico de conviv\u00eancia, espiritualidade, espa\u00e7o para partilha da vida mission\u00e1ria salvatoriana e de um olhar de esperan\u00e7a para o presente e o futuro de nossa prov\u00edncia e para os apostolados com maior participa\u00e7\u00e3o de colaboradores (leigos) e unidade como fam\u00edlia salvatoriana\u201d destaca uma comunidade. O \u201cnosso cora\u00e7\u00e3o continua ardendo\u201d pelo testemunho de escuta, ilumina\u00e7\u00f5es, incentivo e motiva\u00e7\u00e3o que nos trazem nossas irm\u00e3s.&nbsp; Partilhamos algumas imagens da visita realizada nas Comunidades M\u00e3e dos Oprimidos em Xique Xique\/BA, Ax\u00e9 em Feira de Santana\/BA e Maria, M\u00e3e da Amaz\u00f4nia em Humait\u00e1\/AM.<\/p>\n\n\n\n<figure class=\"wp-block-image size-large\"><img decoding=\"async\" loading=\"lazy\" width=\"1024\" height=\"461\" src=\"https:\/\/www.salvatorianas.org.br\/blog\/wp-content\/uploads\/2023\/09\/2-XX-todas-1024x461.jpg\" alt=\"\" class=\"wp-image-20993\" srcset=\"https:\/\/www.salvatorianas.org.br\/blog\/wp-content\/uploads\/2023\/09\/2-XX-todas-1024x461.jpg 1024w, https:\/\/www.salvatorianas.org.br\/blog\/wp-content\/uploads\/2023\/09\/2-XX-todas-300x135.jpg 300w, https:\/\/www.salvatorianas.org.br\/blog\/wp-content\/uploads\/2023\/09\/2-XX-todas-768x345.jpg 768w, https:\/\/www.salvatorianas.org.br\/blog\/wp-content\/uploads\/2023\/09\/2-XX-todas-1536x691.jpg 1536w, https:\/\/www.salvatorianas.org.br\/blog\/wp-content\/uploads\/2023\/09\/2-XX-todas-2048x921.jpg 2048w\" sizes=\"(max-width: 1024px) 100vw, 1024px\" \/><\/figure>\n\n\n\n<figure class=\"wp-block-image size-large\"><img decoding=\"async\" loading=\"lazy\" width=\"1024\" height=\"697\" src=\"https:\/\/www.salvatorianas.org.br\/blog\/wp-content\/uploads\/2023\/09\/3-XX-cde-1024x697.jpg\" alt=\"\" class=\"wp-image-20994\" srcset=\"https:\/\/www.salvatorianas.org.br\/blog\/wp-content\/uploads\/2023\/09\/3-XX-cde-1024x697.jpg 1024w, https:\/\/www.salvatorianas.org.br\/blog\/wp-content\/uploads\/2023\/09\/3-XX-cde-300x204.jpg 300w, https:\/\/www.salvatorianas.org.br\/blog\/wp-content\/uploads\/2023\/09\/3-XX-cde-768x523.jpg 768w, https:\/\/www.salvatorianas.org.br\/blog\/wp-content\/uploads\/2023\/09\/3-XX-cde-1536x1046.jpg 1536w, https:\/\/www.salvatorianas.org.br\/blog\/wp-content\/uploads\/2023\/09\/3-XX-cde-2048x1395.jpg 2048w\" sizes=\"(max-width: 1024px) 100vw, 1024px\" \/><\/figure>\n\n\n\n<figure class=\"wp-block-image size-large\"><img decoding=\"async\" loading=\"lazy\" width=\"1024\" height=\"1024\" src=\"https:\/\/www.salvatorianas.org.br\/blog\/wp-content\/uploads\/2023\/09\/4-Axe-4-1024x1024.jpg\" alt=\"\" class=\"wp-image-20995\" srcset=\"https:\/\/www.salvatorianas.org.br\/blog\/wp-content\/uploads\/2023\/09\/4-Axe-4-1024x1024.jpg 1024w, https:\/\/www.salvatorianas.org.br\/blog\/wp-content\/uploads\/2023\/09\/4-Axe-4-300x300.jpg 300w, https:\/\/www.salvatorianas.org.br\/blog\/wp-content\/uploads\/2023\/09\/4-Axe-4-150x150.jpg 150w, https:\/\/www.salvatorianas.org.br\/blog\/wp-content\/uploads\/2023\/09\/4-Axe-4-768x768.jpg 768w, https:\/\/www.salvatorianas.org.br\/blog\/wp-content\/uploads\/2023\/09\/4-Axe-4.jpg 1496w\" sizes=\"(max-width: 1024px) 100vw, 1024px\" \/><\/figure>\n\n\n\n<figure class=\"wp-block-image size-large\"><img decoding=\"async\" loading=\"lazy\" width=\"1024\" height=\"1024\" src=\"https:\/\/www.salvatorianas.org.br\/blog\/wp-content\/uploads\/2023\/09\/5-Axe-1024x1024.jpg\" alt=\"\" class=\"wp-image-20996\" srcset=\"https:\/\/www.salvatorianas.org.br\/blog\/wp-content\/uploads\/2023\/09\/5-Axe-1024x1024.jpg 1024w, https:\/\/www.salvatorianas.org.br\/blog\/wp-content\/uploads\/2023\/09\/5-Axe-300x300.jpg 300w, https:\/\/www.salvatorianas.org.br\/blog\/wp-content\/uploads\/2023\/09\/5-Axe-150x150.jpg 150w, https:\/\/www.salvatorianas.org.br\/blog\/wp-content\/uploads\/2023\/09\/5-Axe-768x768.jpg 768w, https:\/\/www.salvatorianas.org.br\/blog\/wp-content\/uploads\/2023\/09\/5-Axe.jpg 1496w\" sizes=\"(max-width: 1024px) 100vw, 1024px\" \/><\/figure>\n\n\n\n<figure class=\"wp-block-image size-large\"><img decoding=\"async\" loading=\"lazy\" width=\"1024\" height=\"1024\" src=\"https:\/\/www.salvatorianas.org.br\/blog\/wp-content\/uploads\/2023\/09\/6-Axe2-1024x1024.jpg\" alt=\"\" class=\"wp-image-20997\" srcset=\"https:\/\/www.salvatorianas.org.br\/blog\/wp-content\/uploads\/2023\/09\/6-Axe2-1024x1024.jpg 1024w, https:\/\/www.salvatorianas.org.br\/blog\/wp-content\/uploads\/2023\/09\/6-Axe2-300x300.jpg 300w, https:\/\/www.salvatorianas.org.br\/blog\/wp-content\/uploads\/2023\/09\/6-Axe2-150x150.jpg 150w, https:\/\/www.salvatorianas.org.br\/blog\/wp-content\/uploads\/2023\/09\/6-Axe2-768x768.jpg 768w, https:\/\/www.salvatorianas.org.br\/blog\/wp-content\/uploads\/2023\/09\/6-Axe2.jpg 1496w\" sizes=\"(max-width: 1024px) 100vw, 1024px\" \/><\/figure>\n\n\n\n<figure class=\"wp-block-image size-full\"><img decoding=\"async\" loading=\"lazy\" width=\"1024\" height=\"768\" src=\"https:\/\/www.salvatorianas.org.br\/blog\/wp-content\/uploads\/2023\/09\/7-Hum-2.jpg\" alt=\"\" class=\"wp-image-20998\" srcset=\"https:\/\/www.salvatorianas.org.br\/blog\/wp-content\/uploads\/2023\/09\/7-Hum-2.jpg 1024w, https:\/\/www.salvatorianas.org.br\/blog\/wp-content\/uploads\/2023\/09\/7-Hum-2-300x225.jpg 300w, https:\/\/www.salvatorianas.org.br\/blog\/wp-content\/uploads\/2023\/09\/7-Hum-2-768x576.jpg 768w\" sizes=\"(max-width: 1024px) 100vw, 1024px\" \/><\/figure>\n\n\n\n<figure class=\"wp-block-image size-full\"><img decoding=\"async\" loading=\"lazy\" width=\"988\" height=\"768\" src=\"https:\/\/www.salvatorianas.org.br\/blog\/wp-content\/uploads\/2023\/09\/8Hum-3.jpg\" alt=\"\" class=\"wp-image-20999\" srcset=\"https:\/\/www.salvatorianas.org.br\/blog\/wp-content\/uploads\/2023\/09\/8Hum-3.jpg 988w, https:\/\/www.salvatorianas.org.br\/blog\/wp-content\/uploads\/2023\/09\/8Hum-3-300x233.jpg 300w, https:\/\/www.salvatorianas.org.br\/blog\/wp-content\/uploads\/2023\/09\/8Hum-3-768x597.jpg 768w\" sizes=\"(max-width: 988px) 100vw, 988px\" \/><\/figure>\n\n\n\n<figure class=\"wp-block-image size-full\"><img decoding=\"async\" loading=\"lazy\" width=\"1024\" height=\"768\" src=\"https:\/\/www.salvatorianas.org.br\/blog\/wp-content\/uploads\/2023\/09\/9-Hum.jpg\" alt=\"\" class=\"wp-image-21000\" srcset=\"https:\/\/www.salvatorianas.org.br\/blog\/wp-content\/uploads\/2023\/09\/9-Hum.jpg 1024w, https:\/\/www.salvatorianas.org.br\/blog\/wp-content\/uploads\/2023\/09\/9-Hum-300x225.jpg 300w, https:\/\/www.salvatorianas.org.br\/blog\/wp-content\/uploads\/2023\/09\/9-Hum-768x576.jpg 768w\" sizes=\"(max-width: 1024px) 100vw, 1024px\" \/><\/figure>\n","protected":false},"excerpt":{"rendered":"<p>As Irm\u00e3s Lilly Kurian, vice-Geral e Ren\u00e1ria Bezerra, Conselheira Geral continuam visitando as comunidades das Irm\u00e3s Salvatorianas da Prov\u00edncia Santa Catarina, acompanhadas da Ir. Lisete Buganti, Coordenadora Provincial. &nbsp;Esta visita \u00e9 um tempo&#8230;<\/p>\n","protected":false},"author":2,"featured_media":20992,"comment_status":"open","ping_status":"open","sticky":false,"template":"","format":"standard","meta":[],"categories":[1],"tags":[],"_links":{"self":[{"href":"https:\/\/www.salvatorianas.org.br\/blog\/wp-json\/wp\/v2\/posts\/20991"}],"collection":[{"href":"https:\/\/www.salvatorianas.org.br\/blog\/wp-json\/wp\/v2\/posts"}],"about":[{"href":"https:\/\/www.salvatorianas.org.br\/blog\/wp-json\/wp\/v2\/types\/post"}],"author":[{"embeddable":true,"href":"https:\/\/www.salvatorianas.org.br\/blog\/wp-json\/wp\/v2\/users\/2"}],"replies":[{"embeddable":true,"href":"https:\/\/www.salvatorianas.org.br\/blog\/wp-json\/wp\/v2\/comments?post=20991"}],"version-history":[{"count":2,"href":"https:\/\/www.salvatorianas.org.br\/blog\/wp-json\/wp\/v2\/posts\/20991\/revisions"}],"predecessor-version":[{"id":21067,"href":"https:\/\/www.salvatorianas.org.br\/blog\/wp-json\/wp\/v2\/posts\/20991\/revisions\/21067"}],"wp:featuredmedia":[{"embeddable":true,"href":"https:\/\/www.salvatorianas.org.br\/blog\/wp-json\/wp\/v2\/media\/20992"}],"wp:attachment":[{"href":"https:\/\/www.salvatorianas.org.br\/blog\/wp-json\/wp\/v2\/media?parent=20991"}],"wp:term":[{"taxonomy":"category","embeddable":true,"href":"https:\/\/www.salvatorianas.org.br\/blog\/wp-json\/wp\/v2\/categories?post=20991"},{"taxonomy":"post_tag","embeddable":true,"href":"https:\/\/www.salvatorianas.org.br\/blog\/wp-json\/wp\/v2\/tags?post=20991"}],"curies":[{"name":"wp","href":"https:\/\/api.w.org\/{rel}","templated":true}]}}